{"id":20328,"date":"2022-05-31T14:52:21","date_gmt":"2022-05-31T14:52:21","guid":{"rendered":"http:\/\/cordobanewsnet.wordpress.com\/?p=6932"},"modified":"2022-05-31T14:52:21","modified_gmt":"2022-05-31T14:52:21","slug":"milei-propuso-que-los-presos-paguen-su-estadia-en-prision","status":"publish","type":"post","link":"http:\/\/nuevacordoba.net\/index.php\/2022\/05\/31\/milei-propuso-que-los-presos-paguen-su-estadia-en-prision\/","title":{"rendered":"Milei propuso que los presos paguen su estad\u00eda en prisi\u00f3n"},"content":{"rendered":"<div><img src=\"http:\/\/nuevacordoba.net\/wp-content\/uploads\/2022\/05\/milei-propuso-que-los-presos-paguen-su-estadia-en-prision.png\" class=\"ff-og-image-inserted\"><\/div>\n<p>diputado&nbsp;Javier Milei&nbsp;se mostr\u00f3&nbsp;<strong>a favor de la existencia de \u201cc\u00e1rceles privadas\u201d<\/strong>&nbsp;donde los presos paguen por su estad\u00eda. Su propuesta se da d\u00edas despu\u00e9s que se&nbsp;mostrara a favor de la libre tenencia de armas tras la masacre&nbsp;en una escuela de Texas, Estados Unidos, en la que murieron 19 estudiantes y dos maestras.<\/p>\n<p>\u201cPod\u00e9s tener c\u00e1rceles privadas donde los&nbsp;<strong>presos paguen sus condenas con su estad\u00eda laburando\u201d<\/strong>, dijo durante una entrevista con&nbsp;<em>TN<\/em>&nbsp;el domingo. Y agreg\u00f3: \u201cA los presos, en lugar de premiarlos regal\u00e1ndoles plata, d\u00e1ndoles privilegios a pesar del desastre que hicieron en la sociedad, que lo paguen laburando\u201d, justific\u00f3 el diputado libertario.<\/p>\n<p>Al ser consultado en el programa \u201cVerdad Consecuencia\u201d del canal de noticias, el legislador de La Libertad Avanza declar\u00f3:&nbsp;<strong>\u201cEstoy a favor de la libre portaci\u00f3n de armas, definitivamente\u201d<\/strong>.<\/p>\n<p>Asimismo, pidi\u00f3&nbsp;<strong>\u201cterminar con la \u2018doctrina Zaffaroni\u2019<\/strong>&nbsp;de la correcci\u00f3n pol\u00edtica\u201d y expres\u00f3: \u201cUn delincuente tiene dos casas. Hay una que la familia est\u00e1 armada hasta los dientes, la otra no tiene armas, \u00bfa cu\u00e1l te crees que va a atacar?\u201d.<\/p>\n<p>Milei explic\u00f3 durante la entrevista con&nbsp;<em>TN<\/em>&nbsp;que&nbsp;\u201caquellos Estados que tienen libre portaci\u00f3n de armas tienen mucho menos delitos que en aquellos lugares donde los honestos est\u00e1n obligados a estar indefensos\u201d.<\/p>\n<p>El diputado nacional propuso que los ciudadanos&nbsp;<strong>puedan comprar armas en los supermercados<\/strong>&nbsp;para \u201cdefenderse de la delincuencia\u201d. \u00abCuando te viene a atacar un delincuente con armas, ah\u00ed el Estado no llega\u00bb, finaliz\u00f3 Milei.<\/p>\n<figure class=\"wp-block-embed is-type-rich is-provider-embed-handler wp-block-embed-embed-handler wp-embed-aspect-16-9 wp-has-aspect-ratio\">\n<div class=\"wp-block-embed__wrapper\">\n<p><span class=\"embed-youtube\"><iframe class=\"youtube-player\" width=\"736\" height=\"414\" src=\"https:\/\/www.youtube.com\/embed\/tRGj-4P3Tok?version=3&amp;rel=1&amp;showsearch=0&amp;showinfo=1&amp;iv_load_policy=1&amp;fs=1&amp;hl=es&amp;autohide=2&amp;wmode=transparent\" allowfullscreen=\"true\" sandbox=\"allow-scripts allow-same-origin allow-popups allow-presentation\">[embedded content]<\/iframe><\/span><\/p>\n<\/div>\n<\/figure>\n<div id=\"jp-post-flair\" class=\"sharedaddy sd-like-enabled sd-sharing-enabled\">\n<div class=\"sharedaddy sd-sharing-enabled\">\n<div class=\"robots-nocontent sd-block sd-social sd-social-icon-text sd-sharing\">\n<h3 class=\"sd-title\">Share this:<\/h3>\n<\/div>\n<\/div>\n<div class=\"sharedaddy sd-block sd-like jetpack-likes-widget-wrapper jetpack-likes-widget-unloaded\" id=\"like-post-wrapper-143108178-6932-62964fc20db1c\" data-src=\"\/\/widgets.wp.com\/likes\/index.html?ver=20220105#blog_id=143108178&amp;post_id=6932&amp;origin=cordobanewsnet.wordpress.com&amp;obj_id=143108178-6932-62964fc20db1c\" data-name=\"like-post-frame-143108178-6932-62964fc20db1c\" data-title=\"Me gusta o Compartir\">\n<h3 class=\"sd-title\">Me gusta esto:<\/h3>\n<p><span class=\"button\"><span>Me gusta<\/span><\/span> <span class=\"loading\">Cargando&#8230;<\/span><\/p>\n<p><span class=\"sd-text-color\"><\/span><\/div>\n<p><h3 class=\"jp-relatedposts-headline\"><em>Relacionado<\/em><\/h3>\n<\/p>\n<\/div>\n","protected":false},"excerpt":{"rendered":"<p>diputado&nbsp;Javier Milei&nbsp;se mostr\u00f3&nbsp;a favor de la existencia de \u201cc\u00e1rceles privadas\u201d&nbsp;donde los presos paguen por su estad\u00eda. Su propuesta se da d\u00edas despu\u00e9s que se&nbsp;mostrara a favor de la libre tenencia de armas tras la masacre&nbsp;en una escuela de Texas, Estados Unidos, en la que murieron 19 estudiantes y dos maestras. \u201cPod\u00e9s tener c\u00e1rceles privadas donde [&hellip;]<\/p>\n","protected":false},"author":1,"featured_media":20329,"comment_status":"closed","ping_status":"closed","sticky":false,"template":"","format":"standard","meta":[],"categories":[14],"tags":[],"_links":{"self":[{"href":"http:\/\/nuevacordoba.net\/index.php\/wp-json\/wp\/v2\/posts\/20328"}],"collection":[{"href":"http:\/\/nuevacordoba.net\/index.php\/wp-json\/wp\/v2\/posts"}],"about":[{"href":"http:\/\/nuevacordoba.net\/index.php\/wp-json\/wp\/v2\/types\/post"}],"author":[{"embeddable":true,"href":"http:\/\/nuevacordoba.net\/index.php\/wp-json\/wp\/v2\/users\/1"}],"replies":[{"embeddable":true,"href":"http:\/\/nuevacordoba.net\/index.php\/wp-json\/wp\/v2\/comments?post=20328"}],"version-history":[{"count":0,"href":"http:\/\/nuevacordoba.net\/index.php\/wp-json\/wp\/v2\/posts\/20328\/revisions"}],"wp:featuredmedia":[{"embeddable":true,"href":"http:\/\/nuevacordoba.net\/index.php\/wp-json\/wp\/v2\/media\/20329"}],"wp:attachment":[{"href":"http:\/\/nuevacordoba.net\/index.php\/wp-json\/wp\/v2\/media?parent=20328"}],"wp:term":[{"taxonomy":"category","embeddable":true,"href":"http:\/\/nuevacordoba.net\/index.php\/wp-json\/wp\/v2\/categories?post=20328"},{"taxonomy":"post_tag","embeddable":true,"href":"http:\/\/nuevacordoba.net\/index.php\/wp-json\/wp\/v2\/tags?post=20328"}],"curies":[{"name":"wp","href":"https:\/\/api.w.org\/{rel}","templated":true}]}}