{"id":20330,"date":"2022-05-31T18:56:07","date_gmt":"2022-05-31T18:56:07","guid":{"rendered":"http:\/\/estaciontrip.com.ar\/?p=6871"},"modified":"2022-05-31T18:56:07","modified_gmt":"2022-05-31T18:56:07","slug":"gustavo-santos-es-el-nuevo-director-regional-para-las-americas-de-la-omt","status":"publish","type":"post","link":"http:\/\/nuevacordoba.net\/index.php\/2022\/05\/31\/gustavo-santos-es-el-nuevo-director-regional-para-las-americas-de-la-omt\/","title":{"rendered":"Gustavo Santos es el nuevo Director Regional para las Am\u00e9ricas de la OMT"},"content":{"rendered":"<div><img src=\"http:\/\/nuevacordoba.net\/wp-content\/uploads\/2022\/05\/gustavo-santos-es-el-nuevo-director-regional-para-las-americas-de-la-omt.jpg\" class=\"ff-og-image-inserted\"><\/div>\n<p><em>La Organizaci\u00f3n Mundial del Turismo design\u00f3 al ex ministro de Turismo de Argentina en un puesto clave para la recuperaci\u00f3n del turismo en la pospandemia. Es la primera vez que un argentino ocupa ese cargo.<\/em><\/p>\n<p>La Organizaci\u00f3n Mundial del Turismo nombr\u00f3 a Gustavo Santos -actual diputado nacional por C\u00f3rdoba y ex Ministro de Turismo de la Argentina- como <strong>Director Regional para las Am\u00e9ricas.<\/strong><\/p>\n<p>Se trata de la primera vez que un argentino ocupa ese puesto en la m\u00e1xima entidad del turismo conformada por 158 pa\u00edses del mundo, dependiente de la Organizaci\u00f3n de las Naciones Unidas.<\/p>\n<p>El nombramiento fue comunicado en la cuenta oficial de Twitter de la OMT: \u201cDurante la 67 Comisi\u00f3n para las Am\u00e9ricas dimos la bienvenida a<a href=\"https:\/\/twitter.com\/GustavoSantosOk\"> @gustavosantosok<\/a> como nuevo Director Regional para las Am\u00e9ricas. Los delegados apoyaron el nombramiento, y confiamos en que juntos impulsaremos el turismo y el crecimiento en la regi\u00f3n\u201d, anunciaron junto a una foto de Gustavo Santos estrechando la mano del secretario general, Zurab Pololikashvili .<\/p>\n<figure class=\"wp-block-embed is-type-rich is-provider-twitter wp-block-embed-twitter\">\n<div class=\"wp-block-embed__wrapper\">\n<div class=\"fitvids-video\">\n<blockquote class=\"twitter-tweet\" data-width=\"550\" data-dnt=\"true\">\n<p lang=\"es\" dir=\"ltr\">Durante la 67 Comisi\u00f3n para las Am\u00e9ricas dimos la bienvenida a <a href=\"https:\/\/twitter.com\/GustavoSantosOk?ref_src=twsrc%5Etfw\">@gustavosantosok<\/a> como nuevo Director Regional para las Am\u00e9ricas.<\/p>\n<p>Los delegados apoyaron el nombramiento, y confiamos en que juntos impulsaremos el turismo y el crecimiento en la regi\u00f3n. <a href=\"https:\/\/t.co\/anNHO539rm\">pic.twitter.com\/anNHO539rm<\/a><\/p>\n<p>\u2014 World Tourism Organization (@UNWTO) <a href=\"https:\/\/twitter.com\/UNWTO\/status\/1527657439708979201?ref_src=twsrc%5Etfw\">May 20, 2022<\/a><\/p><\/blockquote>\n<\/div>\n<\/div>\n<\/figure>\n<p>Por su parte, Santos hizo saber que su misi\u00f3n inicial estar\u00e1 enfocada en la reactivaci\u00f3n del turismo en toda Am\u00e9rica tras la pandemia. Por supuesto, el impulso mayor estar\u00e1 puesto en Latinoam\u00e9rica, con todo su bagage de experiencia adquirida durante sus sucesivas gestiones como ministro de Turismo de Argentina durante 4 a\u00f1os; y de la provincia de C\u00f3rdoba, por otros 8 a\u00f1os.<\/p>\n<p>Como diagn\u00f3stico en el punto de partida, el diputado cordob\u00e9s se\u00f1al\u00f3 que \u201cel movimiento tur\u00edstico est\u00e1 un 70 por ciento por debajo del 2019, pero en franca recuperaci\u00f3n\u201d. Y agreg\u00f3 como dato que desde la pandemia se perdieron m\u00e1s de 100 millones de empleos en el mundo por lo que \u201cvamos a trabajar duro para crear tres millones de nuevos puestos\u201d.<\/p>\n<p>Durante su gesti\u00f3n a nivel nacional, destac\u00f3 la llegada de las aerol\u00edneas lowcost a la Argentina y la implementaci\u00f3n de los hub a\u00e9reos, descentralizando las rutas y facilitando las conexiones entre sur y norte de la Argentina, sin pasar por Buenos Aires. Asimismo, la actividad aerocomercial de cabotaje e internacional, creci\u00f3 exponencialmente.<\/p>\n<p>Gustavo Santos ya hab\u00eda desempe\u00f1ado el cargo de presidente del Consejo Ejecutivo de la OMT. En plena pandemia de coronavirus public\u00f3 el libro \u201cEl Despu\u00e9s: Turismo y Humanidad\u201d, escrito en autor\u00eda con <strong>Michel Durrieu<\/strong>, asesor Especial de la OMT sobre Turismo Sostenible y Desarrollo Territorial. Justamente, en el libro se aborda la tem\u00e1tica de pensar el futuro de la actividad tur\u00edstica a partir del impacto de la pandemia a nivel mundial.<\/p>\n","protected":false},"excerpt":{"rendered":"<p>La Organizaci\u00f3n Mundial del Turismo design\u00f3 al ex ministro de Turismo de Argentina en un puesto clave para la recuperaci\u00f3n del turismo en la pospandemia. Es la primera vez que un argentino ocupa ese cargo. La Organizaci\u00f3n Mundial del Turismo nombr\u00f3 a Gustavo Santos -actual diputado nacional por C\u00f3rdoba y ex Ministro de Turismo de [&hellip;]<\/p>\n","protected":false},"author":1,"featured_media":20331,"comment_status":"closed","ping_status":"closed","sticky":false,"template":"","format":"standard","meta":[],"categories":[11],"tags":[],"_links":{"self":[{"href":"http:\/\/nuevacordoba.net\/index.php\/wp-json\/wp\/v2\/posts\/20330"}],"collection":[{"href":"http:\/\/nuevacordoba.net\/index.php\/wp-json\/wp\/v2\/posts"}],"about":[{"href":"http:\/\/nuevacordoba.net\/index.php\/wp-json\/wp\/v2\/types\/post"}],"author":[{"embeddable":true,"href":"http:\/\/nuevacordoba.net\/index.php\/wp-json\/wp\/v2\/users\/1"}],"replies":[{"embeddable":true,"href":"http:\/\/nuevacordoba.net\/index.php\/wp-json\/wp\/v2\/comments?post=20330"}],"version-history":[{"count":0,"href":"http:\/\/nuevacordoba.net\/index.php\/wp-json\/wp\/v2\/posts\/20330\/revisions"}],"wp:featuredmedia":[{"embeddable":true,"href":"http:\/\/nuevacordoba.net\/index.php\/wp-json\/wp\/v2\/media\/20331"}],"wp:attachment":[{"href":"http:\/\/nuevacordoba.net\/index.php\/wp-json\/wp\/v2\/media?parent=20330"}],"wp:term":[{"taxonomy":"category","embeddable":true,"href":"http:\/\/nuevacordoba.net\/index.php\/wp-json\/wp\/v2\/categories?post=20330"},{"taxonomy":"post_tag","embeddable":true,"href":"http:\/\/nuevacordoba.net\/index.php\/wp-json\/wp\/v2\/tags?post=20330"}],"curies":[{"name":"wp","href":"https:\/\/api.w.org\/{rel}","templated":true}]}}