{"id":20334,"date":"2022-06-01T03:04:00","date_gmt":"2022-06-01T03:04:00","guid":{"rendered":"https:\/\/puntoapunto.com.ar\/?p=333975"},"modified":"2022-06-01T03:04:00","modified_gmt":"2022-06-01T03:04:00","slug":"lee-la-edicion-semanal-un-programa-made-in-cordoba","status":"publish","type":"post","link":"http:\/\/nuevacordoba.net\/index.php\/2022\/06\/01\/lee-la-edicion-semanal-un-programa-made-in-cordoba\/","title":{"rendered":"Le\u00e9 la edici\u00f3n semanal: Un programa made in C\u00f3rdoba"},"content":{"rendered":"<p>Buena parte del c\u00edrculo rojo local trabaja enfocado en propuestas y l\u00edneas de acci\u00f3n para un <strong>programa econ\u00f3mico en 2023<\/strong>. Desde d\u00f3nde se&nbsp;empujan&nbsp;las reformas. Y c\u00f3mo atravesar el<strong> camino a las urnas, signado por m\u00e1s inflaci\u00f3n, distors<\/strong><strong>i\u00f3n y parches.<\/strong><\/p>\n<div class=\"g g-34\">\n<div class=\"g-single a-29\"><a class=\"gofollow\" data-track=\"MjksMzQsMSw2MA==\" href=\"https:\/\/www.harmoniechateau.com.ar\/\" target=\"_blank\" rel=\"noopener\"><img src=\"http:\/\/nuevacordoba.net\/wp-content\/uploads\/2022\/06\/lee-la-edicion-semanal-un-programa-made-in-cordoba.gif\"><\/a><\/div>\n<\/div>\n<p>Hay fecha para la inauguraci\u00f3n de <strong>la planta de Arcor en Angola<\/strong>: cu\u00e1ndo es y cu\u00e1nto invirtieron en la nueva f\u00e1brica.<\/p>\n<p><strong>El Negro \u00c1lvarez se asoma a la plataforma de Milei en C\u00f3rdoba.<\/strong> Qu\u00e9 rol ocupar\u00eda el humorista dentro del tablero del \u00abLe\u00f3n\u00bb.<\/p>\n<p><strong>Pablo Balian<\/strong>, presidente de la CEDUC, analiza el sector, las principales dificultades de los desarrollistas y ,la relaci\u00f3n con Noci\u00f3n. <strong>\u00bfQu\u00e9 pasa con los cr\u00e9ditos UVA?<\/strong><\/p>\n<p><strong>Pablo De Chiara pas\u00f3 por el programa Con el Diario del Lunes<\/strong>: ponder\u00f3 el lanzamiento del Cl\u00faster de Biotecnolog\u00eda y habl\u00f3 del rol que puede llegar a tener el Ceprocor para el sector privado.<\/p>\n<p><a href=\"https:\/\/indd.adobe.com\/view\/2e5b7a96-deaf-4f0c-bad1-ac6f7ab03894\" target=\"_blank\" rel=\"noopener\"><img loading=\"lazy\" class=\"alignleft wp-image-333728 size-medium\" src=\"http:\/\/nuevacordoba.net\/wp-content\/uploads\/2022\/06\/lee-la-edicion-semanal-un-programa-made-in-cordoba.jpg\" alt width=\"300\" height=\"50\" srcset=\"http:\/\/nuevacordoba.net\/wp-content\/uploads\/2022\/06\/lee-la-edicion-semanal-un-programa-made-in-cordoba.jpg 300w, http:\/\/nuevacordoba.net\/wp-content\/uploads\/2022\/06\/lee-la-edicion-semanal-un-programa-made-in-cordoba-2.jpg 768w, http:\/\/nuevacordoba.net\/wp-content\/uploads\/2022\/06\/lee-la-edicion-semanal-un-programa-made-in-cordoba-3.jpg 750w, http:\/\/nuevacordoba.net\/wp-content\/uploads\/2022\/06\/lee-la-edicion-semanal-un-programa-made-in-cordoba-4.jpg 900w\" sizes=\"(max-width: 300px) 100vw, 300px\"><\/a><\/p>\n<p><a href=\"https:\/\/indd.adobe.com\/view\/5f5c8295-f4d6-436c-b655-101455628180\" target=\"_blank\" rel=\"noopener\"><img loading=\"lazy\" class=\"alignleft wp-image-333727 size-medium\" src=\"http:\/\/nuevacordoba.net\/wp-content\/uploads\/2022\/06\/lee-la-edicion-semanal-un-programa-made-in-cordoba-1.jpg\" alt width=\"300\" height=\"50\" srcset=\"http:\/\/nuevacordoba.net\/wp-content\/uploads\/2022\/06\/lee-la-edicion-semanal-un-programa-made-in-cordoba-1.jpg 300w, http:\/\/nuevacordoba.net\/wp-content\/uploads\/2022\/06\/lee-la-edicion-semanal-un-programa-made-in-cordoba-5.jpg 768w, http:\/\/nuevacordoba.net\/wp-content\/uploads\/2022\/06\/lee-la-edicion-semanal-un-programa-made-in-cordoba-6.jpg 750w, http:\/\/nuevacordoba.net\/wp-content\/uploads\/2022\/06\/lee-la-edicion-semanal-un-programa-made-in-cordoba-7.jpg 900w\" sizes=\"(max-width: 300px) 100vw, 300px\"><\/a><\/p>\n","protected":false},"excerpt":{"rendered":"<p>Buena parte del c\u00edrculo rojo local trabaja enfocado en propuestas y l\u00edneas de acci\u00f3n para un programa econ\u00f3mico en 2023. Desde d\u00f3nde se&nbsp;empujan&nbsp;las reformas. Y c\u00f3mo atravesar el camino a las urnas, signado por m\u00e1s inflaci\u00f3n, distorsi\u00f3n y parches. Hay fecha para la inauguraci\u00f3n de la planta de Arcor en Angola: cu\u00e1ndo es y cu\u00e1nto [&hellip;]<\/p>\n","protected":false},"author":1,"featured_media":20335,"comment_status":"open","ping_status":"closed","sticky":false,"template":"","format":"standard","meta":[],"categories":[12,14],"tags":[],"_links":{"self":[{"href":"http:\/\/nuevacordoba.net\/index.php\/wp-json\/wp\/v2\/posts\/20334"}],"collection":[{"href":"http:\/\/nuevacordoba.net\/index.php\/wp-json\/wp\/v2\/posts"}],"about":[{"href":"http:\/\/nuevacordoba.net\/index.php\/wp-json\/wp\/v2\/types\/post"}],"author":[{"embeddable":true,"href":"http:\/\/nuevacordoba.net\/index.php\/wp-json\/wp\/v2\/users\/1"}],"replies":[{"embeddable":true,"href":"http:\/\/nuevacordoba.net\/index.php\/wp-json\/wp\/v2\/comments?post=20334"}],"version-history":[{"count":0,"href":"http:\/\/nuevacordoba.net\/index.php\/wp-json\/wp\/v2\/posts\/20334\/revisions"}],"wp:featuredmedia":[{"embeddable":true,"href":"http:\/\/nuevacordoba.net\/index.php\/wp-json\/wp\/v2\/media\/20335"}],"wp:attachment":[{"href":"http:\/\/nuevacordoba.net\/index.php\/wp-json\/wp\/v2\/media?parent=20334"}],"wp:term":[{"taxonomy":"category","embeddable":true,"href":"http:\/\/nuevacordoba.net\/index.php\/wp-json\/wp\/v2\/categories?post=20334"},{"taxonomy":"post_tag","embeddable":true,"href":"http:\/\/nuevacordoba.net\/index.php\/wp-json\/wp\/v2\/tags?post=20334"}],"curies":[{"name":"wp","href":"https:\/\/api.w.org\/{rel}","templated":true}]}}