{"id":20336,"date":"2022-06-01T05:15:23","date_gmt":"2022-06-01T05:15:23","guid":{"rendered":"https:\/\/www.bbc.com\/mundo\/noticias-61571916"},"modified":"2022-06-01T05:15:23","modified_gmt":"2022-06-01T05:15:23","slug":"que-es-una-recesion-cuando-fue-la-ultima-y-por-que-su-sombra-hace-temer-nuevamente-a-los-mercados-alrededor-del-mundo","status":"publish","type":"post","link":"http:\/\/nuevacordoba.net\/index.php\/2022\/06\/01\/que-es-una-recesion-cuando-fue-la-ultima-y-por-que-su-sombra-hace-temer-nuevamente-a-los-mercados-alrededor-del-mundo\/","title":{"rendered":"Qu\u00e9 es una recesi\u00f3n, cu\u00e1ndo fue la \u00faltima y por qu\u00e9 su sombra hace temer nuevamente a los mercados alrededor del mundo"},"content":{"rendered":"<div dir=\"ltr\" class=\"e1j2237y6 bbc-q4ibpr e57qer20\">\n<div class=\"bbc-1atl7vu e1c9i7u14\">\n<ul role=\"list\" class=\"bbc-k0l9bd e1c9i7u12\">\n<li role=\"listitem\" class=\"bbc-1a3w4ok e1c9i7u11\">Redacci\u00f3n <\/li>\n<li role=\"listitem\" class=\"bbc-1p92jtu e1c9i7u10\">BBC News Mundo<\/li>\n<\/ul>\n<\/div>\n<\/div>\n<p><time datetime=\"2022-05-31\" class=\"bbc-14xtggo e4zesg50\">31 mayo 2022<\/time><\/p>\n<div dir=\"ltr\" class=\"bbc-1ka88fa e57qer20\">\n<figure class=\"bbc-1qdcvv9 e6bmn90\">\n<div dir=\"ltr\" class=\"bbc-172p16q e57qer20\">\n<div dir=\"ltr\" class=\"bbc-189y18v e57qer20\" readability=\"6.5\">\n<div data-e2e=\"image-placeholder\" class=\"bbc-997y1y e1whu0\" readability=\"8\"><picture class=\"bbc-yfiktt e1enwo3v1\"><source srcset=\"https:\/\/ichef.bbci.co.uk\/news\/240\/cpsprodpb\/2E81\/production\/_124950911_gettyimages-1240896957.jpg.webp 240w, https:\/\/ichef.bbci.co.uk\/news\/320\/cpsprodpb\/2E81\/production\/_124950911_gettyimages-1240896957.jpg.webp 320w, https:\/\/ichef.bbci.co.uk\/news\/480\/cpsprodpb\/2E81\/production\/_124950911_gettyimages-1240896957.jpg.webp 480w, https:\/\/ichef.bbci.co.uk\/news\/624\/cpsprodpb\/2E81\/production\/_124950911_gettyimages-1240896957.jpg.webp 624w, https:\/\/ichef.bbci.co.uk\/news\/800\/cpsprodpb\/2E81\/production\/_124950911_gettyimages-1240896957.jpg.webp 800w\" type=\"image\/webp\" sizes=\"(min-width: 1008px) 645px, 100vw\"><source srcset=\"https:\/\/ichef.bbci.co.uk\/news\/240\/cpsprodpb\/2E81\/production\/_124950911_gettyimages-1240896957.jpg 240w, https:\/\/ichef.bbci.co.uk\/news\/320\/cpsprodpb\/2E81\/production\/_124950911_gettyimages-1240896957.jpg 320w, https:\/\/ichef.bbci.co.uk\/news\/480\/cpsprodpb\/2E81\/production\/_124950911_gettyimages-1240896957.jpg 480w, https:\/\/ichef.bbci.co.uk\/news\/624\/cpsprodpb\/2E81\/production\/_124950911_gettyimages-1240896957.jpg 624w, https:\/\/ichef.bbci.co.uk\/news\/800\/cpsprodpb\/2E81\/production\/_124950911_gettyimages-1240896957.jpg 800w\" type=\"image\/jpeg\" sizes=\"(min-width: 1008px) 645px, 100vw\"><img loading=\"lazy\" src=\"http:\/\/nuevacordoba.net\/wp-content\/uploads\/2022\/06\/que-es-una-recesion-cuando-fue-la-ultima-y-por-que-su-sombra-hace-temer-nuevamente-a-los-mercados-alrededor-del-mundo.jpg\" alt=\"Ciclista frente a negocios cerrados.\" width=\"976\" height=\"549\" class=\"eehpdyc0 bbc-rb7xa0 e1enwo3v0\"><\/picture>\n<p role=\"text\" class=\"bbc-1s1cxbv etq3yw90\"><span class=\"bbc-1gnhmg2 e1yt7oin0\">Fuente de la imagen, <\/span><span lang=\"en-GB\">Getty Images<\/span><\/p>\n<\/div>\n<\/div>\n<\/div>\n<\/figure>\n<\/div>\n<div dir=\"ltr\" class=\"bbc-19j92fr e57qer20\" readability=\"7\">\n<p dir=\"ltr\" class=\"bbc-bm53ic e1cc2ql70\"><b>En los pasillos de Davos el tema \u00abhot\u00bb del momento es si viene o no viene una recesi\u00f3n global.<\/b><\/p>\n<\/div>\n<div dir=\"ltr\" class=\"bbc-19j92fr e57qer20\" readability=\"11\">\n<p dir=\"ltr\" class=\"bbc-bm53ic e1cc2ql70\">As\u00ed se lo han confirmado a Faisal Islam, editor econ\u00f3mico de BBC, que ha estado cubriendo el Foro Econ\u00f3mico Mundial que se lleva a cabo una vez al a\u00f1o en Davos, Suiza.<\/p>\n<\/div>\n<div dir=\"ltr\" class=\"bbc-19j92fr e57qer20\" readability=\"9\">\n<p dir=\"ltr\" class=\"bbc-bm53ic e1cc2ql70\">Las advertencias entre los que manejan los mayores fondos de inversi\u00f3n del mundo han venido sum\u00e1ndose una a una en las \u00faltimas semanas, aunque con matices. <\/p>\n<\/div>\n<div dir=\"ltr\" class=\"bbc-19j92fr e57qer20\" readability=\"11\">\n<p dir=\"ltr\" class=\"bbc-bm53ic e1cc2ql70\">Unos m\u00e1s pesimistas que otros, los responsables de administrar miles de millones de d\u00f3lares y los pol\u00edticos han estado analizando p\u00fablicamente el tema, confirmando el hecho de que en las altas esferas de poder es una preocupaci\u00f3n relevante.<\/p>\n<\/div>\n<div dir=\"ltr\" class=\"bbc-19j92fr e57qer20\" readability=\"13\">\n<p dir=\"ltr\" class=\"bbc-bm53ic e1cc2ql70\">El jefe del Banco Mundial, David Malpass, advirti\u00f3 hace unos d\u00edas en un evento empresarial que es dif\u00edcil ver <b>\u00abc\u00f3mo evitamos una recesi\u00f3n\u00bb<\/b>, a medida que aumenta el precio de la energ\u00eda, los alimentos y los fertilizantes.<\/p>\n<\/div>\n<div dir=\"ltr\" class=\"bbc-19j92fr e57qer20\" readability=\"9\">\n<p dir=\"ltr\" class=\"bbc-bm53ic e1cc2ql70\">\u00abLa idea de que los precios de la energ\u00eda se dupliquen es suficiente para desencadenar una recesi\u00f3n por s\u00ed sola\u00bb, coment\u00f3.<\/p>\n<\/div>\n<p><h2 id=\"Potencial-confluencia-de-calamidades\" tabindex=\"-1\" class=\"bbc-l3e97o e14hemmw0\">\u00abPotencial confluencia de calamidades\u00bb<\/h2>\n<\/p>\n<div dir=\"ltr\" class=\"bbc-19j92fr e57qer20\" readability=\"12\">\n<p dir=\"ltr\" class=\"bbc-bm53ic e1cc2ql70\">Con un tono m\u00e1s recatado, pero tambi\u00e9n preocupante, la directora del Fondo Monetario Internacional (FMI), Kristalina Georgieva, sostuvo que \u00abel horizonte se ha oscurecido\u00bb.<\/p>\n<\/div>\n<div dir=\"ltr\" class=\"bbc-1ka88fa e57qer20\">\n<figure class=\"bbc-1qdcvv9 e6bmn90\">\n<div dir=\"ltr\" class=\"bbc-172p16q e57qer20\">\n<div dir=\"ltr\" class=\"bbc-189y18v e57qer20\" readability=\"6.5\">\n<div data-e2e=\"image-placeholder\" class=\"bbc-997y1y e1whu0\" readability=\"8\"><noscript><picture class=\"bbc-yfiktt e1enwo3v1\"><source srcset=\"http:\/\/nuevacordoba.net\/wp-content\/uploads\/2022\/06\/que-es-una-recesion-cuando-fue-la-ultima-y-por-que-su-sombra-hace-temer-nuevamente-a-los-mercados-alrededor-del-mundo.webp 240w, http:\/\/nuevacordoba.net\/wp-content\/uploads\/2022\/06\/que-es-una-recesion-cuando-fue-la-ultima-y-por-que-su-sombra-hace-temer-nuevamente-a-los-mercados-alrededor-del-mundo-1.webp 320w, http:\/\/nuevacordoba.net\/wp-content\/uploads\/2022\/06\/que-es-una-recesion-cuando-fue-la-ultima-y-por-que-su-sombra-hace-temer-nuevamente-a-los-mercados-alrededor-del-mundo-2.webp 480w, http:\/\/nuevacordoba.net\/wp-content\/uploads\/2022\/06\/que-es-una-recesion-cuando-fue-la-ultima-y-por-que-su-sombra-hace-temer-nuevamente-a-los-mercados-alrededor-del-mundo-3.webp 624w, http:\/\/nuevacordoba.net\/wp-content\/uploads\/2022\/06\/que-es-una-recesion-cuando-fue-la-ultima-y-por-que-su-sombra-hace-temer-nuevamente-a-los-mercados-alrededor-del-mundo-4.webp 800w\" type=\"image\/webp\" sizes=\"(min-width: 1008px) 645px, 100vw\"><source srcset=\"https:\/\/ichef.bbci.co.uk\/news\/240\/cpsprodpb\/CAC1\/production\/_124950915_gettyimages-1163401279.jpg 240w, https:\/\/ichef.bbci.co.uk\/news\/320\/cpsprodpb\/CAC1\/production\/_124950915_gettyimages-1163401279.jpg 320w, https:\/\/ichef.bbci.co.uk\/news\/480\/cpsprodpb\/CAC1\/production\/_124950915_gettyimages-1163401279.jpg 480w, https:\/\/ichef.bbci.co.uk\/news\/624\/cpsprodpb\/CAC1\/production\/_124950915_gettyimages-1163401279.jpg 624w, https:\/\/ichef.bbci.co.uk\/news\/800\/cpsprodpb\/CAC1\/production\/_124950915_gettyimages-1163401279.jpg 800w\" type=\"image\/jpeg\" sizes=\"(min-width: 1008px) 645px, 100vw\"><img loading=\"lazy\" src=\"http:\/\/nuevacordoba.net\/wp-content\/uploads\/2022\/06\/que-es-una-recesion-cuando-fue-la-ultima-y-por-que-su-sombra-hace-temer-nuevamente-a-los-mercados-alrededor-del-mundo-1.jpg\" alt=\"Operador de bolsa en Wall Street.\" width=\"976\" height=\"549\" class=\"eehpdyc0 bbc-rb7xa0 e1enwo3v0\"><\/picture><\/noscript><\/p>\n<p role=\"text\" class=\"bbc-1s1cxbv etq3yw90\"><span class=\"bbc-1gnhmg2 e1yt7oin0\">Fuente de la imagen, <\/span><span lang=\"en-GB\">Getty Images<\/span><\/p>\n<\/div>\n<\/div>\n<\/div>\n<\/figure>\n<\/div>\n<div dir=\"ltr\" class=\"bbc-19j92fr e57qer20\" readability=\"13\">\n<p dir=\"ltr\" class=\"bbc-bm53ic e1cc2ql70\">A las huellas que dej\u00f3 la pandemia de covid-19, las turbulencias de los mercados financieros y la persistente amenaza del cambio clim\u00e1tico, se suma la guerra en Ucrania y la actual crisis alimentaria, configurando una \u00abpotencial confluencia de calamidades\u00bb, agreg\u00f3 Georgieva.<\/p>\n<\/div>\n<div dir=\"ltr\" class=\"bbc-19j92fr e57qer20\" readability=\"10\">\n<p dir=\"ltr\" class=\"bbc-bm53ic e1cc2ql70\">Aclarando el significado de sus palabras, dijo que si bien no espera una recesi\u00f3n para las principales econom\u00edas del mundo, tampoco puede descartarla.<\/p>\n<\/div>\n<div dir=\"ltr\" class=\"bbc-19j92fr e57qer20\" readability=\"11\">\n<p dir=\"ltr\" class=\"bbc-bm53ic e1cc2ql70\">\u00abNo, no en este momento, (pero) no significa que est\u00e9 fuera de discusi\u00f3n\u00bb, explic\u00f3 en la sesi\u00f3n inaugural de Davos.<\/p>\n<\/div>\n<div dir=\"ltr\" class=\"bbc-19j92fr e57qer20\" readability=\"11\">\n<p dir=\"ltr\" class=\"bbc-bm53ic e1cc2ql70\">En paralelo, el presidente de Estados Unidos, Joe Biden, dijo que una recesi\u00f3n en Estados Unidos <b>\u00abno es inevitable\u00bb.<\/b><\/p>\n<\/div>\n<div dir=\"ltr\" class=\"bbc-1ka88fa e57qer20\">\n<figure class=\"bbc-1qdcvv9 e6bmn90\">\n<div dir=\"ltr\" class=\"bbc-172p16q e57qer20\">\n<div dir=\"ltr\" class=\"bbc-189y18v e57qer20\" readability=\"6.5\">\n<div data-e2e=\"image-placeholder\" class=\"bbc-997y1y e1whu0\" readability=\"8\"><noscript><picture class=\"bbc-yfiktt e1enwo3v1\"><source srcset=\"http:\/\/nuevacordoba.net\/wp-content\/uploads\/2022\/06\/que-es-una-recesion-cuando-fue-la-ultima-y-por-que-su-sombra-hace-temer-nuevamente-a-los-mercados-alrededor-del-mundo-5.webp 240w, http:\/\/nuevacordoba.net\/wp-content\/uploads\/2022\/06\/que-es-una-recesion-cuando-fue-la-ultima-y-por-que-su-sombra-hace-temer-nuevamente-a-los-mercados-alrededor-del-mundo-6.webp 320w, http:\/\/nuevacordoba.net\/wp-content\/uploads\/2022\/06\/que-es-una-recesion-cuando-fue-la-ultima-y-por-que-su-sombra-hace-temer-nuevamente-a-los-mercados-alrededor-del-mundo-7.webp 480w, http:\/\/nuevacordoba.net\/wp-content\/uploads\/2022\/06\/que-es-una-recesion-cuando-fue-la-ultima-y-por-que-su-sombra-hace-temer-nuevamente-a-los-mercados-alrededor-del-mundo-8.webp 624w, http:\/\/nuevacordoba.net\/wp-content\/uploads\/2022\/06\/que-es-una-recesion-cuando-fue-la-ultima-y-por-que-su-sombra-hace-temer-nuevamente-a-los-mercados-alrededor-del-mundo-9.webp 800w\" type=\"image\/webp\" sizes=\"(min-width: 1008px) 645px, 100vw\"><source srcset=\"https:\/\/ichef.bbci.co.uk\/news\/240\/cpsprodpb\/16319\/production\/_124950909_gettyimages-1239761171.jpg 240w, https:\/\/ichef.bbci.co.uk\/news\/320\/cpsprodpb\/16319\/production\/_124950909_gettyimages-1239761171.jpg 320w, https:\/\/ichef.bbci.co.uk\/news\/480\/cpsprodpb\/16319\/production\/_124950909_gettyimages-1239761171.jpg 480w, https:\/\/ichef.bbci.co.uk\/news\/624\/cpsprodpb\/16319\/production\/_124950909_gettyimages-1239761171.jpg 624w, https:\/\/ichef.bbci.co.uk\/news\/800\/cpsprodpb\/16319\/production\/_124950909_gettyimages-1239761171.jpg 800w\" type=\"image\/jpeg\" sizes=\"(min-width: 1008px) 645px, 100vw\"><img loading=\"lazy\" src=\"http:\/\/nuevacordoba.net\/wp-content\/uploads\/2022\/06\/que-es-una-recesion-cuando-fue-la-ultima-y-por-que-su-sombra-hace-temer-nuevamente-a-los-mercados-alrededor-del-mundo-2.jpg\" alt=\"Ni\u00f1os en Gaza\" width=\"976\" height=\"549\" class=\"eehpdyc0 bbc-rb7xa0 e1enwo3v0\"><\/picture><\/noscript><\/p>\n<p role=\"text\" class=\"bbc-1s1cxbv etq3yw90\"><span class=\"bbc-1gnhmg2 e1yt7oin0\">Fuente de la imagen, <\/span><span lang=\"en-GB\">Getty Images<\/span><\/p>\n<\/div>\n<\/div>\n<div dir=\"ltr\" class=\"bbc-3edg7g e57qer20\" readability=\"6.5\"><figcaption dir=\"ltr\" class=\"bbc-rhuvwm eede9f50\" readability=\"3\"><span class=\"bbc-1gnhmg2 e1yt7oin0\">Pie de foto, <\/span><\/p>\n<p>La guerra en Ucrania ha provocado un aumento en los precios de los alimentos mucho m\u00e1s all\u00e1 del Mar Negro.<\/p>\n<\/figcaption><\/div>\n<\/div>\n<\/figure>\n<\/div>\n<div dir=\"ltr\" class=\"bbc-19j92fr e57qer20\" readability=\"10\">\n<p dir=\"ltr\" class=\"bbc-bm53ic e1cc2ql70\">El hecho de que se hable de c\u00f3mo evitar la contracci\u00f3n econ\u00f3mica, pese a que busca poner una inyecci\u00f3n de optimismo, de todos modos implica que existe una amenaza latente.<\/p>\n<\/div>\n<div dir=\"ltr\" class=\"bbc-19j92fr e57qer20\" readability=\"12\">\n<p dir=\"ltr\" class=\"bbc-bm53ic e1cc2ql70\">Una amenaza que, entre otras cosas, se nutre con la alta inflaci\u00f3n (la mayor en cuatro d\u00e9cadas), la escasez por los atascos en las cadenas de suministro y el terremoto geopol\u00edtico causado por la invasi\u00f3n de Rusia a Ucrania.<\/p>\n<\/div>\n<div dir=\"ltr\" class=\"bbc-19j92fr e57qer20\" readability=\"9\">\n<p dir=\"ltr\" class=\"bbc-bm53ic e1cc2ql70\">La \u00e9lite empresarial y pol\u00edtica est\u00e1 \u00e1vida por tener m\u00e1s piezas para armar el puzzle, cuando que la guerra en Ucrania sigue aumentando la inflaci\u00f3n.<\/p>\n<\/div>\n<p><h2 id=\"Qu\u00e9-es-realmente-una-recesi\u00f3n\" tabindex=\"-1\" class=\"bbc-l3e97o e14hemmw0\">\u00bfQu\u00e9 es realmente una recesi\u00f3n?<\/h2>\n<\/p>\n<div dir=\"ltr\" class=\"bbc-19j92fr e57qer20\" readability=\"8\">\n<p dir=\"ltr\" class=\"bbc-bm53ic e1cc2ql70\">En medio de este debate, vuelve a tomar fuerza la pregunta sobre qu\u00e9 es realmente una recesi\u00f3n.<\/p>\n<\/div>\n<div dir=\"ltr\" class=\"bbc-19j92fr e57qer20\" readability=\"8\">\n<p dir=\"ltr\" class=\"bbc-bm53ic e1cc2ql70\">Muchos economistas hablan de una \u00abrecesi\u00f3n t\u00e9cnica\u00bb cuando se contrae el crecimiento del Producto Interno Bruto (PIB) durante <b>dos trimestres consecutivos.<\/b><\/p>\n<\/div>\n<div dir=\"ltr\" class=\"bbc-1ka88fa e57qer20\">\n<figure class=\"bbc-1qdcvv9 e6bmn90\">\n<div dir=\"ltr\" class=\"bbc-172p16q e57qer20\">\n<div dir=\"ltr\" class=\"bbc-189y18v e57qer20\" readability=\"6.5\">\n<div data-e2e=\"image-placeholder\" class=\"bbc-997y1y e1whu0\" readability=\"8\"><noscript><picture class=\"bbc-yfiktt e1enwo3v1\"><source srcset=\"http:\/\/nuevacordoba.net\/wp-content\/uploads\/2022\/06\/que-es-una-recesion-cuando-fue-la-ultima-y-por-que-su-sombra-hace-temer-nuevamente-a-los-mercados-alrededor-del-mundo-10.webp 240w, http:\/\/nuevacordoba.net\/wp-content\/uploads\/2022\/06\/que-es-una-recesion-cuando-fue-la-ultima-y-por-que-su-sombra-hace-temer-nuevamente-a-los-mercados-alrededor-del-mundo-11.webp 320w, http:\/\/nuevacordoba.net\/wp-content\/uploads\/2022\/06\/que-es-una-recesion-cuando-fue-la-ultima-y-por-que-su-sombra-hace-temer-nuevamente-a-los-mercados-alrededor-del-mundo-12.webp 480w, http:\/\/nuevacordoba.net\/wp-content\/uploads\/2022\/06\/que-es-una-recesion-cuando-fue-la-ultima-y-por-que-su-sombra-hace-temer-nuevamente-a-los-mercados-alrededor-del-mundo-13.webp 624w, http:\/\/nuevacordoba.net\/wp-content\/uploads\/2022\/06\/que-es-una-recesion-cuando-fue-la-ultima-y-por-que-su-sombra-hace-temer-nuevamente-a-los-mercados-alrededor-del-mundo-14.webp 800w\" type=\"image\/webp\" sizes=\"(min-width: 1008px) 645px, 100vw\"><source srcset=\"https:\/\/ichef.bbci.co.uk\/news\/240\/cpsprodpb\/9731\/production\/_124950783_gettyimages-1291280383.jpg 240w, https:\/\/ichef.bbci.co.uk\/news\/320\/cpsprodpb\/9731\/production\/_124950783_gettyimages-1291280383.jpg 320w, https:\/\/ichef.bbci.co.uk\/news\/480\/cpsprodpb\/9731\/production\/_124950783_gettyimages-1291280383.jpg 480w, https:\/\/ichef.bbci.co.uk\/news\/624\/cpsprodpb\/9731\/production\/_124950783_gettyimages-1291280383.jpg 624w, https:\/\/ichef.bbci.co.uk\/news\/800\/cpsprodpb\/9731\/production\/_124950783_gettyimages-1291280383.jpg 800w\" type=\"image\/jpeg\" sizes=\"(min-width: 1008px) 645px, 100vw\"><img loading=\"lazy\" src=\"http:\/\/nuevacordoba.net\/wp-content\/uploads\/2022\/06\/que-es-una-recesion-cuando-fue-la-ultima-y-por-que-su-sombra-hace-temer-nuevamente-a-los-mercados-alrededor-del-mundo-3.jpg\" alt=\"Cartel que dice &quot;cerrado&quot;\" width=\"976\" height=\"549\" class=\"eehpdyc0 bbc-rb7xa0 e1enwo3v0\"><\/picture><\/noscript><\/p>\n<p role=\"text\" class=\"bbc-1s1cxbv etq3yw90\"><span class=\"bbc-1gnhmg2 e1yt7oin0\">Fuente de la imagen, <\/span><span lang=\"en-GB\">Getty Images<\/span><\/p>\n<\/div>\n<\/div>\n<\/div>\n<\/figure>\n<\/div>\n<div dir=\"ltr\" class=\"bbc-19j92fr e57qer20\" readability=\"8\">\n<p dir=\"ltr\" class=\"bbc-bm53ic e1cc2ql70\">La evoluci\u00f3n del PIB le ayuda a las empresas a juzgar cu\u00e1ndo expandirse y contratar a m\u00e1s trabajadores o invertir menos y reducir su fuerza laboral.<\/p>\n<\/div>\n<div dir=\"ltr\" class=\"bbc-19j92fr e57qer20\" readability=\"11\">\n<p dir=\"ltr\" class=\"bbc-bm53ic e1cc2ql70\">Los gobiernos tambi\u00e9n lo utilizan para tomar decisiones que pueden ir desde impuestos hasta gastos. Es un indicador clave para los bancos centrales, junto con la inflaci\u00f3n, cuando consideran subir o bajar las tasas de inter\u00e9s.<\/p>\n<\/div>\n<div dir=\"ltr\" class=\"bbc-19j92fr e57qer20\" readability=\"12\">\n<p dir=\"ltr\" class=\"bbc-bm53ic e1cc2ql70\">Otros, sin embargo, utilizan una mirada m\u00e1s flexible, defini\u00e9ndola como \u00abuna disminuci\u00f3n significativa de la actividad econ\u00f3mica que se extiende por toda la econom\u00eda y que dura m\u00e1s de unos pocos meses\u00bb.<\/p>\n<\/div>\n<div dir=\"ltr\" class=\"bbc-19j92fr e57qer20\" readability=\"8\">\n<p dir=\"ltr\" class=\"bbc-bm53ic e1cc2ql70\">Organismos internacionales como el Banco Mundial o el FMI consideran una recesi\u00f3n global como un a\u00f1o en el que un ciudadano global promedio experimenta una ca\u00edda en el ingreso real. <\/p>\n<\/div>\n<div dir=\"ltr\" class=\"bbc-19j92fr e57qer20\" readability=\"11\">\n<p dir=\"ltr\" class=\"bbc-bm53ic e1cc2ql70\">Entre esas profundas contracciones econ\u00f3micas globales de las \u00faltimas d\u00e9cadas destacan las de <b>1975, 1982, 1991, 2009 y la recesi\u00f3n <\/b><b>por la<\/b><b> pand<\/b><b>e<\/b><b>m<\/b><b>i<\/b><b>a de 2020.<\/b><\/p>\n<\/div>\n<div dir=\"ltr\" class=\"bbc-19j92fr e57qer20\" readability=\"7\">\n<p dir=\"ltr\" class=\"bbc-bm53ic e1cc2ql70\">En este mapa se puede comprobar la contracci\u00f3n econ\u00f3mica producto de la pandemia.<\/p>\n<\/div>\n<div dir=\"ltr\" class=\"bbc-1ka88fa e57qer20\">\n<figure class=\"bbc-1qdcvv9 e6bmn90\">\n<div dir=\"ltr\" class=\"bbc-172p16q e57qer20\">\n<div dir=\"ltr\" class=\"bbc-189y18v e57qer20\">\n<div data-e2e=\"image-placeholder\" class=\"bbc-997y1y e1whu0\"><noscript><picture class=\"bbc-yfiktt e1enwo3v1\"><source srcset=\"http:\/\/nuevacordoba.net\/wp-content\/uploads\/2022\/06\/que-es-una-recesion-cuando-fue-la-ultima-y-por-que-su-sombra-hace-temer-nuevamente-a-los-mercados-alrededor-del-mundo-15.webp 240w, http:\/\/nuevacordoba.net\/wp-content\/uploads\/2022\/06\/que-es-una-recesion-cuando-fue-la-ultima-y-por-que-su-sombra-hace-temer-nuevamente-a-los-mercados-alrededor-del-mundo-16.webp 320w, http:\/\/nuevacordoba.net\/wp-content\/uploads\/2022\/06\/que-es-una-recesion-cuando-fue-la-ultima-y-por-que-su-sombra-hace-temer-nuevamente-a-los-mercados-alrededor-del-mundo-17.webp 480w, http:\/\/nuevacordoba.net\/wp-content\/uploads\/2022\/06\/que-es-una-recesion-cuando-fue-la-ultima-y-por-que-su-sombra-hace-temer-nuevamente-a-los-mercados-alrededor-del-mundo-18.webp 624w, http:\/\/nuevacordoba.net\/wp-content\/uploads\/2022\/06\/que-es-una-recesion-cuando-fue-la-ultima-y-por-que-su-sombra-hace-temer-nuevamente-a-los-mercados-alrededor-del-mundo.png.webp 640w\" type=\"image\/webp\" sizes=\"(min-width: 1008px) 645px, 100vw\"><source srcset=\"https:\/\/ichef.bbci.co.uk\/news\/240\/cpsprodpb\/2612\/production\/_116664790_recesion_map_2021_640-nc.png 240w, https:\/\/ichef.bbci.co.uk\/news\/320\/cpsprodpb\/2612\/production\/_116664790_recesion_map_2021_640-nc.png 320w, https:\/\/ichef.bbci.co.uk\/news\/480\/cpsprodpb\/2612\/production\/_116664790_recesion_map_2021_640-nc.png 480w, https:\/\/ichef.bbci.co.uk\/news\/624\/cpsprodpb\/2612\/production\/_116664790_recesion_map_2021_640-nc.png 624w, http:\/\/nuevacordoba.net\/wp-content\/uploads\/2022\/06\/que-es-una-recesion-cuando-fue-la-ultima-y-por-que-su-sombra-hace-temer-nuevamente-a-los-mercados-alrededor-del-mundo.png 640w\" type=\"image\/png\" sizes=\"(min-width: 1008px) 645px, 100vw\"><img loading=\"lazy\" src=\"http:\/\/nuevacordoba.net\/wp-content\/uploads\/2022\/06\/que-es-una-recesion-cuando-fue-la-ultima-y-por-que-su-sombra-hace-temer-nuevamente-a-los-mercados-alrededor-del-mundo.png\" alt=\"Recesi\u00f3n en el mundo\" width=\"640\" height=\"514\" class=\"eehpdyc0 bbc-rb7xa0 e1enwo3v0\"><\/picture><\/noscript><\/div>\n<\/div>\n<\/div>\n<\/figure>\n<\/div>\n<div dir=\"ltr\" class=\"bbc-19j92fr e57qer20\" readability=\"11\">\n<p dir=\"ltr\" class=\"bbc-bm53ic e1cc2ql70\">Parad\u00f3jicamente, en esta \u00faltima recesi\u00f3n, mientras la gente pasaba penurias, a los mercados les fue incre\u00edblemente bien.<\/p>\n<\/div>\n<div dir=\"ltr\" class=\"bbc-19j92fr e57qer20\" readability=\"11\">\n<p dir=\"ltr\" class=\"bbc-bm53ic e1cc2ql70\">Esta \u00faltima recesi\u00f3n pand\u00e9mica, considerada como el golpe m\u00e1s duro desde la Segunda Guerra Mundial, removi\u00f3 los cimientos de la globalizaci\u00f3n y dej\u00f3 huellas que apenas comenzaban a cicatrizar cuando Rusia invadi\u00f3 Ucrania a fines de febrero.<\/p>\n<\/div>\n<div dir=\"ltr\" class=\"bbc-19j92fr e57qer20\" readability=\"9\">\n<p dir=\"ltr\" class=\"bbc-bm53ic e1cc2ql70\">Con un cambio geopol\u00edtico de tal magnitud, todas las estimaciones de crecimiento econ\u00f3mico para este a\u00f1o est\u00e1n siendo revisadas.<\/p>\n<\/div>\n<p><h2 id=\"El-factor-China\" tabindex=\"-1\" class=\"bbc-l3e97o e14hemmw0\">El factor China<\/h2>\n<\/p>\n<div dir=\"ltr\" class=\"bbc-19j92fr e57qer20\" readability=\"7\">\n<p dir=\"ltr\" class=\"bbc-bm53ic e1cc2ql70\">China se ha transformado en la gran inc\u00f3gnita.<\/p>\n<\/div>\n<div dir=\"ltr\" class=\"bbc-19j92fr e57qer20\" readability=\"14\">\n<p dir=\"ltr\" class=\"bbc-bm53ic e1cc2ql70\">El gigante asi\u00e1tico, que representa el 19% de toda la producci\u00f3n mundial, est\u00e1 en la mira de los analistas porque una desaceleraci\u00f3n de su econom\u00eda tendr\u00eda un impacto directo en el resto del mundo, tanto por su importancia como comprador de bienes y servicios de otros pa\u00edses, como por su rol clave en las cadenas de suministro que abastecen al comercio internacional.<\/p>\n<\/div>\n<div dir=\"ltr\" class=\"bbc-1ka88fa e57qer20\">\n<figure class=\"bbc-1qdcvv9 e6bmn90\">\n<div dir=\"ltr\" class=\"bbc-172p16q e57qer20\">\n<div dir=\"ltr\" class=\"bbc-189y18v e57qer20\" readability=\"6.5\">\n<div data-e2e=\"image-placeholder\" class=\"bbc-997y1y e1whu0\" readability=\"8\"><noscript><picture class=\"bbc-yfiktt e1enwo3v1\"><source srcset=\"http:\/\/nuevacordoba.net\/wp-content\/uploads\/2022\/06\/que-es-una-recesion-cuando-fue-la-ultima-y-por-que-su-sombra-hace-temer-nuevamente-a-los-mercados-alrededor-del-mundo-20.webp 240w, http:\/\/nuevacordoba.net\/wp-content\/uploads\/2022\/06\/que-es-una-recesion-cuando-fue-la-ultima-y-por-que-su-sombra-hace-temer-nuevamente-a-los-mercados-alrededor-del-mundo-21.webp 320w, http:\/\/nuevacordoba.net\/wp-content\/uploads\/2022\/06\/que-es-una-recesion-cuando-fue-la-ultima-y-por-que-su-sombra-hace-temer-nuevamente-a-los-mercados-alrededor-del-mundo-22.webp 480w, http:\/\/nuevacordoba.net\/wp-content\/uploads\/2022\/06\/que-es-una-recesion-cuando-fue-la-ultima-y-por-que-su-sombra-hace-temer-nuevamente-a-los-mercados-alrededor-del-mundo-23.webp 624w, http:\/\/nuevacordoba.net\/wp-content\/uploads\/2022\/06\/que-es-una-recesion-cuando-fue-la-ultima-y-por-que-su-sombra-hace-temer-nuevamente-a-los-mercados-alrededor-del-mundo-24.webp 800w\" type=\"image\/webp\" sizes=\"(min-width: 1008px) 645px, 100vw\"><source srcset=\"https:\/\/ichef.bbci.co.uk\/news\/240\/cpsprodpb\/17DA9\/production\/_124950779_gettyimages-1399578033.jpg 240w, https:\/\/ichef.bbci.co.uk\/news\/320\/cpsprodpb\/17DA9\/production\/_124950779_gettyimages-1399578033.jpg 320w, https:\/\/ichef.bbci.co.uk\/news\/480\/cpsprodpb\/17DA9\/production\/_124950779_gettyimages-1399578033.jpg 480w, https:\/\/ichef.bbci.co.uk\/news\/624\/cpsprodpb\/17DA9\/production\/_124950779_gettyimages-1399578033.jpg 624w, https:\/\/ichef.bbci.co.uk\/news\/800\/cpsprodpb\/17DA9\/production\/_124950779_gettyimages-1399578033.jpg 800w\" type=\"image\/jpeg\" sizes=\"(min-width: 1008px) 645px, 100vw\"><img loading=\"lazy\" src=\"http:\/\/nuevacordoba.net\/wp-content\/uploads\/2022\/06\/que-es-una-recesion-cuando-fue-la-ultima-y-por-que-su-sombra-hace-temer-nuevamente-a-los-mercados-alrededor-del-mundo-4.jpg\" alt=\"Hombre comprando en China.\" width=\"976\" height=\"549\" class=\"eehpdyc0 bbc-rb7xa0 e1enwo3v0\"><\/picture><\/noscript><\/p>\n<p role=\"text\" class=\"bbc-1s1cxbv etq3yw90\"><span class=\"bbc-1gnhmg2 e1yt7oin0\">Fuente de la imagen, <\/span><span lang=\"en-GB\">Getty Images<\/span><\/p>\n<\/div>\n<\/div>\n<\/div>\n<\/figure>\n<\/div>\n<div dir=\"ltr\" class=\"bbc-19j92fr e57qer20\" readability=\"11\">\n<p dir=\"ltr\" class=\"bbc-bm53ic e1cc2ql70\">El \u00faltimo brote de covid-19 ha provocado severos confinamientos en algunas zonas del pa\u00eds, generando atascos en los puertos chinos y efectos negativos en sectores como el comercio, la industria manufacturera y los negocios inmobiliarios.<\/p>\n<\/div>\n<div dir=\"ltr\" class=\"bbc-19j92fr e57qer20\" readability=\"9\">\n<p dir=\"ltr\" class=\"bbc-bm53ic e1cc2ql70\">David Malpass ha expresado su preocupaci\u00f3n por los cierres en algunas de las principales ciudades de China, dado que \u00abtodav\u00eda tienen ramificaciones o impactos de desaceleraci\u00f3n en el mundo\u00bb.<\/p>\n<\/div>\n<div dir=\"ltr\" class=\"bbc-19j92fr e57qer20\" readability=\"11\">\n<p dir=\"ltr\" class=\"bbc-bm53ic e1cc2ql70\">\u00abChina ya estaba pasando por una contracci\u00f3n de bienes ra\u00edces, por lo que el pron\u00f3stico de crecimiento de China antes de la invasi\u00f3n de Rusia ya se hab\u00eda bajado sustancialmente para 2022\u00bb, dijo el representante del Banco Mundial.<\/p>\n<\/div>\n<div dir=\"ltr\" class=\"bbc-19j92fr e57qer20\" readability=\"10\">\n<p dir=\"ltr\" class=\"bbc-bm53ic e1cc2ql70\">\u00abLuego,<b> las olas de covid provocaron bloqueos que redujeron a\u00fan m\u00e1s las expectativas de crecimiento para China<\/b>\u00ab, agreg\u00f3.<\/p>\n<\/div>\n<p><h2 id=\"Un-freno-al-crecimiento-econ\u00f3mico\" tabindex=\"-1\" class=\"bbc-l3e97o e14hemmw0\">Un freno al crecimiento econ\u00f3mico<\/h2>\n<\/p>\n<div dir=\"ltr\" class=\"bbc-1ka88fa e57qer20\">\n<figure class=\"bbc-1qdcvv9 e6bmn90\">\n<div dir=\"ltr\" class=\"bbc-172p16q e57qer20\">\n<div dir=\"ltr\" class=\"bbc-189y18v e57qer20\" readability=\"6.5\">\n<div data-e2e=\"image-placeholder\" class=\"bbc-997y1y e1whu0\" readability=\"8\"><noscript><picture class=\"bbc-yfiktt e1enwo3v1\"><source srcset=\"http:\/\/nuevacordoba.net\/wp-content\/uploads\/2022\/06\/que-es-una-recesion-cuando-fue-la-ultima-y-por-que-su-sombra-hace-temer-nuevamente-a-los-mercados-alrededor-del-mundo-25.webp 240w, http:\/\/nuevacordoba.net\/wp-content\/uploads\/2022\/06\/que-es-una-recesion-cuando-fue-la-ultima-y-por-que-su-sombra-hace-temer-nuevamente-a-los-mercados-alrededor-del-mundo-26.webp 320w, http:\/\/nuevacordoba.net\/wp-content\/uploads\/2022\/06\/que-es-una-recesion-cuando-fue-la-ultima-y-por-que-su-sombra-hace-temer-nuevamente-a-los-mercados-alrededor-del-mundo-27.webp 480w, http:\/\/nuevacordoba.net\/wp-content\/uploads\/2022\/06\/que-es-una-recesion-cuando-fue-la-ultima-y-por-que-su-sombra-hace-temer-nuevamente-a-los-mercados-alrededor-del-mundo-28.webp 624w, http:\/\/nuevacordoba.net\/wp-content\/uploads\/2022\/06\/que-es-una-recesion-cuando-fue-la-ultima-y-por-que-su-sombra-hace-temer-nuevamente-a-los-mercados-alrededor-del-mundo-29.webp 800w\" type=\"image\/webp\" sizes=\"(min-width: 1008px) 645px, 100vw\"><source srcset=\"https:\/\/ichef.bbci.co.uk\/news\/240\/cpsprodpb\/7CA1\/production\/_124950913_gettyimages-1219685901.jpg 240w, https:\/\/ichef.bbci.co.uk\/news\/320\/cpsprodpb\/7CA1\/production\/_124950913_gettyimages-1219685901.jpg 320w, https:\/\/ichef.bbci.co.uk\/news\/480\/cpsprodpb\/7CA1\/production\/_124950913_gettyimages-1219685901.jpg 480w, https:\/\/ichef.bbci.co.uk\/news\/624\/cpsprodpb\/7CA1\/production\/_124950913_gettyimages-1219685901.jpg 624w, https:\/\/ichef.bbci.co.uk\/news\/800\/cpsprodpb\/7CA1\/production\/_124950913_gettyimages-1219685901.jpg 800w\" type=\"image\/jpeg\" sizes=\"(min-width: 1008px) 645px, 100vw\"><img loading=\"lazy\" src=\"http:\/\/nuevacordoba.net\/wp-content\/uploads\/2022\/06\/que-es-una-recesion-cuando-fue-la-ultima-y-por-que-su-sombra-hace-temer-nuevamente-a-los-mercados-alrededor-del-mundo-5.jpg\" alt=\"Wall Street\" width=\"976\" height=\"549\" class=\"eehpdyc0 bbc-rb7xa0 e1enwo3v0\"><\/picture><\/noscript><\/p>\n<p role=\"text\" class=\"bbc-1s1cxbv etq3yw90\"><span class=\"bbc-1gnhmg2 e1yt7oin0\">Fuente de la imagen, <\/span><span lang=\"en-GB\">Getty Images<\/span><\/p>\n<\/div>\n<\/div>\n<\/div>\n<\/figure>\n<\/div>\n<div dir=\"ltr\" class=\"bbc-19j92fr e57qer20\" readability=\"14\">\n<p dir=\"ltr\" class=\"bbc-bm53ic e1cc2ql70\">En Estados Unidos, Jerome Powell, presidente de la Reserva Federal -equivalente al banco central de ese pa\u00eds-, ha dicho que el organismo continuar\u00e1 incrementando las tasas de inter\u00e9s hasta que la inflaci\u00f3n est\u00e9 controlada, mientras Europa intenta lidiar con un gigantesco aumento en el precio de los combustibles relacionado con la crisis en Ucrania.<\/p>\n<\/div>\n<div dir=\"ltr\" class=\"bbc-19j92fr e57qer20\" readability=\"12\">\n<p dir=\"ltr\" class=\"bbc-bm53ic e1cc2ql70\">Fuera de los grandes centros de poder, los pa\u00edses menos desarrollados han visto un gigantesco aumento en el precio de los alimentos y entre ellos, los m\u00e1s pobres, est\u00e1n a las puertas de sufrir una hambruna.<\/p>\n<\/div>\n<div dir=\"ltr\" class=\"bbc-19j92fr e57qer20\" readability=\"8\">\n<p dir=\"ltr\" class=\"bbc-bm53ic e1cc2ql70\">Entre los economistas y los banqueros las opiniones est\u00e1n divididas respecto a si el mundo va directo a una recesi\u00f3n o si solo se trata de una desaceleraci\u00f3n econ\u00f3mica.<\/p>\n<\/div>\n<div dir=\"ltr\" class=\"bbc-19j92fr e57qer20\" readability=\"9\">\n<p dir=\"ltr\" class=\"bbc-bm53ic e1cc2ql70\">Mientras, el costo de la vida contin\u00faa escalando y los bancos centrales siguen subiendo las tasas de inter\u00e9s para detener las presiones inflacionarias.<\/p>\n<\/div>\n<div dir=\"ltr\" class=\"bbc-19j92fr e57qer20\" readability=\"12\">\n<p dir=\"ltr\" class=\"bbc-bm53ic e1cc2ql70\">El problema es que la subida de los intereses, si bien puede controlar la inflaci\u00f3n, encarece el costo de pedir dinero prestado y de cumplir con el pago de las deudas, actuando como un freno al crecimiento econ\u00f3mico.<\/p>\n<\/div>\n<div dir=\"ltr\" class=\"bbc-19j92fr e57qer20\" readability=\"8\">\n<p dir=\"ltr\" class=\"bbc-bm53ic e1cc2ql70\">A ese panorama hay que agregar que las perspectivas se han deteriorado en las \u00faltimas semanas debido al \u00faltimo brote de covid-19 en China.<\/p>\n<\/div>\n<div dir=\"ltr\" class=\"bbc-19j92fr e57qer20\" readability=\"7\">\n<p dir=\"ltr\" class=\"bbc-bm53ic e1cc2ql70\">Los inversores y los banqueros est\u00e1n preocupados.<\/p>\n<\/div>\n<div dir=\"ltr\" class=\"bbc-19j92fr e57qer20\" readability=\"13\">\n<p dir=\"ltr\" class=\"bbc-bm53ic e1cc2ql70\">Uno de ellos, Robin Brooks, economista jefe del Instituto de Finanzas Internacionales, la asociaci\u00f3n global de la industria financiera, public\u00f3 un mensaje en Twitter planteando que <b>\u00abse acerca la recesi\u00f3n mundial\u00bb.<\/b><\/p>\n<\/div>\n<div dir=\"ltr\" class=\"bbc-19j92fr e57qer20\" readability=\"9\">\n<p dir=\"ltr\" class=\"bbc-bm53ic e1cc2ql70\">Si viene o no viene, no lo sabremos hasta que pasen los meses y los indicadores tengan su propio veredicto.<\/p>\n<\/div>\n<div dir=\"ltr\" class=\"bbc-1ka88fa e57qer20\">\n<figure class=\"bbc-1qdcvv9 e6bmn90\">\n<div dir=\"ltr\" class=\"bbc-172p16q e57qer20\">\n<div dir=\"ltr\" class=\"bbc-189y18v e57qer20\">\n<div data-e2e=\"image-placeholder\" class=\"bbc-997y1y e1whu0\"><noscript><picture class=\"bbc-yfiktt e1enwo3v1\"><source srcset=\"http:\/\/nuevacordoba.net\/wp-content\/uploads\/2022\/06\/que-es-una-recesion-cuando-fue-la-ultima-y-por-que-su-sombra-hace-temer-nuevamente-a-los-mercados-alrededor-del-mundo-30.webp 240w, http:\/\/nuevacordoba.net\/wp-content\/uploads\/2022\/06\/que-es-una-recesion-cuando-fue-la-ultima-y-por-que-su-sombra-hace-temer-nuevamente-a-los-mercados-alrededor-del-mundo-31.webp 320w, http:\/\/nuevacordoba.net\/wp-content\/uploads\/2022\/06\/que-es-una-recesion-cuando-fue-la-ultima-y-por-que-su-sombra-hace-temer-nuevamente-a-los-mercados-alrededor-del-mundo-32.webp 480w, http:\/\/nuevacordoba.net\/wp-content\/uploads\/2022\/06\/que-es-una-recesion-cuando-fue-la-ultima-y-por-que-su-sombra-hace-temer-nuevamente-a-los-mercados-alrededor-del-mundo-33.webp 624w\" type=\"image\/webp\" sizes=\"(min-width: 1008px) 645px, 100vw\"><source srcset=\"https:\/\/ichef.bbci.co.uk\/news\/240\/cpsprodpb\/1FCD\/production\/_105914180_line976-nc.png 240w, https:\/\/ichef.bbci.co.uk\/news\/320\/cpsprodpb\/1FCD\/production\/_105914180_line976-nc.png 320w, https:\/\/ichef.bbci.co.uk\/news\/480\/cpsprodpb\/1FCD\/production\/_105914180_line976-nc.png 480w, https:\/\/ichef.bbci.co.uk\/news\/624\/cpsprodpb\/1FCD\/production\/_105914180_line976-nc.png 624w\" type=\"image\/png\" sizes=\"(min-width: 1008px) 645px, 100vw\"><img loading=\"lazy\" src=\"http:\/\/nuevacordoba.net\/wp-content\/uploads\/2022\/06\/que-es-una-recesion-cuando-fue-la-ultima-y-por-que-su-sombra-hace-temer-nuevamente-a-los-mercados-alrededor-del-mundo-1.png\" alt=\"line\" width=\"624\" height=\"2\" class=\"eehpdyc0 bbc-rb7xa0 e1enwo3v0\"><\/picture><\/noscript><\/div>\n<\/div>\n<\/div>\n<\/figure>\n<\/div>\n<div dir=\"ltr\" class=\"bbc-19j92fr e57qer20\" readability=\"8\">\n<p dir=\"ltr\" class=\"bbc-bm53ic e1cc2ql70\"><i class=\"bbc-h1y5j7 ewc4zcb0\">Ahora puedes recibir notificaciones de BBC Mundo. Descarga la nueva versi\u00f3n de nuestra app y act\u00edvalas para no perderte nuestro mejor contenido.<\/i><\/p>\n<\/div>\n","protected":false},"excerpt":{"rendered":"<p>Redacci\u00f3n BBC News Mundo 31 mayo 2022 Fuente de la imagen, Getty Images En los pasillos de Davos el tema \u00abhot\u00bb del momento es si viene o no viene una recesi\u00f3n global. As\u00ed se lo han confirmado a Faisal Islam, editor econ\u00f3mico de BBC, que ha estado cubriendo el Foro Econ\u00f3mico Mundial que se lleva [&hellip;]<\/p>\n","protected":false},"author":1,"featured_media":20337,"comment_status":"closed","ping_status":"closed","sticky":false,"template":"","format":"standard","meta":[],"categories":[13],"tags":[],"_links":{"self":[{"href":"http:\/\/nuevacordoba.net\/index.php\/wp-json\/wp\/v2\/posts\/20336"}],"collection":[{"href":"http:\/\/nuevacordoba.net\/index.php\/wp-json\/wp\/v2\/posts"}],"about":[{"href":"http:\/\/nuevacordoba.net\/index.php\/wp-json\/wp\/v2\/types\/post"}],"author":[{"embeddable":true,"href":"http:\/\/nuevacordoba.net\/index.php\/wp-json\/wp\/v2\/users\/1"}],"replies":[{"embeddable":true,"href":"http:\/\/nuevacordoba.net\/index.php\/wp-json\/wp\/v2\/comments?post=20336"}],"version-history":[{"count":0,"href":"http:\/\/nuevacordoba.net\/index.php\/wp-json\/wp\/v2\/posts\/20336\/revisions"}],"wp:featuredmedia":[{"embeddable":true,"href":"http:\/\/nuevacordoba.net\/index.php\/wp-json\/wp\/v2\/media\/20337"}],"wp:attachment":[{"href":"http:\/\/nuevacordoba.net\/index.php\/wp-json\/wp\/v2\/media?parent=20336"}],"wp:term":[{"taxonomy":"category","embeddable":true,"href":"http:\/\/nuevacordoba.net\/index.php\/wp-json\/wp\/v2\/categories?post=20336"},{"taxonomy":"post_tag","embeddable":true,"href":"http:\/\/nuevacordoba.net\/index.php\/wp-json\/wp\/v2\/tags?post=20336"}],"curies":[{"name":"wp","href":"https:\/\/api.w.org\/{rel}","templated":true}]}}