{"id":20350,"date":"2022-05-31T22:37:42","date_gmt":"2022-05-31T22:37:42","guid":{"rendered":"https:\/\/cordoba.gob.ar\/?p=25910"},"modified":"2022-05-31T22:37:42","modified_gmt":"2022-05-31T22:37:42","slug":"con-viviana-rivero-se-inicia-un-ciclo-de-charlas-con-escritores","status":"publish","type":"post","link":"http:\/\/nuevacordoba.net\/index.php\/2022\/05\/31\/con-viviana-rivero-se-inicia-un-ciclo-de-charlas-con-escritores\/","title":{"rendered":"Con Viviana Rivero, se inicia un ciclo de charlas con escritores"},"content":{"rendered":"<div><img src=\"http:\/\/nuevacordoba.net\/wp-content\/uploads\/2022\/06\/con-viviana-rivero-se-inicia-un-ciclo-de-charlas-con-escritores.jpg\" class=\"ff-og-image-inserted\"><\/div>\n<ul>\n<li><strong>Este mi\u00e9rcoles 1 de junio, a las 18 horas, el p\u00fablico podr\u00e1 disfrutar de un encuentro con la reconocida autora.<\/strong><\/li>\n<li><strong>El encuentro ser\u00e1 en la Casona Municipal, con entrada gratuita.<\/strong><\/li>\n<\/ul>\n<hr>\n<p>Se trata del novedoso ciclo \u201cHablando de Libros\u201d, que cita a la destacada escritora cordobesa Viviana Rivero para disfrutar de una entrevista abierta a todo p\u00fablico.<\/p>\n<p>El primer d\u00eda del mes de junio, por la tarde, la Casona Municipal (av. General Paz esquina La Rioja) ser\u00e1 el espacio de encuentro entre el p\u00fablico y la escritora, contando con la mediaci\u00f3n del periodista Alberto Amuch\u00e1stegui.<\/p>\n<p>La entrevista promete un mano a mano con la autora de \u201cSecreto bien guardado\u201d (2010) y \u201cEl alma de las flores\u201d (2019), obras dedicadas a la cartograf\u00eda del amor y el triunfo del sentimiento, por encima de los condicionamientos hist\u00f3ricos, de la religi\u00f3n o la conveniencia.<\/p>\n<p>Se recuerda que el ingreso a la sala es gratuita, y con capacidad limitada.<\/p>\n<p>Este ciclo comprende una serie de encuentros que tienen como objetivo aportar a la difusi\u00f3n de la escritura, la lectura, la producci\u00f3n local y, en particular, en el campo de la narrativa.<\/p>\n<p>Son entrevistas que invitan a hablar de libros y otros mundos posibles, con la intensi\u00f3n de celebrar la palabra, la empat\u00eda y la imaginaci\u00f3n.<\/p>\n<p>A su vez, estas acciones se enmarcan en las pol\u00edticas p\u00fablicas impulsadas por la Municipalidad de C\u00f3rdoba a trav\u00e9s de su Secretar\u00eda de Cultura y Juventud, para acercar el arte y la cultura a los cordobeses.<\/p>\n","protected":false},"excerpt":{"rendered":"<p>Este mi\u00e9rcoles 1 de junio, a las 18 horas, el p\u00fablico podr\u00e1 disfrutar de un encuentro con la reconocida autora. El encuentro ser\u00e1 en la Casona Municipal, con entrada gratuita. Se trata del novedoso ciclo \u201cHablando de Libros\u201d, que cita a la destacada escritora cordobesa Viviana Rivero para disfrutar de una entrevista abierta a todo [&hellip;]<\/p>\n","protected":false},"author":1,"featured_media":20351,"comment_status":"closed","ping_status":"closed","sticky":false,"template":"","format":"standard","meta":[],"categories":[14],"tags":[],"_links":{"self":[{"href":"http:\/\/nuevacordoba.net\/index.php\/wp-json\/wp\/v2\/posts\/20350"}],"collection":[{"href":"http:\/\/nuevacordoba.net\/index.php\/wp-json\/wp\/v2\/posts"}],"about":[{"href":"http:\/\/nuevacordoba.net\/index.php\/wp-json\/wp\/v2\/types\/post"}],"author":[{"embeddable":true,"href":"http:\/\/nuevacordoba.net\/index.php\/wp-json\/wp\/v2\/users\/1"}],"replies":[{"embeddable":true,"href":"http:\/\/nuevacordoba.net\/index.php\/wp-json\/wp\/v2\/comments?post=20350"}],"version-history":[{"count":0,"href":"http:\/\/nuevacordoba.net\/index.php\/wp-json\/wp\/v2\/posts\/20350\/revisions"}],"wp:featuredmedia":[{"embeddable":true,"href":"http:\/\/nuevacordoba.net\/index.php\/wp-json\/wp\/v2\/media\/20351"}],"wp:attachment":[{"href":"http:\/\/nuevacordoba.net\/index.php\/wp-json\/wp\/v2\/media?parent=20350"}],"wp:term":[{"taxonomy":"category","embeddable":true,"href":"http:\/\/nuevacordoba.net\/index.php\/wp-json\/wp\/v2\/categories?post=20350"},{"taxonomy":"post_tag","embeddable":true,"href":"http:\/\/nuevacordoba.net\/index.php\/wp-json\/wp\/v2\/tags?post=20350"}],"curies":[{"name":"wp","href":"https:\/\/api.w.org\/{rel}","templated":true}]}}