{"id":20354,"date":"2022-06-01T11:46:16","date_gmt":"2022-06-01T11:46:16","guid":{"rendered":"http:\/\/nuevacordoba.net\/index.php\/2022\/06\/01\/inquieta-y-popular-la-cantante-natalia-bazan-estrena-de-barrio-y-cielo-su-primer-album\/"},"modified":"2022-06-01T11:46:16","modified_gmt":"2022-06-01T11:46:16","slug":"inquieta-y-popular-la-cantante-natalia-bazan-estrena-de-barrio-y-cielo-su-primer-album","status":"publish","type":"post","link":"http:\/\/nuevacordoba.net\/index.php\/2022\/06\/01\/inquieta-y-popular-la-cantante-natalia-bazan-estrena-de-barrio-y-cielo-su-primer-album\/","title":{"rendered":"Inquieta y popular, la cantante Natalia Baz\u00e1n estrena \u00abDe barrio y cielo\u00bb, su primer \u00e1lbum"},"content":{"rendered":"<figure class=\"mb-3\"><img loading=\"lazy\" src=\"http:\/\/nuevacordoba.net\/wp-content\/uploads\/2022\/06\/inquieta-y-popular-la-cantante-natalia-bazan-estrena-de-barrio-y-cielo-su-primer-album.jpg\" width=\"100%\" height=\"100%\" alt=\"Bazn Siento que necesitaba compartirme con el mundo desde la singularidad desde mi historia lo propio\"><figcaption> Baz\u00e1n: \u00abSiento que necesitaba compartirme con el mundo desde la singularidad, desde mi historia, lo propio\u00bb. <\/figcaption><\/figure>\n<p>La cantante y compositora <strong>Natalia Baz\u00e1n<\/strong>, destacada y personal voz de la escena musical rioplatense presentar\u00e1 este mi\u00e9rcoles, a las 20, en la sala porte\u00f1a Pista Urbana, su primer \u00e1lbum solista <strong>\u201cDe barro y cielo\u201d<\/strong>, que cont\u00f3 con producci\u00f3n de<strong> Guillermo Fern\u00e1ndez <\/strong>y al que defini\u00f3 como <strong>\u201cun recorrido por todos los a\u00f1os y los espacios. Todo eso me acompa\u00f1a siempre que canto. Somos muchos, aunque cante sola\u00bb<\/strong>.<\/p>\n<p><strong>\u00abEl tiempo es compa\u00f1ero y sabio, nos pasamos la vida aprendiendo e incorporando cosas, pero el tiempo es el \u00fanico que decide cu\u00e1ndo y c\u00f3mo caen las fichas. Todo es un proceso, nada es autom\u00e1tico, ni mec\u00e1nico. Y nada lo hacemos solos porque hay tanta gente y experiencias dejando huella en el canto de uno\u00bb<\/strong>, sostuvo Baz\u00e1n durante una entrevista con T\u00e9lam.<\/p>\n<p>Naci\u00f3 en el barrio porte\u00f1o de La Boca y despu\u00e9s de 23 a\u00f1os de historia con la m\u00fasica Natalia da un nuevo paso significativo en su carrera: lanza su \u00e1lbum debut en el que condensa un camino donde conviven el tango, el candombe, la murga porte\u00f1a, la milonga y el rock; y explora con delicadeza su amplio abanico de recursos vocales e interpretativos.<\/p>\n<figure class=\"mb-3\"><img loading=\"lazy\" src=\"http:\/\/nuevacordoba.net\/wp-content\/uploads\/2022\/06\/inquieta-y-popular-la-cantante-natalia-bazan-estrena-de-barrio-y-cielo-su-primer-album-1.jpg\" width=\"100%\" height=\"100%\" alt=\"Bazn fue elegida como mejor cantante femenina de tangos en el certamen porteo Hugo del Carril\"><figcaption> Baz\u00e1n fue elegida como mejor cantante femenina de tangos en el certamen porte\u00f1o Hugo del Carril. <\/figcaption><\/figure>\n<p>La cantante, quien estuvo al frente de propuestas como <strong>Los Faroles <\/strong>y<strong> La Runfla Rioplatense<\/strong> e integr\u00f3 proyectos vinculados a la cumbia y la murga, ofrecer\u00e1 ma\u00f1ana un concierto en Chacabuco 874 acompa\u00f1ada por <strong>Daniel Maza, C\u00f3ndor Sbarbati, Agust\u00edn Guerrero, Patricia Barone, Javier Gonz\u00e1lez <\/strong>y<strong> Nicol\u00e1s Enrich<\/strong>, entre otros m\u00fasicos que participaron de este trabajo discogr\u00e1fico.<\/p>\n<p>\u201cDe barro y cielo\u201d contempla versiones de cl\u00e1sicos como <strong>\u201cBesos brujos\u201d, \u201cEl Adi\u00f3s\u201d, \u201cSue\u00f1os de juventud\u201d, \u201cLoca tuca de Dios\u201d <\/strong>de <strong>Fito P\u00e1ez<\/strong>, el bolero de <strong>los hermanos Exp\u00f3sito \u201cVete de m\u00ed\u201d<\/strong> y una versi\u00f3n murguera de <strong>\u201cCarnaval de mi barrio\u201d<\/strong>.<\/p>\n<p>Adem\u00e1s se cuenta <strong>\u201cHaedo sur\u201d<\/strong>, que compuso a partir de la m\u00fasica de <strong>Guillermo Fern\u00e1ndez,<\/strong> y<strong> \u201cDespu\u00e9s del carnaval\u201d<\/strong>, con letra de <strong>Luis Longhi.<\/strong><\/p>\n<blockquote class><p>\u00abTuve la suerte de conocer gente de todo tipo y que sus saberes me los compartieran. Eso lo atesoro y lo guardo con mucho cuidado dentro m\u00edo. El saber es poder, y al poder se lo descentraliza y se lo minimiza comparti\u00e9ndolo.\u00bb<cite class=\"author\">Natalia Baz\u00e1n<\/cite><\/p><\/blockquote>\n<p>Baz\u00e1n fue considerada como mejor cantante femenina de tangos en el certamen porte\u00f1o Hugo del Carril y trabaj\u00f3 en las principales casas de tango de Buenos Aires.<\/p>\n<p><strong>T\u00e9lam: \u00bf\u201cDe barro y cielo\u201d era una asignatura pendiente?<\/strong><\/p>\n<p>Natalia Baz\u00e1n: Siento que necesitaba compartirme con el mundo desde la singularidad, desde mi historia, lo propio. Soy hija de una generaci\u00f3n a la cual lo colectivo la atraves\u00f3 como modo de vida, de ver el mundo y de construir. Pero aunque uno se parezca m\u00e1s a su tiempo que a sus padres, en los padres est\u00e1 la identidad y la historia. El origen de todo lo que uno trae adentro. Ese mundo es muy propio y ese mundo pidi\u00f3 a gritos que lo explore. Hacerse cargo de uno a veces es inc\u00f3modo, pero muy reconfortante. En eso de abrazarse a uno y a los suyos hay mucho de verdad, y hacer m\u00fasica desde ah\u00ed es lo que me sostiene como cantora, como artista. Es la materia prima y el punto de partida siempre para empezar. \u00a1Y es un mont\u00f3n! Por eso para m\u00ed este disco es tan importante<\/p>\n<p><strong>T: \u00bfDe alg\u00fan modo el disco condensa todas tus etapas en m\u00e1s de 20 a\u00f1os de camino en la m\u00fasica?<\/strong><\/p>\n<p>NB: S\u00ed, es el recorrido de todos estos a\u00f1os y espacios en los que me form\u00e9, que transit\u00e9. Y si bien el tango tradicional fue lo primero que explor\u00e9 y de hecho sigo explorando, porque la matriz es la fuente siempre, estudi\u00e9 con maestros que ya al tango cl\u00e1sico se les escapaba: Patricia Barone y luego Guillermo Fern\u00e1ndez. En todos estos a\u00f1os vimos florecer orquestas, m\u00fasicos, grupos de gente joven explorando nuevas propuestas. Siempre miro con sorpresa y alegr\u00eda ese proceso, lo sigo de cerca. Y lo celebro. La murga y un poco el candombe me invadieron por andariega y curiosa. De andar con unos y con otros y de querer aprender. Tuve la suerte de conocer gente de todo tipo y que sus saberes me los compartieran. Eso lo atesoro y lo guardo con mucho cuidado dentro m\u00edo. El saber es poder, y al poder se lo descentraliza y se lo minimiza comparti\u00e9ndolo.<\/p>\n<p><strong>T: \u00bfC\u00f3mo fue la experiencia de trabajar con Guillermo Fern\u00e1ndez como productor? \u00bfCu\u00e1l fue su principal aporte?<\/strong><\/p>\n<p>NB: Guille es un tractor. \u00c9l confi\u00f3 en m\u00ed. Siempre. Es un artista que no para de crecer, de hacer cosas nuevas. \u00c9l siempre te sorprende, es inquieto y l\u00fadico, tiene un ni\u00f1o interior generoso y creativo de esos que te invitan a jugar y a prenderte en la de \u00e9l siempre. Nosotros somos familia. Tuvimos la suerte de compartir muchos a\u00f1os y conocernos mucho. Desde el amor y el respeto. Nunca dej\u00e9 de ser una cholula con \u00e9l. Fue gracias a eso de estar tan cerca y convivir que naci\u00f3 este disco. Todo el tiempo retroaliment\u00e1ndonos. Los arreglos los hizo \u00e9l, conmigo ah\u00ed a mano siempre, probando. Y aunque a veces se suele separar al artista de la persona, en este caso se me hace imposible. <\/p>\n","protected":false},"excerpt":{"rendered":"<p>Baz\u00e1n: \u00abSiento que necesitaba compartirme con el mundo desde la singularidad, desde mi historia, lo propio\u00bb. La cantante y compositora Natalia Baz\u00e1n, destacada y personal voz de la escena musical rioplatense presentar\u00e1 este mi\u00e9rcoles, a las 20, en la sala porte\u00f1a Pista Urbana, su primer \u00e1lbum solista \u201cDe barro y cielo\u201d, que cont\u00f3 con producci\u00f3n [&hellip;]<\/p>\n","protected":false},"author":1,"featured_media":20355,"comment_status":"closed","ping_status":"closed","sticky":false,"template":"","format":"standard","meta":[],"categories":[9],"tags":[],"_links":{"self":[{"href":"http:\/\/nuevacordoba.net\/index.php\/wp-json\/wp\/v2\/posts\/20354"}],"collection":[{"href":"http:\/\/nuevacordoba.net\/index.php\/wp-json\/wp\/v2\/posts"}],"about":[{"href":"http:\/\/nuevacordoba.net\/index.php\/wp-json\/wp\/v2\/types\/post"}],"author":[{"embeddable":true,"href":"http:\/\/nuevacordoba.net\/index.php\/wp-json\/wp\/v2\/users\/1"}],"replies":[{"embeddable":true,"href":"http:\/\/nuevacordoba.net\/index.php\/wp-json\/wp\/v2\/comments?post=20354"}],"version-history":[{"count":0,"href":"http:\/\/nuevacordoba.net\/index.php\/wp-json\/wp\/v2\/posts\/20354\/revisions"}],"wp:featuredmedia":[{"embeddable":true,"href":"http:\/\/nuevacordoba.net\/index.php\/wp-json\/wp\/v2\/media\/20355"}],"wp:attachment":[{"href":"http:\/\/nuevacordoba.net\/index.php\/wp-json\/wp\/v2\/media?parent=20354"}],"wp:term":[{"taxonomy":"category","embeddable":true,"href":"http:\/\/nuevacordoba.net\/index.php\/wp-json\/wp\/v2\/categories?post=20354"},{"taxonomy":"post_tag","embeddable":true,"href":"http:\/\/nuevacordoba.net\/index.php\/wp-json\/wp\/v2\/tags?post=20354"}],"curies":[{"name":"wp","href":"https:\/\/api.w.org\/{rel}","templated":true}]}}