{"id":20362,"date":"2022-06-01T22:55:17","date_gmt":"2022-06-01T22:55:17","guid":{"rendered":"http:\/\/nuevacordoba.net\/index.php\/2022\/06\/01\/dios-salve-a-la-reina-en-el-cine-la-television-y-los-dibujos-animados\/"},"modified":"2022-06-01T22:55:17","modified_gmt":"2022-06-01T22:55:17","slug":"dios-salve-a-la-reina-en-el-cine-la-television-y-los-dibujos-animados","status":"publish","type":"post","link":"http:\/\/nuevacordoba.net\/index.php\/2022\/06\/01\/dios-salve-a-la-reina-en-el-cine-la-television-y-los-dibujos-animados\/","title":{"rendered":"\u00abDios salve a la reina\u00bb en el cine, la televisi\u00f3n y los dibujos animados"},"content":{"rendered":"<figure class=\"mb-3\"><img loading=\"lazy\" src=\"http:\/\/nuevacordoba.net\/wp-content\/uploads\/2022\/06\/dios-salve-a-la-reina-en-el-cine-la-television-y-los-dibujos-animados.jpg\" width=\"100%\" height=\"100%\" alt=\"Olivia Coleman como la Reina Isabel II en edad intermedia en la serie The Crown\"><figcaption> Olivia Coleman como la Reina Isabel II, en edad intermedia, en la serie \u00abThe Crown\u00bb. <\/figcaption><\/figure>\n<p>El 6 de febrero de 1952 la princesa brit\u00e1nica <strong>Elizabeth Alexandra Mary<\/strong> fue proclamada reina luego de la muerte de su padre Jorge Vl y un a\u00f1o despu\u00e9s fue coronada como Isabel ll, en una asunci\u00f3n real en la abad\u00eda de Westminster que por primera vez fue transmitida en directo para la televisi\u00f3n, mientras que a la par, un equipo de los estudios de cine The Rank Organization tambi\u00e9n film\u00f3 el evento que luego se convirti\u00f3 en <strong>\u00abA Queen is Crowned\u00bb<\/strong>, ganadora del Globo de Oro a la Mejor Pel\u00edcula Documental.<\/p>\n<p>Monarca del Reino Unido desde los 25 a\u00f1os, con 70 a\u00f1os en el trono -el m\u00e1s largo de la historia-, la representaci\u00f3n de Isabel ll en el cine (documental, ficci\u00f3n y tambi\u00e9n animaci\u00f3n), la televisi\u00f3n y hasta en comerciales, con el correr de los a\u00f1os trascendi\u00f3 holgadamente su figura para convertirse en parte de la cultura popular globalizada.<\/p>\n<div class=\"video_repositive\"> <a class=\"video_sticky\" href=\"javascript:void();\" onclick=\"removeStuckVideo(true);\"><i class=\"far fa-window-close\"><\/i><\/a> <\/p>\n<div id=\"OkNUzbE-_hU\" class=\"video_telam\" readability=\"6\">\n<div class=\"feature_article_inner\" readability=\"32\">\n<p><h2 class=\"text-center\">Trailer \u00abA Queen is Crowned\u00bb<\/h2>\n<\/p><\/div>\n<p>VER VIDEO <i class=\"fas fa-play\"><\/i><\/p>\n<\/p><\/div><\/div>\n<p>Si bien hasta el momento no hay una biopic sobre Isabel ll, su figura, influencia y trascendencia permean numerosas pel\u00edculas y series que abordan a la realeza inglesa.<\/p>\n<p>Entre la cantidad de material audiovisual sobre los Windsor, la familia real brit\u00e1nica en el poder desde 1917, hay dos grandes grupos que abordan la figura de la reina: las producciones centradas directamente en su figura y otras, en donde su influencia determin\u00f3 el destino de numerosas figuras.<\/p>\n<div class=\"video_repositive\"> <a class=\"video_sticky\" href=\"javascript:void();\" onclick=\"removeStuckVideo(true);\"><i class=\"far fa-window-close\"><\/i><\/a> <\/p>\n<div id=\"s3HeUAyg91I\" class=\"video_telam\" readability=\"6\">\n<div class=\"feature_article_inner\" readability=\"32\">\n<p><h2 class=\"text-center\">Trailer \u00abThe Crown\u00bb Temp. 4<\/h2>\n<\/p><\/div>\n<p>VER VIDEO <i class=\"fas fa-play\"><\/i><\/p>\n<\/p><\/div><\/div>\n<p>Por supuesto, al primer grupo corresponde <strong>\u00abThe Crown\u00bb<\/strong> (2016), la serie de <strong>Peter Morgan<\/strong> que se vio en la plataforma Netflix y se convirti\u00f3 en un suceso de audiencia en el mundo, reflejando en cada una de sus primeras cuatro temporadas -que ser\u00e1n seis-, los distintos aspectos de la vida de la reina a trav\u00e9s de las los protag\u00f3nicos de <strong>Claire Foy, Olivia Colman<\/strong> y como est\u00e1 prevista para las \u00faltimas dos entregas, <strong>Imelda Staunton<\/strong>, la recordada Dolores Umbridge de la saga de \u00abHarry Potter\u00bb.<\/p>\n<div class=\"video_repositive\"> <a class=\"video_sticky\" href=\"javascript:void();\" onclick=\"removeStuckVideo(true);\"><i class=\"far fa-window-close\"><\/i><\/a> <\/p>\n<div id=\"jEfelGeHjM4\" class=\"video_telam\">\n<div class=\"feature_article_inner\">\n<p><h2 class=\"text-center\">Trailer \u00abNoche Real\u00bb<\/h2>\n<\/p><\/div>\n<p>VER VIDEO <i class=\"fas fa-play\"><\/i><\/p>\n<\/p><\/div><\/div>\n<p>Y en el cine, tambi\u00e9n con Isabel ll como protagonista, se puede citar a la naif <strong>\u00abNoche real\u00bb<\/strong> (2015), de <strong>Julian Jarrold<\/strong> (2015), que ubica a la joven Elizabeth junto a su hermana Margaret el 8 de mayo de 1945, cuando a Alemania Nazi se rinde ante los aliados y las dos princesas salen del Palacio de Buckingham para disfrutar de las celebraciones del D\u00eda de la Victoria como ciudadanas comunes.<\/p>\n<div class=\"video_repositive\"> <a class=\"video_sticky\" href=\"javascript:void();\" onclick=\"removeStuckVideo(true);\"><i class=\"far fa-window-close\"><\/i><\/a> <\/p>\n<div id=\"mqL42sjb96I\" class=\"video_telam\">\n<div class=\"feature_article_inner\">\n<p><h2 class=\"text-center\">Trailer \u00abLa Reina\u00bb<\/h2>\n<\/p><\/div>\n<p>VER VIDEO <i class=\"fas fa-play\"><\/i><\/p>\n<\/p><\/div><\/div>\n<p>Y claro, no se puede obviar <strong>\u00abLa Reina\u00bb<\/strong> (2006) de <strong>Stephen Frears<\/strong>, con una magn\u00edfica <strong>Helen Mirren<\/strong>, dando vida a la reina y la estrategia que arma junto al primer ministro Tonny Blair para amortiguar los efectos devastadores de la muerte de Lady Di en la familia real y ante la opini\u00f3n p\u00fablica.<\/p>\n<p>El cr\u00edtico y te\u00f3rico del cine <strong>Bill Nichols<\/strong> en su libro <strong>\u00abLa representaci\u00f3n de la realidad\u00bb<\/strong>, el atractivo de las pel\u00edculas documentales reside <strong>\u00aben su capacidad para hacer que cuestiones atemporales nos parezcan, literalmente, temas candentes\u00bb y agregaba, \u00abel nexo entre el documental y el mundo hist\u00f3rico es el rasgo m\u00e1s caracter\u00edstico de esta tradici\u00f3n\u00bb<\/strong>.<\/p>\n<p>En ese sentido, desde el momento de su asunci\u00f3n, con la trasmisi\u00f3n televisiva y luego el \u00e9xito del documental \u00abA Queen is Crowned\u00bb (narrado por <strong>Laurence Olivier<\/strong> y con la banda de sonido grabada por la London Symphony Orchestra), intuitivamente la reina entendi\u00f3 que una de las misiones primordiales de su mandato era preservar y proyectar hacia el futuro una instituci\u00f3n caduca como la realeza, y el cine, la televisi\u00f3n y cualquier instrumento de comunicaci\u00f3n masivo ser\u00edan indispensables para cumplir ese objetivo.<\/p>\n<p>As\u00ed, la atemporalidad de la que habla Nichols se aplica a la necesidad de la corona preservar su statu quo poni\u00e9ndolo como un tema prioritario de la agenda inglesa, como el in\u00e9dito especial -abordado por un cap\u00edtulo de \u00abThe Crown\u00bb- del Servicio P\u00fablico de Radio y Televisi\u00f3n del Reino Unido (BBC) de 1969, en donde se mostraba la \u00abcotidianidad\u00bb de la familia real hasta cierto punto \u00abdesacartonada\u00bb y m\u00e1s cerca del \u00abpueblo\u00bb.<\/p>\n<div class=\"video_repositive\"> <a class=\"video_sticky\" href=\"javascript:void();\" onclick=\"removeStuckVideo(true);\"><i class=\"far fa-window-close\"><\/i><\/a> <\/p>\n<div id=\"ca2GGofxzX4\" class=\"video_telam\">\n<div class=\"feature_article_inner\">\n<p><h2 class=\"text-center\">Trailer \u00abDiana\u00bb<\/h2>\n<\/p><\/div>\n<p>VER VIDEO <i class=\"fas fa-play\"><\/i><\/p>\n<\/p><\/div><\/div>\n<p>Lo cierto es que ya en los ochenta, la ficci\u00f3n fij\u00f3 su mirada en los Windsor, con una sucesi\u00f3n de t\u00edtulos en donde la reina suma pocos minutos de pantalla pero en donde su sombra se proyecta sobre diferentes personajes de la casa real.<\/p>\n<p>Entre las producciones m\u00e1s importantes se encuentran<strong> \u00abEl romance real de Carlos y Diana\u00bb<\/strong> (1982) de <strong>James Goldstone<\/strong>, que recrea de manera pasteurizada los amores de Carlos y Diana de Gales; y <strong>\u00abLa dama de hierro\u00bb<\/strong> (2011) de <strong>Phyllida Lloyd<\/strong>, un retrato de la primera ministra conservadora Margaret Thatcher protagonizado por <strong>Meryl Streep<\/strong>.<\/p>\n<div class=\"video_repositive\"> <a class=\"video_sticky\" href=\"javascript:void();\" onclick=\"removeStuckVideo(true);\"><i class=\"far fa-window-close\"><\/i><\/a> <\/p>\n<div id=\"Llb90knAtkc\" class=\"video_telam\" readability=\"6\">\n<div class=\"feature_article_inner\" readability=\"32\">\n<p><h2 class=\"text-center\">Trailer \u00abLa dama de hierro\u00bb<\/h2>\n<\/p><\/div>\n<p>VER VIDEO <i class=\"fas fa-play\"><\/i><\/p>\n<\/p><\/div><\/div>\n<p>Y adem\u00e1s <strong>\u00abDiana\u00bb<\/strong> (2013) del alem\u00e1n <strong>Oliver Hirschbiegel<\/strong> con <strong>Naomi Watts<\/strong> como la princesa de Gales y su escandaloso romance con un cirujano de origen paquistan\u00ed; el telefilm <strong>\u00abKing Charles III\u00bb<\/strong> (2017) de <strong>Rupert Goold<\/strong>, nada menos que una ucron\u00eda que especula sobre un posible reinado de Carlos de Gales luego de la muerte de la monarca; y la reciente <strong>\u00abSpencer\u00bb<\/strong> (2021), del chileno <strong>Pablo Larra\u00edn<\/strong>, que muestra a Lady Di (<strong>Kristen Stewart<\/strong>) y su derrumbe psicol\u00f3gico durante su estad\u00eda de tres d\u00edas con la familia real.<\/p>\n<div class=\"video_repositive\"> <a class=\"video_sticky\" href=\"javascript:void();\" onclick=\"removeStuckVideo(true);\"><i class=\"far fa-window-close\"><\/i><\/a> <\/p>\n<div id=\"MKgwSYnERQU\" class=\"video_telam\">\n<div class=\"feature_article_inner\">\n<p><h2 class=\"text-center\">Trailer \u00abSpencer\u00bb<\/h2>\n<\/p><\/div>\n<p>VER VIDEO <i class=\"fas fa-play\"><\/i><\/p>\n<\/p><\/div><\/div>\n<p>Pero adem\u00e1s de las intrigas palaciegas, la pol\u00edtica, la voluntad de preservaci\u00f3n y los intentos para mantenerse vigente m\u00e1s all\u00e1 de toda \u00e9poca reflejados en la ficci\u00f3n y el documental, la figura de la reina brit\u00e1nica tambi\u00e9n fue tomada por otros formatos como la comedia sat\u00edrica y hasta la animaci\u00f3n.<\/p>\n<div class=\"video_repositive\"> <a class=\"video_sticky\" href=\"javascript:void();\" onclick=\"removeStuckVideo(true);\"><i class=\"far fa-window-close\"><\/i><\/a> <\/p>\n<div id=\"DEYpcCCS-QY\" class=\"video_telam\" readability=\"6\">\n<div class=\"feature_article_inner\" readability=\"32\">\n<p><h2 class=\"text-center\">Trailer \u00abLa pistola desnuda\u00bb<\/h2>\n<\/p><\/div>\n<p>VER VIDEO <i class=\"fas fa-play\"><\/i><\/p>\n<\/p><\/div><\/div>\n<p>En estricto orden cronol\u00f3gico, <strong>\u00abLa pistola desnuda\u00bb<\/strong> (1988) de <strong>David Zucker<\/strong> tal vez es la m\u00e1s despiadada mirada sobre Isabel ll, con una cantidad de gags f\u00edsicos, elementales, pero efectivos, protagonizados por el incompetente teniente Frank Drebin (Leslie Nielsen), encargado de custodiar a la reina (<strong>Jeannette Charles<\/strong>) durante su visita a la ciudad de Los \u00c1ngeles.<\/p>\n<p>En el mismo camino se inscribe <strong>\u00abAustin Powers en Goldmember\u00bb<\/strong> (2002) de Jay Roach, otra vez con Jeannette Charles como la longeva soberana.<\/p>\n<div class=\"video_repositive\"> <a class=\"video_sticky\" href=\"javascript:void();\" onclick=\"removeStuckVideo(true);\"><i class=\"far fa-window-close\"><\/i><\/a> <\/p>\n<div id=\"zXQaLIteb_Q\" class=\"video_telam\" readability=\"6\">\n<div class=\"feature_article_inner\" readability=\"32\">\n<p><h2 class=\"text-center\">La Reina Isabel en \u00abLos Simpsons\u00bb<\/h2>\n<\/p><\/div>\n<p>VER VIDEO <i class=\"fas fa-play\"><\/i><\/p>\n<\/p><\/div><\/div>\n<p> <br open> Y en el caso de la animaci\u00f3n, solo por nombrar dos ejemplos, est\u00e1 el ineludible cap\u00edtulo <strong>\u00abLos mon\u00f3logos de la reina\u00bb<\/strong> de <strong>\u00abLos Simpson\u00bb<\/strong> (2003) de <strong>Matt Groening<\/strong>, con una furiosa Isabel que condena a muerte a Homero por haber chocado su carruaje real. A esta \u00abparticipaci\u00f3n\u00bb se le puede sumar <strong>\u00abMinions\u00bb<\/strong> (2015, de <strong>Pierre Coffin y Kyle Balda<\/strong>, que en una desopilante escena musicalizada por <strong>\u00abYou really got me\u00bb<\/strong> de <strong>The Kinks<\/strong>, la reina le da una paliza a uno de los protagonistas amarillos.<\/p>\n<div class=\"video_repositive\"> <a class=\"video_sticky\" href=\"javascript:void();\" onclick=\"removeStuckVideo(true);\"><i class=\"far fa-window-close\"><\/i><\/a> <\/p>\n<div id=\"hFF66KVqs4o\" class=\"video_telam\" readability=\"6\">\n<div class=\"feature_article_inner\" readability=\"32\">\n<p><h2 class=\"text-center\">La Reina Isabel en \u00abLos Minions\u00bb<\/h2>\n<\/p><\/div>\n<p>VER VIDEO <i class=\"fas fa-play\"><\/i><\/p>\n<\/p><\/div><\/div>\n<p>La vigencia y voluntad de participar activamente de los acontecimientos del presente a trav\u00e9s de los medios, se comprueba con <strong>\u00abLondon 2012: Olympic Ceremony\u00bb<\/strong> (2012), de <strong>Danny Boyle<\/strong>, en donde aun con sus 86 a\u00f1os para ese momento, dio su consentimiento para que a trav\u00e9s de una doble, protagonizar el corto de apertura de los Juegos Ol\u00edmpicos, lanz\u00e1ndose en paraca\u00eddas con James Bond (<strong>Daniel Craig<\/strong>). M\u00e1s brit\u00e1nico no se consigue. <\/p>\n","protected":false},"excerpt":{"rendered":"<p>Olivia Coleman como la Reina Isabel II, en edad intermedia, en la serie \u00abThe Crown\u00bb. El 6 de febrero de 1952 la princesa brit\u00e1nica Elizabeth Alexandra Mary fue proclamada reina luego de la muerte de su padre Jorge Vl y un a\u00f1o despu\u00e9s fue coronada como Isabel ll, en una asunci\u00f3n real en la abad\u00eda [&hellip;]<\/p>\n","protected":false},"author":1,"featured_media":20363,"comment_status":"closed","ping_status":"closed","sticky":false,"template":"","format":"standard","meta":[],"categories":[9],"tags":[],"_links":{"self":[{"href":"http:\/\/nuevacordoba.net\/index.php\/wp-json\/wp\/v2\/posts\/20362"}],"collection":[{"href":"http:\/\/nuevacordoba.net\/index.php\/wp-json\/wp\/v2\/posts"}],"about":[{"href":"http:\/\/nuevacordoba.net\/index.php\/wp-json\/wp\/v2\/types\/post"}],"author":[{"embeddable":true,"href":"http:\/\/nuevacordoba.net\/index.php\/wp-json\/wp\/v2\/users\/1"}],"replies":[{"embeddable":true,"href":"http:\/\/nuevacordoba.net\/index.php\/wp-json\/wp\/v2\/comments?post=20362"}],"version-history":[{"count":0,"href":"http:\/\/nuevacordoba.net\/index.php\/wp-json\/wp\/v2\/posts\/20362\/revisions"}],"wp:featuredmedia":[{"embeddable":true,"href":"http:\/\/nuevacordoba.net\/index.php\/wp-json\/wp\/v2\/media\/20363"}],"wp:attachment":[{"href":"http:\/\/nuevacordoba.net\/index.php\/wp-json\/wp\/v2\/media?parent=20362"}],"wp:term":[{"taxonomy":"category","embeddable":true,"href":"http:\/\/nuevacordoba.net\/index.php\/wp-json\/wp\/v2\/categories?post=20362"},{"taxonomy":"post_tag","embeddable":true,"href":"http:\/\/nuevacordoba.net\/index.php\/wp-json\/wp\/v2\/tags?post=20362"}],"curies":[{"name":"wp","href":"https:\/\/api.w.org\/{rel}","templated":true}]}}