{"id":20364,"date":"2022-06-01T14:50:18","date_gmt":"2022-06-01T14:50:18","guid":{"rendered":"http:\/\/cordobanewsnet.wordpress.com\/?p=6936"},"modified":"2022-06-01T14:50:18","modified_gmt":"2022-06-01T14:50:18","slug":"advierten-por-desabastecimiento-de-gasoil-en-cordoba","status":"publish","type":"post","link":"http:\/\/nuevacordoba.net\/index.php\/2022\/06\/01\/advierten-por-desabastecimiento-de-gasoil-en-cordoba\/","title":{"rendered":"Advierten por desabastecimiento de gasoil en C\u00f3rdoba"},"content":{"rendered":"<p>La&nbsp;<strong>falta de abastecimiento de gasoil&nbsp;<\/strong>en diferentes puntos de pa\u00eds se agrav\u00f3 desde abril pasado. Desde la Federaci\u00f3n Argentina de Entidades Empresarias del Autotransporte de Cargas (Fadeeac), que nuclea a 43 c\u00e1maras de transporte de todo el pa\u00eds, realizaron un informe que refleja la&nbsp;<strong>cr\u00edtica situaci\u00f3n que atraviesa cada provincia<\/strong>.&nbsp;<\/p>\n<p><strong>C\u00f3rdoba est\u00e1 en alerta naranja<\/strong>, donde el promedio de suministro es de 20 litros por unidad, seg\u00fan el \u201cMapa de abastecimiento de gasoil\u201d. Se trata de un sem\u00e1foro virtual creado por Fadeeac con el objetivo monitorear en tiempo real la disponibilidad de combustible en Argentina.<\/p>\n<figure class=\"wp-block-image\"><img src=\"http:\/\/nuevacordoba.net\/wp-content\/uploads\/2022\/06\/advierten-por-desabastecimiento-de-gasoil-en-cordoba.jpg\" alt><\/figure>\n<p>Alfredo Guagliano, vicepresidente de la entidad de transporte de carga, asegur\u00f3 a<em><strong>&nbsp;Arriba C\u00f3rdoba<\/strong><\/em>&nbsp;que<strong>&nbsp;\u201cla situaci\u00f3n es grave\u201d<\/strong>. \u201cEsto comenz\u00f3 hace cuatro o cinco meses, no tenemos un precio de referencia del combustible porque ese valor que tiene el surtidor no se consigue,&nbsp;<strong>se pagan sobreprecios<\/strong>\u201d, continu\u00f3. Tambi\u00e9n remarc\u00f3 que \u201cse est\u00e1 convirtiendo en un problema financiero para las empresas\u201d.<\/p>\n<p><em><strong>&nbsp;+ MIR\u00c1 M\u00c1S:&nbsp;<a href=\"http:\/\/eldoce.tv\/politica\/aumentos-junio-energia-electrica-gas-natural-seran-mas-caros-cordoba-argentina_130308\" target=\"_blank\" rel=\"noreferrer noopener\">Los aumentos de junio: la energ\u00eda el\u00e9ctrica y el gas natural ser\u00e1n m\u00e1s caros<\/a><\/strong><\/em><\/p>\n<p>\u201cTodos sabemos que nuestro pa\u00eds no se autoabastece y tiene que importar. \u00bfQu\u00e9 petrolera va a importar a un valor para venderlo a un valor menor? Ninguno\u201d. Y subray\u00f3 tajante:&nbsp;<strong>\u201cLa soluci\u00f3n aqu\u00ed la tiene el Gobierno Nacional\u201d<\/strong>.<\/p>\n<p>Guagliano advirti\u00f3 que ahora hay escasez de combustible y,&nbsp;<strong>\u201csi esto no se arregla, va a haber desabastecimiento de todo tipo de productos\u201d<\/strong>. Adem\u00e1s, reflej\u00f3 que las consecuencias ya est\u00e1n a la vista: \u201cEl 90 por ciento de la mercader\u00eda que se transporta se hace por cami\u00f3n y las empresas no estamos cumpliendo con los viajes programados que tenemos\u201d.<\/p>\n<p><strong>La respuesta del Gobierno Nacional<\/strong><\/p>\n<p>Jujuy, Salta, Formosa, Tucum\u00e1n, Misiones, Corrientes y Entre R\u00edos est\u00e1n en rojo, lo que significa muy bajo o nulo suministro en las estaciones de servicio. Ante esta situaci\u00f3n,&nbsp;el jefe de Gabinete, Juan Manzur,&nbsp;dijo que va a importar m\u00e1s combustible.<\/p>\n<p>Lo asegur\u00f3 en di\u00e1logo con la prensa antes de ingresar a la Casa Rosada esta ma\u00f1ana:&nbsp;\u00abEstuvimos reunido con los gobernadores del norte grande de diez provincias, se tocaron m\u00faltiples temas de econom\u00edas regionales, obras para mejorar la log\u00edstica y abaratar el costo y se preve\u00eda un faltante de combustible\u00bb.<\/p>\n<p>Y reiter\u00f3: \u00abEstamos trabajando, habl\u00e9 con las autoridades de \u00e1reas correspondientes y se va a resolver, se va a importar m\u00e1s\u00bb.<\/p>\n<div id=\"jp-post-flair\" class=\"sharedaddy sd-like-enabled sd-sharing-enabled\">\n<div class=\"sharedaddy sd-sharing-enabled\">\n<div class=\"robots-nocontent sd-block sd-social sd-social-icon-text sd-sharing\">\n<h3 class=\"sd-title\">Share this:<\/h3>\n<\/div>\n<\/div>\n<div class=\"sharedaddy sd-block sd-like jetpack-likes-widget-wrapper jetpack-likes-widget-unloaded\" id=\"like-post-wrapper-143108178-6936-62981d74e1159\" data-src=\"\/\/widgets.wp.com\/likes\/index.html?ver=20220105#blog_id=143108178&amp;post_id=6936&amp;origin=cordobanewsnet.wordpress.com&amp;obj_id=143108178-6936-62981d74e1159\" data-name=\"like-post-frame-143108178-6936-62981d74e1159\" data-title=\"Me gusta o Compartir\">\n<h3 class=\"sd-title\">Me gusta esto:<\/h3>\n<p><span class=\"button\"><span>Me gusta<\/span><\/span> <span class=\"loading\">Cargando&#8230;<\/span><\/p>\n<p><span class=\"sd-text-color\"><\/span><\/div>\n<p><h3 class=\"jp-relatedposts-headline\"><em>Relacionado<\/em><\/h3>\n<\/p>\n<\/div>\n","protected":false},"excerpt":{"rendered":"<p>La&nbsp;falta de abastecimiento de gasoil&nbsp;en diferentes puntos de pa\u00eds se agrav\u00f3 desde abril pasado. Desde la Federaci\u00f3n Argentina de Entidades Empresarias del Autotransporte de Cargas (Fadeeac), que nuclea a 43 c\u00e1maras de transporte de todo el pa\u00eds, realizaron un informe que refleja la&nbsp;cr\u00edtica situaci\u00f3n que atraviesa cada provincia.&nbsp; C\u00f3rdoba est\u00e1 en alerta naranja, donde el [&hellip;]<\/p>\n","protected":false},"author":1,"featured_media":20365,"comment_status":"closed","ping_status":"closed","sticky":false,"template":"","format":"standard","meta":[],"categories":[14],"tags":[],"_links":{"self":[{"href":"http:\/\/nuevacordoba.net\/index.php\/wp-json\/wp\/v2\/posts\/20364"}],"collection":[{"href":"http:\/\/nuevacordoba.net\/index.php\/wp-json\/wp\/v2\/posts"}],"about":[{"href":"http:\/\/nuevacordoba.net\/index.php\/wp-json\/wp\/v2\/types\/post"}],"author":[{"embeddable":true,"href":"http:\/\/nuevacordoba.net\/index.php\/wp-json\/wp\/v2\/users\/1"}],"replies":[{"embeddable":true,"href":"http:\/\/nuevacordoba.net\/index.php\/wp-json\/wp\/v2\/comments?post=20364"}],"version-history":[{"count":0,"href":"http:\/\/nuevacordoba.net\/index.php\/wp-json\/wp\/v2\/posts\/20364\/revisions"}],"wp:featuredmedia":[{"embeddable":true,"href":"http:\/\/nuevacordoba.net\/index.php\/wp-json\/wp\/v2\/media\/20365"}],"wp:attachment":[{"href":"http:\/\/nuevacordoba.net\/index.php\/wp-json\/wp\/v2\/media?parent=20364"}],"wp:term":[{"taxonomy":"category","embeddable":true,"href":"http:\/\/nuevacordoba.net\/index.php\/wp-json\/wp\/v2\/categories?post=20364"},{"taxonomy":"post_tag","embeddable":true,"href":"http:\/\/nuevacordoba.net\/index.php\/wp-json\/wp\/v2\/tags?post=20364"}],"curies":[{"name":"wp","href":"https:\/\/api.w.org\/{rel}","templated":true}]}}