{"id":20370,"date":"2022-06-02T06:54:51","date_gmt":"2022-06-02T06:54:51","guid":{"rendered":"http:\/\/nuevacordoba.net\/index.php\/2022\/06\/02\/argentina-fue-consagrado-en-dos-templos-del-futbol-en-menos-de-un-ano-maracana-y-wembley\/"},"modified":"2022-06-02T06:54:51","modified_gmt":"2022-06-02T06:54:51","slug":"argentina-fue-consagrado-en-dos-templos-del-futbol-en-menos-de-un-ano-maracana-y-wembley","status":"publish","type":"post","link":"http:\/\/nuevacordoba.net\/index.php\/2022\/06\/02\/argentina-fue-consagrado-en-dos-templos-del-futbol-en-menos-de-un-ano-maracana-y-wembley\/","title":{"rendered":"Argentina fue consagrado en dos templos del f\u00fatbol en menos de un a\u00f1o: Maracan\u00e1 y Wembley"},"content":{"rendered":"<figure class=\"mb-3\"><img loading=\"lazy\" src=\"http:\/\/nuevacordoba.net\/wp-content\/uploads\/2022\/06\/argentina-fue-consagrado-en-dos-templos-del-futbol-en-menos-de-un-ano-maracana-y-wembley.jpg\" width=\"100%\" height=\"100%\" alt=\"Argentina campeona de Amrica Foto AFP Archivo\"><figcaption> Argentina campeona de Am\u00e9rica. Foto: AFP (Archivo) <\/figcaption><\/figure>\n<p>La pasi\u00f3n de los hinchas y la fe de los futbolistas que siguen al \u00abDios Messi\u00bb, su capit\u00e1n, a donde quiera que los lleve, y que en los \u00faltimos 12 meses los transport\u00f3 hacia la gloriosa obtenci\u00f3n de dos t\u00edtulos como la Copa Am\u00e9rica y la de Campeones despu\u00e9s de 28 a\u00f1os, comulgaron para que por ejemplo hoy 50.000 argentinos coparan Wembley para seguir escribiendo la \u00abnueva historia\u00bb de su selecci\u00f3n.<\/p>\n<p>La \u00abconfirmaci\u00f3n\u00bb se dio en el Maracan\u00e1 el 10 de julio de 2021 con el 1-0 sobre Brasil en la final de la Copa Am\u00e9rica con un gol de excelsa definici\u00f3n de \u00c1ngel Di Mar\u00eda, y ahora, este 1 de junio de 2022 el \u00abFideo\u00bb rosarino repiti\u00f3 con su zurda digna de un taco de billar para marcar en otra consagraci\u00f3n albiceleste.<\/p>\n<p>Esta vez marc\u00f3 el segundo tanto de un 3 a 0 tras una asistencia de Lautaro Mart\u00ednez, el \u00abToro\u00bb que hab\u00eda marcado el primero. Despu\u00e9s, a quien seguramente reemplazar\u00e1 en los pr\u00f3ximos d\u00edas en la Juventus justamente italiana, Paulo Dybala, lo vio cerrar la cuenta con otra precisa definici\u00f3n. El cordob\u00e9s hab\u00eda entrado ya en tiempo de descuento.<\/p>\n<p>Esta es una prueba m\u00e1s de que este equipo, o mejor dicho este grupo, est\u00e1 \u00abbendecido\u00bb y en ello tiene que ver, como todos sus integrantes lo resaltan, la \u00abcomuni\u00f3n\u00bb que existe entre ellos.<\/p>\n<p>Y m\u00e1s all\u00e1 de Messi, es precisamente Di Mar\u00eda el ejemplo de esta \u00abredenci\u00f3n\u00bb yendo desde lo personal a lo grupal, de ida y de vuelta, para espantar las cr\u00edticas malignas que iban en aumento conforme el destino iba sumando frustraciones pero no malas actuaciones, lo que hac\u00edan m\u00e1s injusto ese \u00abcalvario\u00bb que lo ten\u00eda entre los principales apuntados por algunas inoportunas lesiones en momentos definitorios.<\/p>\n<p>Una final de Mundial perdida en Brasil con Alemania en 2014, y un par m\u00e1s de Copa Am\u00e9rica en Chile y Estados Unidos en los dos a\u00f1os sucesivos, 2015 y 2016, la primera en tiempo suplementario y las otras dos por penales, representaban ese aura negativo que acompa\u00f1aba a la selecci\u00f3n en esa primera d\u00e9cada del Siglo XXI.<\/p>\n<p>Pero apenas se produjo el cambio de d\u00e9cada todo cambi\u00f3 absolutamente, lo malo se transform\u00f3 en bueno, la tristeza en felicidad y las frustraciones en logros.<\/p>\n<figure class=\"mb-3\"><img loading=\"lazy\" src=\"http:\/\/nuevacordoba.net\/wp-content\/uploads\/2022\/06\/argentina-fue-consagrado-en-dos-templos-del-futbol-en-menos-de-un-ano-maracana-y-wembley-1.jpg\" width=\"100%\" height=\"100%\" alt=\"Telam SE\"><figcaption><\/figcaption><\/figure>\n<p>El aura, por definici\u00f3n, es \u00abalguna impresi\u00f3n o sensaci\u00f3n que var\u00eda y puede cambiar la percepci\u00f3n de los seres vivos que se encuentren a su alrededor\u00bb. Y esa descripci\u00f3n encaja perfectamente hoy, casi como si hubiera sido puesta en tiempo y espacio para interpretar este momento del seleccionado argentino.<\/p>\n<p>Creer o reventar. \u00abLa vida es sue\u00f1o, y los sue\u00f1os, sue\u00f1os son\u00bb, reflexion\u00f3 Pedro Calder\u00f3n de la Barca sobre el sentido de la vida estando en cautiverio.<\/p>\n<p>Argentina hoy se liber\u00f3 de esa prisi\u00f3n en la que estaba detenido en el tiempo por su falta de \u00e9xitos absolutos y est\u00e1 concretando sue\u00f1os mientras espera por el m\u00e1s grande de todos, el del Mundial de Qatar, para el que ya \u00abpidi\u00f3\u00bb que se haga realidad en dos santuarios del f\u00fatbol como Maracan\u00e1 y Wembley.<\/p>\n<p>Y las se\u00f1ales que percibi\u00f3 no pueden ser m\u00e1s alentadoras, aunque Lionel Scaloni y sus dirigidos son conscientes que no todo es nada m\u00e1s que una cuesti\u00f3n de fe. Y para eso trabajan mancomunados todo el tiempo que les es posible, mientras esperan y desean que este nuevo aura los siga acompa\u00f1ando, como m\u00ednimo hasta fin de a\u00f1o. <\/p>\n","protected":false},"excerpt":{"rendered":"<p>Argentina campeona de Am\u00e9rica. Foto: AFP (Archivo) La pasi\u00f3n de los hinchas y la fe de los futbolistas que siguen al \u00abDios Messi\u00bb, su capit\u00e1n, a donde quiera que los lleve, y que en los \u00faltimos 12 meses los transport\u00f3 hacia la gloriosa obtenci\u00f3n de dos t\u00edtulos como la Copa Am\u00e9rica y la de Campeones [&hellip;]<\/p>\n","protected":false},"author":1,"featured_media":20371,"comment_status":"closed","ping_status":"closed","sticky":false,"template":"","format":"standard","meta":[],"categories":[10],"tags":[],"_links":{"self":[{"href":"http:\/\/nuevacordoba.net\/index.php\/wp-json\/wp\/v2\/posts\/20370"}],"collection":[{"href":"http:\/\/nuevacordoba.net\/index.php\/wp-json\/wp\/v2\/posts"}],"about":[{"href":"http:\/\/nuevacordoba.net\/index.php\/wp-json\/wp\/v2\/types\/post"}],"author":[{"embeddable":true,"href":"http:\/\/nuevacordoba.net\/index.php\/wp-json\/wp\/v2\/users\/1"}],"replies":[{"embeddable":true,"href":"http:\/\/nuevacordoba.net\/index.php\/wp-json\/wp\/v2\/comments?post=20370"}],"version-history":[{"count":0,"href":"http:\/\/nuevacordoba.net\/index.php\/wp-json\/wp\/v2\/posts\/20370\/revisions"}],"wp:featuredmedia":[{"embeddable":true,"href":"http:\/\/nuevacordoba.net\/index.php\/wp-json\/wp\/v2\/media\/20371"}],"wp:attachment":[{"href":"http:\/\/nuevacordoba.net\/index.php\/wp-json\/wp\/v2\/media?parent=20370"}],"wp:term":[{"taxonomy":"category","embeddable":true,"href":"http:\/\/nuevacordoba.net\/index.php\/wp-json\/wp\/v2\/categories?post=20370"},{"taxonomy":"post_tag","embeddable":true,"href":"http:\/\/nuevacordoba.net\/index.php\/wp-json\/wp\/v2\/tags?post=20370"}],"curies":[{"name":"wp","href":"https:\/\/api.w.org\/{rel}","templated":true}]}}