{"id":20380,"date":"2022-06-01T23:43:02","date_gmt":"2022-06-01T23:43:02","guid":{"rendered":"https:\/\/www.ole.com.ar\/futbol-ascenso\/p-nacional-rafaela-refuerzos-bajas_0_jbGjFHFkFv.html"},"modified":"2022-06-01T23:43:02","modified_gmt":"2022-06-01T23:43:02","slug":"en-rafaela-unos-vienen-y-otros-se-van","status":"publish","type":"post","link":"http:\/\/nuevacordoba.net\/index.php\/2022\/06\/01\/en-rafaela-unos-vienen-y-otros-se-van\/","title":{"rendered":"En Rafaela unos vienen y otros se van"},"content":{"rendered":"<p>De la mano de Ezequiel Medr\u00e1n, su nuevo director t\u00e9cnico, comenz\u00f3 a moverse el mercado de pases en Atl\u00e9tico de Rafaela, que necesita levantar su rendimiento en la Primera Nacional si realmente quiere pelear uno de los ascensos a la m\u00e1xima categor\u00eda del f\u00fatbol argentino.<\/p>\n<div class=\"sp__SM\">\n<div class=\"content-new \">\n<span class=\"tit-mobile\">Mir\u00e1 tambi\u00e9n<\/span><\/p>\n<div class=\"mg\">\n<div class=\"wrap-figure\">\n<picture>\n<a href=\"https:\/\/www.ole.com.ar\/futbol-ascenso\/p-nacional-chavo-for-ever_0_qvSa6GhbPw.html\" target=\"_self\" rel=\"noopener\"><br \/>\n<img class=\"img-responsive\" alt=\"For Ever confirm\u00f3 a su primer refuerzo\" src=\"http:\/\/nuevacordoba.net\/wp-content\/uploads\/2022\/06\/en-rafaela-unos-vienen-y-otros-se-van.jpg\" loading=\"lazy\"><br \/>\n<\/a>\n<\/picture>\n<\/div>\n<\/div><\/div>\n<\/div>\n<p> En b\u00fasqueda de reforzar su plantel ya se confirmaron dos llegadas a la instituci\u00f3n: Nicol\u00e1s Lamendola y un viejo conocido de la casa, Mauro Albertengo.<\/p>\n<div class=\"sp__SM\">\n<div class=\"content-new \">\n<span class=\"tit-mobile\">Mir\u00e1 tambi\u00e9n<\/span><\/p>\n<div class=\"mg\">\n<div class=\"wrap-figure\">\n<picture>\n<a href=\"https:\/\/www.ole.com.ar\/futbol-ascenso\/p-nacional-ferro-acosta-llega_0_NVHMlikMIg.html\" target=\"_self\" rel=\"noopener\"><br \/>\n<img class=\"img-responsive\" alt=\"Ferro fue por Mateo Acosta, pero no se va...\" src=\"http:\/\/nuevacordoba.net\/wp-content\/uploads\/2022\/06\/en-rafaela-unos-vienen-y-otros-se-van-1.jpg\" loading=\"lazy\"><br \/>\n<\/a>\n<\/picture>\n<\/div>\n<\/div><\/div>\n<\/div>\n<p> Lamendola llega a pr\u00e9stamo proveniente de Atletico Tucuman, en donde tuvo varios partidos en la Primera del Decano pero en los \u00faltimos meses se desempe\u00f1\u00f3 en la Reserva. El mediocampista de 23 a\u00f1os firm\u00f3 a pr\u00e9stamo hasta diciembre de 2023 con el objetivo de sumar los minutos que no logr\u00f3 en el conjunto tucumano.<\/p>\n<div class=\"sp__SM\">\n<div class=\"content-new \">\n<span class=\"tit-mobile\">Mir\u00e1 tambi\u00e9n<\/span><\/p>\n<div class=\"mg\">\n<div class=\"wrap-figure\">\n<picture>\n<a href=\"https:\/\/www.ole.com.ar\/futbol-ascenso\/p-nacional-alte-brown-candidatos_0_76rOAD0NBh.html\" target=\"_self\" rel=\"noopener\"><br \/>\n<img class=\"img-responsive\" alt=\"\u00bfQui\u00e9n agarra el tim\u00f3n en La Fragata?\" src=\"http:\/\/nuevacordoba.net\/wp-content\/uploads\/2022\/06\/en-rafaela-unos-vienen-y-otros-se-van-2.jpg\" loading=\"lazy\"><br \/>\n<\/a>\n<\/picture>\n<\/div>\n<\/div><\/div>\n<\/div>\n<p>Por el lado de Albertengo es diferente porque el delantero de 32 a\u00f1os surgido desde las inferiores del club, llega en condici\u00f3n de libre luego de rescindir su contrato con Barracas Central donde no contaba con demasiados minutos. y luego de firmar su v\u00ednculo con el club hasta diciembre de 2023 tendr\u00e1 su segundo ciclo en La Crema.<\/p>\n<div class=\"sp__SM\">\n<div class=\"content-new \">\n<span class=\"tit-mobile\">Mir\u00e1 tambi\u00e9n<\/span><\/p>\n<div class=\"mg\">\n<div class=\"wrap-figure\">\n<picture>\n<a href=\"https:\/\/www.ole.com.ar\/futbol-ascenso\/primera-c-argentino-m-nuevo-dt-nohra_0_u42d3f530v.html\" target=\"_self\" rel=\"noopener\"><br \/>\n<img class=\"img-responsive\" alt=\"Lleg\u00f3 el nuevo entrenador a La Academia de Merlo\" src=\"http:\/\/nuevacordoba.net\/wp-content\/uploads\/2022\/06\/en-rafaela-unos-vienen-y-otros-se-van-3.jpg\" loading=\"lazy\"><br \/>\n<\/a>\n<\/picture>\n<\/div>\n<\/div><\/div>\n<\/div>\n<h2><strong>DOS QUE SE FUERON<\/strong><\/h2>\n<p><strong><\/strong>Guido Mil\u00e1n y Diego Cardozo no continuar\u00e1n en el club luego de rescindir sus respectivos contratos. El destino de ambos futbolistas se encuentra en Gimnasia y Tiro de Salta, donde volver\u00e1n a compartir plantel.<\/p>\n<div class=\"sp__SM\">\n<div class=\"content-new \">\n<span class=\"tit-mobile\">Mir\u00e1 tambi\u00e9n<\/span><\/p>\n<div class=\"mg\">\n<div class=\"wrap-figure\">\n<picture>\n<a href=\"https:\/\/www.ole.com.ar\/futbol-ascenso\/p-nacional-independienter-arquero-_0_tupkJgmA0B.html\" target=\"_self\" rel=\"noopener\"><br \/>\n<img class=\"img-responsive\" alt=\"Protecci\u00f3n para el arco de Independiente\" src=\"http:\/\/nuevacordoba.net\/wp-content\/uploads\/2022\/06\/en-rafaela-unos-vienen-y-otros-se-van-4.jpg\" loading=\"lazy\"><br \/>\n<\/a>\n<\/picture>\n<\/div>\n<\/div><\/div>\n<\/div>\n<div class=\"sp__SM\">\n<div class=\"content-new \">\n<span class=\"tit-mobile\">Mir\u00e1 tambi\u00e9n<\/span><\/p>\n<div class=\"mg\">\n<div class=\"wrap-figure\">\n<picture>\n<a href=\"https:\/\/www.ole.com.ar\/futbol-ascenso\/p-nacional-instituto-tristan-suarez_0_gkOM3N6iK7.html\" target=\"_self\" rel=\"noopener\"><br \/>\n<img class=\"img-responsive\" alt=\"La Gloria meti\u00f3 un triunfazo\" src=\"http:\/\/nuevacordoba.net\/wp-content\/uploads\/2022\/06\/en-rafaela-unos-vienen-y-otros-se-van-5.jpg\" loading=\"lazy\"><br \/>\n<\/a>\n<\/picture>\n<\/div>\n<\/div><\/div>\n<\/div>\n<div class=\"entry-tags\">\n<h2>TEMAS QUE APARECEN EN ESTA NOTA<\/h2>\n<\/p><\/div>\n","protected":false},"excerpt":{"rendered":"<p>De la mano de Ezequiel Medr\u00e1n, su nuevo director t\u00e9cnico, comenz\u00f3 a moverse el mercado de pases en Atl\u00e9tico de Rafaela, que necesita levantar su rendimiento en la Primera Nacional si realmente quiere pelear uno de los ascensos a la m\u00e1xima categor\u00eda del f\u00fatbol argentino. Mir\u00e1 tambi\u00e9n En b\u00fasqueda de reforzar su plantel ya se [&hellip;]<\/p>\n","protected":false},"author":1,"featured_media":20381,"comment_status":"closed","ping_status":"closed","sticky":false,"template":"","format":"standard","meta":[],"categories":[10],"tags":[],"_links":{"self":[{"href":"http:\/\/nuevacordoba.net\/index.php\/wp-json\/wp\/v2\/posts\/20380"}],"collection":[{"href":"http:\/\/nuevacordoba.net\/index.php\/wp-json\/wp\/v2\/posts"}],"about":[{"href":"http:\/\/nuevacordoba.net\/index.php\/wp-json\/wp\/v2\/types\/post"}],"author":[{"embeddable":true,"href":"http:\/\/nuevacordoba.net\/index.php\/wp-json\/wp\/v2\/users\/1"}],"replies":[{"embeddable":true,"href":"http:\/\/nuevacordoba.net\/index.php\/wp-json\/wp\/v2\/comments?post=20380"}],"version-history":[{"count":0,"href":"http:\/\/nuevacordoba.net\/index.php\/wp-json\/wp\/v2\/posts\/20380\/revisions"}],"wp:featuredmedia":[{"embeddable":true,"href":"http:\/\/nuevacordoba.net\/index.php\/wp-json\/wp\/v2\/media\/20381"}],"wp:attachment":[{"href":"http:\/\/nuevacordoba.net\/index.php\/wp-json\/wp\/v2\/media?parent=20380"}],"wp:term":[{"taxonomy":"category","embeddable":true,"href":"http:\/\/nuevacordoba.net\/index.php\/wp-json\/wp\/v2\/categories?post=20380"},{"taxonomy":"post_tag","embeddable":true,"href":"http:\/\/nuevacordoba.net\/index.php\/wp-json\/wp\/v2\/tags?post=20380"}],"curies":[{"name":"wp","href":"https:\/\/api.w.org\/{rel}","templated":true}]}}