{"id":20400,"date":"2022-06-02T11:15:45","date_gmt":"2022-06-02T11:15:45","guid":{"rendered":"http:\/\/nuevacordoba.net\/index.php\/2022\/06\/02\/cinco-muertos-en-dos-nuevos-tiroteos-en-eeuu-y-nueva-york-estudia-declarar-la-emergencia\/"},"modified":"2022-06-02T11:15:45","modified_gmt":"2022-06-02T11:15:45","slug":"cinco-muertos-en-dos-nuevos-tiroteos-en-eeuu-y-nueva-york-estudia-declarar-la-emergencia","status":"publish","type":"post","link":"http:\/\/nuevacordoba.net\/index.php\/2022\/06\/02\/cinco-muertos-en-dos-nuevos-tiroteos-en-eeuu-y-nueva-york-estudia-declarar-la-emergencia\/","title":{"rendered":"Cinco muertos en dos nuevos tiroteos en EEUU y Nueva York estudia declarar la emergencia"},"content":{"rendered":"<figure class=\"mb-3\"><img loading=\"lazy\" src=\"http:\/\/nuevacordoba.net\/wp-content\/uploads\/2022\/06\/cinco-muertos-en-dos-nuevos-tiroteos-en-eeuu-y-nueva-york-estudia-declarar-la-emergencia.jpg\" width=\"100%\" height=\"100%\" alt=\"La ola de violencia se expande por Estados Unidos\"><figcaption> La ola de violencia se expande por Estados Unidos <\/figcaption><\/figure>\n<p>Dos nuevos tiroteos dejaron al menos cinco muertos este mi\u00e9rcoles en Estados Unidos mientras en Uvalde, Texas, sepultaban a una de las dos maestras asesinadas en la reciente masacre en una escuela primaria y la ciudad de Nueva York analizaba declarar el estado de emergencia por la violencia creciente con armas de fuego. <strong>Uno de los tiroteos se produjo cuando un hombre con un fusil abri\u00f3 fuego en un campus del centro m\u00e9dico St. Francis, en Tusla, Oklahoma <\/strong>(estado del centro-sur de Estados Unidos) y<strong> provoc\u00f3 cinco muertos<\/strong> -incluso \u00e9l mismo- y varios heridos, informaron autoridades.<\/p>\n<p><strong>\u00abPodemos confirmar que cinco personas fallecieron, incluido el atacante, en el tiroteo\u00bb, public\u00f3 la Polic\u00eda de Tusla<\/strong> en Twitter.<\/p>\n<p><strong>\u00abUna escena catastr\u00f3fica\u00bb, dijo el sargento Richard Meulenberg,<\/strong> seg\u00fan la televisora CNN y la agencia de noticias ANSA.<\/p>\n<blockquote class=\"twitter-tweet\" readability=\"7.759842519685\">\n<p lang=\"es\" dir=\"ltr\">\ud83d\udd34 ACTUALIZACI\u00d3N | Cinco muertos en un tiroteo en un hospital de Tulsa, en Oklahoma <\/p>\n<p>\u2b55 La polic\u00eda ha confirmado cuatro v\u00edctimas mortales y ha se\u00f1alado que el tirador tambi\u00e9n est\u00e1 muerto <a href=\"https:\/\/t.co\/lvYHJVxKrK\">https:\/\/t.co\/lvYHJVxKrK<\/a><\/p>\n<p>\u2014 EL PA\u00cdS (@el_pais) <a href=\"https:\/\/twitter.com\/el_pais\/status\/1532163520363741188?ref_src=twsrc%5Etfw\">June 2, 2022<\/a><\/p><\/blockquote>\n<p><strong>El polic\u00eda agreg\u00f3: \u00abUn sospechoso fue abatido. No s\u00e9 en este momento si le disparamos o \u00e9l mismo se dispar\u00f3\u00bb<\/strong>, seg\u00fan la agencia Europa Press.<\/p>\n<p>En tanto, el concejal de Tulsa Jayme Fowler dijo a la emisora local KOTV que el sospechoso se suicid\u00f3.<\/p>\n<p>Por su parte, el vocero del Departamento de Bomberos de Tulsa, Andy Little, dijo que \u00abel sospechoso dispar\u00f3 y mat\u00f3 a varias personas\u00bb.<\/p>\n<p>Little asegur\u00f3 que al menos una persona fue sacada del hospital con heridas graves y que les dijeron que el atacante \u00abentr\u00f3 con un rifle\u00bb.<\/p>\n<p><strong>Darin Glodo, del departamento de Polic\u00eda de Tulsa, dijo que el tiroteo fue en el Natalie Medical Building<\/strong>, un edificio de consultorios m\u00e9dicos del hospital de Saint Francis.<\/p>\n<p>La polic\u00eda revis\u00f3 todos los pisos del centro m\u00e9dico.<\/p>\n<blockquote class=\"twitter-tweet\" readability=\"6.4\">\n<p lang=\"en\" dir=\"ltr\">BREAKING: Pennsylvania police responding to active shooting near Walmart, manhunt underway for suspect, reports say <a href=\"https:\/\/t.co\/z2RvJ5cCsu\">https:\/\/t.co\/z2RvJ5cCsu<\/a><\/p>\n<p>\u2014 Fox News (@FoxNews) <a href=\"https:\/\/twitter.com\/FoxNews\/status\/1532111525040758785?ref_src=twsrc%5Etfw\">June 1, 2022<\/a><\/p><\/blockquote>\n<p>A su vez, <strong>al menos una persona result\u00f3 herida por disparos de arma de fuego cerca de un supermercado Walmart en Pennsylvania<\/strong>, informaron medios estadounidenses.<\/p>\n<p>La polic\u00eda hab\u00eda comenzado una persecuci\u00f3n para hallar al agresor y el <strong>principal sospechoso era un afronorteamericano que usaba una remera azul y blanca.<\/strong><\/p>\n<p>La polic\u00eda cerr\u00f3 parte de la autopista estatal 315, en los alrededores de Pittston Township, en el condado de Luzeme, para facilitar la b\u00fasqueda.<\/p>\n<p>Estos dos nuevos sucesos se produjeron mientras <strong>en Uvalde, Texas, sepultaban a Irma Garc\u00eda, una de las dos maestras asesinadas la semana pasada en una masacre en una escuela primaria, que dej\u00f3 21 muertos (19 ni\u00f1os y dos docentes).<\/strong><\/p>\n<p>A esas v\u00edctimas se sum\u00f3 el esposo de Irma, fallecido a los pocos d\u00edas de un ataque card\u00edaco.<\/p>\n<p>Garc\u00eda, de 48 a\u00f1os, fue una de las personas asesinada por Salvador Ramos, de 18 a\u00f1os que ingres\u00f3 con un rifle semiautom\u00e1tico a la primaria Robb Elementary el 24 de mayo y desat\u00f3 la masacre.<\/p>\n<figure class=\"mb-3\"><img loading=\"lazy\" src=\"http:\/\/nuevacordoba.net\/wp-content\/uploads\/2022\/06\/cinco-muertos-en-dos-nuevos-tiroteos-en-eeuu-y-nueva-york-estudia-declarar-la-emergencia-1.jpg\" width=\"100%\" height=\"100%\" alt=\"Continan los entierros de las vctimas en Uvalde Foto AFP\"><figcaption> Contin\u00faan los entierros de las v\u00edctimas en Uvalde. Foto: AFP <\/figcaption><\/figure>\n<p><strong readability=\"3\">Los f\u00e9retros de Garc\u00eda y su esposo, cubiertos de flores, fueron llevados a la Iglesia Cat\u00f3lica del Sagrado Coraz\u00f3n de la localidad para una misa a la que asisti\u00f3 el secretario de Educaci\u00f3n, Miguel Cardona.<\/p>\n<p>\u00abDebemos unirnos como pa\u00eds en contra de este ciclo de violencia sin sentido\u00bb, <\/p>\n<p><\/strong>escribi\u00f3 el funcionario en un comunicado.<\/p>\n<p>Otras cinco v\u00edctimas, entre ellas dos ni\u00f1os, permanec\u00edan hospitalizadas hoy en la ciudad de San Antonio, seg\u00fan medios.<\/p>\n<p>Los primeros funerales de los estudiantes muertos en el ataque se realizaron ayer.<\/p>\n<p>Esta tragedia, la \u00faltima de una <strong>epidemia de violencia con armas de fuego en Estados Unidos en los \u00faltimos a\u00f1os, provoc\u00f3 llamados desesperados de distintos sectores para que el Congreso apruebe leyes m\u00e1s estrictas sobre la venta y la portaci\u00f3n de armas de fuego.<\/strong><\/p>\n<p>Este mi\u00e9rcoles tambi\u00e9n acusaron de terrorismo interno a Payton Gendron, el adolescente blanco acusado de matar a tiros a 10 personas durante un ataque racista en un supermercado en Buffalo, estado de Nueva York, el mes pasado.<\/p>\n<p>El de Uvalde fue segundo ataque m\u00e1s letal contra un centro educativo desde el asesinato de 20 ni\u00f1os y seis adultos en la escuela primaria Sandy Hook, en Newtown, Connecticut, en 2012.<\/p>\n<p>Sin embargo, tras la matanza de Uvalde, hubo una docena de tiroteos con m\u00e1s de cuatro muertos reportados en todo el pa\u00eds el fin de semana largo del \u00abMemorial Day\u00bb (D\u00eda de los Ca\u00eddos).<\/p>\n<p>Seg\u00fan el sitio web Gun Violence Archive, hubo al menos 132 muertes y 329 heridos por armas de fuego en todo el pa\u00eds desde el s\u00e1bado 28 hasta el lunes 30 por la noche.<\/p>\n<blockquote class=\"twitter-tweet\" readability=\"5.5060975609756\">\n<p lang=\"en\" dir=\"ltr\">New York City Mayor Eric Adams to appoint \u2018gun violence czar\u2019 as shootings, killings persist: report <a href=\"https:\/\/t.co\/ZOs9BFYXA0\">https:\/\/t.co\/ZOs9BFYXA0<\/a><\/p>\n<p>\u2014 Fox News (@FoxNews) <a href=\"https:\/\/twitter.com\/FoxNews\/status\/1532161334070104064?ref_src=twsrc%5Etfw\">June 2, 2022<\/a><\/p><\/blockquote>\n<p>En ese contexto, <strong>el alcalde de la ciudad de Nueva York, Eric Adams, analizaba la posibilidad de declarar el estado de emergencia all\u00ed debido a la creciente violencia con armas de fuego, seg\u00fan el diario The New York Times.<\/strong><\/p>\n<p>Los incidentes con armas de fuego en la ciudad se duplicaron entre 2019 y 2021, de 777 a 1.562, y llegaron al n\u00famero m\u00e1s alto desde 2006.<\/p>\n<p>Desde que asumiera el cargo, el 1 de enero de este a\u00f1o, Adams reforz\u00f3 la presencia policial en los subtes y reactiv\u00f3 una divisi\u00f3n antiarmas que hab\u00eda sido clausurada tiempo atr\u00e1s.<\/p>\n<p>\u00abEsta es la batalla de nuestros tiempos en t\u00e9rminos de derechos civiles: debemos afrontar no solo c\u00f3mo las armas destruyen individuos, sino c\u00f3mo destruyen la anatom\u00eda de nuestras comunidades y de nuestras ciudades\u00bb, dijo Adams meses atr\u00e1s. <\/p>\n","protected":false},"excerpt":{"rendered":"<p>La ola de violencia se expande por Estados Unidos Dos nuevos tiroteos dejaron al menos cinco muertos este mi\u00e9rcoles en Estados Unidos mientras en Uvalde, Texas, sepultaban a una de las dos maestras asesinadas en la reciente masacre en una escuela primaria y la ciudad de Nueva York analizaba declarar el estado de emergencia por [&hellip;]<\/p>\n","protected":false},"author":1,"featured_media":20401,"comment_status":"closed","ping_status":"closed","sticky":false,"template":"","format":"standard","meta":[],"categories":[13],"tags":[],"_links":{"self":[{"href":"http:\/\/nuevacordoba.net\/index.php\/wp-json\/wp\/v2\/posts\/20400"}],"collection":[{"href":"http:\/\/nuevacordoba.net\/index.php\/wp-json\/wp\/v2\/posts"}],"about":[{"href":"http:\/\/nuevacordoba.net\/index.php\/wp-json\/wp\/v2\/types\/post"}],"author":[{"embeddable":true,"href":"http:\/\/nuevacordoba.net\/index.php\/wp-json\/wp\/v2\/users\/1"}],"replies":[{"embeddable":true,"href":"http:\/\/nuevacordoba.net\/index.php\/wp-json\/wp\/v2\/comments?post=20400"}],"version-history":[{"count":0,"href":"http:\/\/nuevacordoba.net\/index.php\/wp-json\/wp\/v2\/posts\/20400\/revisions"}],"wp:featuredmedia":[{"embeddable":true,"href":"http:\/\/nuevacordoba.net\/index.php\/wp-json\/wp\/v2\/media\/20401"}],"wp:attachment":[{"href":"http:\/\/nuevacordoba.net\/index.php\/wp-json\/wp\/v2\/media?parent=20400"}],"wp:term":[{"taxonomy":"category","embeddable":true,"href":"http:\/\/nuevacordoba.net\/index.php\/wp-json\/wp\/v2\/categories?post=20400"},{"taxonomy":"post_tag","embeddable":true,"href":"http:\/\/nuevacordoba.net\/index.php\/wp-json\/wp\/v2\/tags?post=20400"}],"curies":[{"name":"wp","href":"https:\/\/api.w.org\/{rel}","templated":true}]}}