{"id":20402,"date":"2022-06-02T13:18:10","date_gmt":"2022-06-02T13:18:10","guid":{"rendered":"http:\/\/cordobanewsnet.wordpress.com\/?p=6939"},"modified":"2022-06-02T13:18:10","modified_gmt":"2022-06-02T13:18:10","slug":"caos-en-el-centro-por-movilizacion-del-suoem","status":"publish","type":"post","link":"http:\/\/nuevacordoba.net\/index.php\/2022\/06\/02\/caos-en-el-centro-por-movilizacion-del-suoem\/","title":{"rendered":"Caos en el centro por movilizaci\u00f3n del Suoem"},"content":{"rendered":"<p>Tras varias jornadas de asambleas de empleados municipales en reclamo de un aumento de sueldo, este jueves el Suoem vuelve a marchar&nbsp;<strong>a las 10 hacia el Palacio 6 de Julio<\/strong>, donde a las 11 Rub\u00e9n Daniele hablar\u00e1 en la explanada.<\/p>\n<p>El reclamo es aumentar un 63% el salario, 30% en mayo y luego con aumentos del 11% en los siguientes meses.&nbsp;<\/p>\n<p>Ariel Konig, vocero del Suoem, respondi\u00f3 en di\u00e1logo con&nbsp;<strong>Cadena 3<\/strong>&nbsp;a las declaraciones de Miguel Siciliano, que afirm\u00f3 a este medio que no iban \u00aba desfinanciar la ciudad para pagar salarios\u00bb.<\/p>\n<figure class=\"wp-block-image size-large\"><img data-attachment-id=\"6942\" data-permalink=\"https:\/\/cordobanewsnet.wordpress.com\/2022\/06\/02\/caos-en-el-centro-por-movilizacion-del-suoem\/48770bb5-5f19-456b-9141-1837ef3efebc\/\" data-orig-file=\"http:\/\/nuevacordoba.net\/wp-content\/uploads\/2022\/06\/caos-en-el-centro-por-movilizacion-del-suoem.jpg\" data-orig-size=\"791,445\" data-comments-opened=\"1\" data-image-meta=\"{&quot;aperture&quot;:&quot;0&quot;,&quot;credit&quot;:&quot;&quot;,&quot;camera&quot;:&quot;&quot;,&quot;caption&quot;:&quot;&quot;,&quot;created_timestamp&quot;:&quot;0&quot;,&quot;copyright&quot;:&quot;&quot;,&quot;focal_length&quot;:&quot;0&quot;,&quot;iso&quot;:&quot;0&quot;,&quot;shutter_speed&quot;:&quot;0&quot;,&quot;title&quot;:&quot;&quot;,&quot;orientation&quot;:&quot;0&quot;}\" data-image-title=\"48770BB5-5F19-456B-9141-1837EF3EFEBC\" data-image-description data-image-caption data-medium-file=\"http:\/\/nuevacordoba.net\/wp-content\/uploads\/2022\/06\/caos-en-el-centro-por-movilizacion-del-suoem.jpg?w=300\" data-large-file=\"http:\/\/nuevacordoba.net\/wp-content\/uploads\/2022\/06\/caos-en-el-centro-por-movilizacion-del-suoem.jpg?w=736\" src=\"http:\/\/nuevacordoba.net\/wp-content\/uploads\/2022\/06\/caos-en-el-centro-por-movilizacion-del-suoem.jpg\" alt class=\"wp-image-6942\" srcset=\"http:\/\/nuevacordoba.net\/wp-content\/uploads\/2022\/06\/caos-en-el-centro-por-movilizacion-del-suoem.jpg 791w, http:\/\/nuevacordoba.net\/wp-content\/uploads\/2022\/06\/caos-en-el-centro-por-movilizacion-del-suoem.jpg?w=150 150w, http:\/\/nuevacordoba.net\/wp-content\/uploads\/2022\/06\/caos-en-el-centro-por-movilizacion-del-suoem.jpg?w=300 300w, http:\/\/nuevacordoba.net\/wp-content\/uploads\/2022\/06\/caos-en-el-centro-por-movilizacion-del-suoem.jpg?w=768 768w\" sizes=\"(max-width: 791px) 100vw, 791px\"><\/figure>\n<p>Sigue el conflicto<\/p>\n<p>\u00abSon las expresiones de mayor perversidad, dijo que debemos financiar las obras de la ciudad con nuestros salarios y buscan enfrentarnos con la sociedad, a la que servimos\u00bb, manifest\u00f3.&nbsp;<\/p>\n<p>\u00abEn dos a\u00f1os de pandemia, fuimos los m\u00e1s castigados. Por eso pedimos tener el primer 30% ,ahora que es la inflaci\u00f3n de cinco meses en donde no tuvimos recomposici\u00f3n salarial\u00bb, indic\u00f3 .<\/p>\n<p>Respecto al m\u00e9todo de protesta, que perjudica a los trabajadores, expres\u00f3: \u00ab<strong>\u00bfY qu\u00e9 debemos hacer? \u00bfMandar cartas al intendente mientras se evapora nuestro salario?<\/strong>\u00ab.<\/p>\n<p>Por su parte, Jos\u00e9 Viale, presidente de la C\u00e1mara de Comercio de C\u00f3rdoba, indic\u00f3 a&nbsp;<strong>Cadena 3<\/strong>&nbsp;que est\u00e1n \u00abpreocupados\u00bb por \u00abeste sistema de toma de calles que tienen ciertos gremios\u00bb.<\/p>\n<p>\u00abEs muy extra\u00f1o que para obtener una mejora salarial haya que paralizar la ciudad. En este caso nos toca el Suoem, pero el comentario va para todas las instituciones: nadie piensa que est\u00e9 mal reclamar un aumento de salario, pero para lo hacen de una forma que genera gran da\u00f1o\u00bb, concluy\u00f3.<\/p>\n<div id=\"jp-post-flair\" class=\"sharedaddy sd-like-enabled sd-sharing-enabled\">\n<div class=\"sharedaddy sd-sharing-enabled\">\n<div class=\"robots-nocontent sd-block sd-social sd-social-icon-text sd-sharing\">\n<h3 class=\"sd-title\">Share this:<\/h3>\n<\/div>\n<\/div>\n<div class=\"sharedaddy sd-block sd-like jetpack-likes-widget-wrapper jetpack-likes-widget-unloaded\" id=\"like-post-wrapper-143108178-6939-62990542c2a3b\" data-src=\"\/\/widgets.wp.com\/likes\/index.html?ver=20220105#blog_id=143108178&amp;post_id=6939&amp;origin=cordobanewsnet.wordpress.com&amp;obj_id=143108178-6939-62990542c2a3b\" data-name=\"like-post-frame-143108178-6939-62990542c2a3b\" data-title=\"Me gusta o Compartir\">\n<h3 class=\"sd-title\">Me gusta esto:<\/h3>\n<p><span class=\"button\"><span>Me gusta<\/span><\/span> <span class=\"loading\">Cargando&#8230;<\/span><\/p>\n<p><span class=\"sd-text-color\"><\/span><\/div>\n<p><h3 class=\"jp-relatedposts-headline\"><em>Relacionado<\/em><\/h3>\n<\/p>\n<\/div>\n","protected":false},"excerpt":{"rendered":"<p>Tras varias jornadas de asambleas de empleados municipales en reclamo de un aumento de sueldo, este jueves el Suoem vuelve a marchar&nbsp;a las 10 hacia el Palacio 6 de Julio, donde a las 11 Rub\u00e9n Daniele hablar\u00e1 en la explanada. El reclamo es aumentar un 63% el salario, 30% en mayo y luego con aumentos [&hellip;]<\/p>\n","protected":false},"author":1,"featured_media":20403,"comment_status":"closed","ping_status":"closed","sticky":false,"template":"","format":"standard","meta":[],"categories":[14],"tags":[],"_links":{"self":[{"href":"http:\/\/nuevacordoba.net\/index.php\/wp-json\/wp\/v2\/posts\/20402"}],"collection":[{"href":"http:\/\/nuevacordoba.net\/index.php\/wp-json\/wp\/v2\/posts"}],"about":[{"href":"http:\/\/nuevacordoba.net\/index.php\/wp-json\/wp\/v2\/types\/post"}],"author":[{"embeddable":true,"href":"http:\/\/nuevacordoba.net\/index.php\/wp-json\/wp\/v2\/users\/1"}],"replies":[{"embeddable":true,"href":"http:\/\/nuevacordoba.net\/index.php\/wp-json\/wp\/v2\/comments?post=20402"}],"version-history":[{"count":0,"href":"http:\/\/nuevacordoba.net\/index.php\/wp-json\/wp\/v2\/posts\/20402\/revisions"}],"wp:featuredmedia":[{"embeddable":true,"href":"http:\/\/nuevacordoba.net\/index.php\/wp-json\/wp\/v2\/media\/20403"}],"wp:attachment":[{"href":"http:\/\/nuevacordoba.net\/index.php\/wp-json\/wp\/v2\/media?parent=20402"}],"wp:term":[{"taxonomy":"category","embeddable":true,"href":"http:\/\/nuevacordoba.net\/index.php\/wp-json\/wp\/v2\/categories?post=20402"},{"taxonomy":"post_tag","embeddable":true,"href":"http:\/\/nuevacordoba.net\/index.php\/wp-json\/wp\/v2\/tags?post=20402"}],"curies":[{"name":"wp","href":"https:\/\/api.w.org\/{rel}","templated":true}]}}