{"id":20406,"date":"2022-06-02T19:10:22","date_gmt":"2022-06-02T19:10:22","guid":{"rendered":"https:\/\/puntoapunto.com.ar\/?p=334085"},"modified":"2022-06-02T19:10:22","modified_gmt":"2022-06-02T19:10:22","slug":"freelance-y-empresas-tech-las-beneficiadas-por-la-flexibilizacion-del-cepo","status":"publish","type":"post","link":"http:\/\/nuevacordoba.net\/index.php\/2022\/06\/02\/freelance-y-empresas-tech-las-beneficiadas-por-la-flexibilizacion-del-cepo\/","title":{"rendered":"Freelance y empresas tech, las beneficiadas por la flexibilizaci\u00f3n del cepo"},"content":{"rendered":"<p>El Gobierno Nocional determin\u00f3 una nueva<strong> flexibilizaci\u00f3n del cepo cambiario para empresas de la econom\u00eda del conocimiento<\/strong>. \u00bfEl objetivo? Que el<strong> sector incremente su desarroll\u00f3 como as\u00ed tambi\u00e9n las exportaciones, f<\/strong><b>avoreciendo as\u00ed la acumulaci\u00f3n de reservas<\/b>.<\/p>\n<p>La resoluci\u00f3n fue firmada por el ministro de Econom\u00eda, Mart\u00edn Guzm\u00e1n, de Desarrollo Productivo, Mat\u00edas Kulfas, y el titular del Banco Central, Miguel Pesce.<\/p>\n<p>Esta flexibilizaci\u00f3n busca que los sectores exportadores de m\u00faltiples servicios digitales ofrezcan nuevas herramientas para continuar con la generaci\u00f3n del valor agregado en cada producto que salga del pa\u00eds.<\/p>\n<p>De esta forma, el sector podr\u00e1 acceder al mercado cambiario por el <strong>50% del incremental de las exportaciones<\/strong>, siempre que este sea destinado exclusivamente a hasta 20% de los salarios pagados<\/p>\n<p>Adem\u00e1s, para aquellas<strong> personas que brindan servicios al exterior en forma particular (programadores\/as, psic\u00f3logos\/as, entre otros)<\/strong> se habilita la posibilidad de ingresar directamente sus honorarios en d\u00f3lares en entidades financieras del pa\u00eds, hasta un l\u00edmite de<strong> US$ 1000 mensuales<\/strong>, sin necesidad de liquidarlos en el mercado de cambios.<\/p>\n<div class=\"g g-37\">\n<div class=\"g-single a-29\"><a class=\"gofollow\" data-track=\"MjksMzcsMSw2MA==\" href=\"https:\/\/www.harmoniechateau.com.ar\/\" target=\"_blank\" rel=\"noopener\"><img src=\"http:\/\/nuevacordoba.net\/wp-content\/uploads\/2022\/06\/freelance-y-empresas-tech-las-beneficiadas-por-la-flexibilizacion-del-cepo.gif\"><\/a><\/div>\n<\/div>\n<blockquote class=\"twitter-tweet\" data-width=\"500\" data-dnt=\"true\" readability=\"9.8262195121951\">\n<p lang=\"es\" dir=\"ltr\">Creamos un r\u00e9gimen de disponibilidad de divisas para que las personas que exportan servicios dispongan de hasta 1.000 d\u00f3lares mensuales en cuentas de bancos locales. Tambi\u00e9n las empresas del sector, seg\u00fan un porcentaje del incremento de ventas externas.<br \/>\u25b6\ufe0f <a href=\"https:\/\/t.co\/ZfvpwhanhP\">https:\/\/t.co\/ZfvpwhanhP<\/a><\/p>\n<p>\u2014 BCRA (@BancoCentral_AR) <a href=\"https:\/\/twitter.com\/BancoCentral_AR\/status\/1532393463358029827?ref_src=twsrc%5Etfw\">June 2, 2022<\/a><\/p>\n<\/blockquote>\n<p>Al respecto, <strong>el ministro de Econom\u00eda Mart\u00edn Guzm\u00e1n<\/strong> se\u00f1al\u00f3 que el Estado redefini\u00f3 el uso de recursos p\u00fablicos para invertir m\u00e1s en ciencia, tecnolog\u00eda y educaci\u00f3n, y calific\u00f3 al sector de la econom\u00eda del conocimiento como <strong>\u201cun sector muy importante de generaci\u00f3n de valor, trabajo y divisas\u201d.<\/strong><\/p>\n<p><strong>\u201cEsta medida contribuye apuntalando al sector\u201d<\/strong>, agreg\u00f3 Guzm\u00e1n, al tiempo que asegur\u00f3 que la Argentina est\u00e1 \u201cdando pasos importantes para poder lograr que la econom\u00eda se asiente en una senda de mayor dinamismo productivo\u201d. En este sentido, el Ministro sostuvo que \u201cla econom\u00eda viene transitando una recuperaci\u00f3n que es clara en los n\u00fameros, acompa\u00f1ada con generaci\u00f3n de empleo\u201d y que \u201clas exportaciones argentinas vienen creciendo en t\u00e9rmino de volumen y precios\u201d. <strong>\u201cEs auspiciosa la tendencia que estamos teniendo en las exportaciones\u201d<\/strong>, a\u00f1adi\u00f3.<\/p>\n","protected":false},"excerpt":{"rendered":"<p>El Gobierno Nocional determin\u00f3 una nueva flexibilizaci\u00f3n del cepo cambiario para empresas de la econom\u00eda del conocimiento. \u00bfEl objetivo? Que el sector incremente su desarroll\u00f3 como as\u00ed tambi\u00e9n las exportaciones, favoreciendo as\u00ed la acumulaci\u00f3n de reservas. La resoluci\u00f3n fue firmada por el ministro de Econom\u00eda, Mart\u00edn Guzm\u00e1n, de Desarrollo Productivo, Mat\u00edas Kulfas, y el titular [&hellip;]<\/p>\n","protected":false},"author":1,"featured_media":20407,"comment_status":"open","ping_status":"closed","sticky":false,"template":"","format":"standard","meta":[],"categories":[14],"tags":[],"_links":{"self":[{"href":"http:\/\/nuevacordoba.net\/index.php\/wp-json\/wp\/v2\/posts\/20406"}],"collection":[{"href":"http:\/\/nuevacordoba.net\/index.php\/wp-json\/wp\/v2\/posts"}],"about":[{"href":"http:\/\/nuevacordoba.net\/index.php\/wp-json\/wp\/v2\/types\/post"}],"author":[{"embeddable":true,"href":"http:\/\/nuevacordoba.net\/index.php\/wp-json\/wp\/v2\/users\/1"}],"replies":[{"embeddable":true,"href":"http:\/\/nuevacordoba.net\/index.php\/wp-json\/wp\/v2\/comments?post=20406"}],"version-history":[{"count":0,"href":"http:\/\/nuevacordoba.net\/index.php\/wp-json\/wp\/v2\/posts\/20406\/revisions"}],"wp:featuredmedia":[{"embeddable":true,"href":"http:\/\/nuevacordoba.net\/index.php\/wp-json\/wp\/v2\/media\/20407"}],"wp:attachment":[{"href":"http:\/\/nuevacordoba.net\/index.php\/wp-json\/wp\/v2\/media?parent=20406"}],"wp:term":[{"taxonomy":"category","embeddable":true,"href":"http:\/\/nuevacordoba.net\/index.php\/wp-json\/wp\/v2\/categories?post=20406"},{"taxonomy":"post_tag","embeddable":true,"href":"http:\/\/nuevacordoba.net\/index.php\/wp-json\/wp\/v2\/tags?post=20406"}],"curies":[{"name":"wp","href":"https:\/\/api.w.org\/{rel}","templated":true}]}}