{"id":20408,"date":"2022-06-02T19:07:27","date_gmt":"2022-06-02T19:07:27","guid":{"rendered":"https:\/\/cordoba.gob.ar\/?p=26118"},"modified":"2022-06-02T19:07:27","modified_gmt":"2022-06-02T19:07:27","slug":"el-primer-jardin-maternal-construido-por-el-estado-municipal-tiene-un-55-de-avance","status":"publish","type":"post","link":"http:\/\/nuevacordoba.net\/index.php\/2022\/06\/02\/el-primer-jardin-maternal-construido-por-el-estado-municipal-tiene-un-55-de-avance\/","title":{"rendered":"El Primer Jard\u00edn Maternal construido por el Estado Municipal tiene un 55% de avance"},"content":{"rendered":"<div><img src=\"http:\/\/nuevacordoba.net\/wp-content\/uploads\/2022\/06\/el-primer-jardin-maternal-construido-por-el-estado-municipal-tiene-un-55-de-avance.jpg\" class=\"ff-og-image-inserted\"><\/div>\n<ul>\n<li><strong>Se ejecuta en la zona sur sobre barrio Congreso, a metros del Parque Educativo.<\/strong><\/li>\n<li><strong>Tendr\u00e1 un cupo m\u00e1ximo de 100 ni\u00f1os de 2 y 3 a\u00f1os entre ambos turnos, ma\u00f1ana y tarde.<\/strong><\/li>\n<li><strong>La inversi\u00f3n econ\u00f3mica ronda los $62 millones.<\/strong><\/li>\n<\/ul>\n<hr>\n<p>En barrio Congreso, la Municipalidad de C\u00f3rdoba avanza en la ejecuci\u00f3n del primer jard\u00edn maternal construido desde cero por el gobierno local, denominado \u201cTrapito\u201d.<\/p>\n<p>En este momento, las obras se concentran en la colocaci\u00f3n de placas internas de rigidizaci\u00f3n y aislaci\u00f3n hidr\u00f3fuga y avanza la instalaci\u00f3n de sanitarios cloacales y de distribuci\u00f3n de agua. Tambi\u00e9n presenta gran evoluci\u00f3n la canalizaci\u00f3n el\u00e9ctrica.<\/p>\n<p>La pr\u00f3xima semana iniciar\u00e1 el armado de la estructura para el sal\u00f3n de usos m\u00faltiples y en 15 d\u00edas aproximadamente se colocar\u00e1n los techos realizados de chapa con aislaci\u00f3n t\u00e9rmica incorporada.<\/p>\n<p>El avance total de la obra se estima en un 55%.<\/p>\n<p>El espacio contar\u00e1 con un Sum, biblioteca, cocina, patio-cochera, direcci\u00f3n, secretar\u00eda, dep\u00f3sito y patio general. A su vez, las dos salas para ni\u00f1as y ni\u00f1os de entre 2 y 3 a\u00f1os tendr\u00e1n su espacio recreativo al aire libre personalizado y ba\u00f1os para personas con discapacidad.<\/p>\n<p>Se trata del primer jard\u00edn maternal construido y dise\u00f1ado por el Estado Municipal. Los dem\u00e1s jardines se encuentran emplazadas en edificios alquilados y propios que fueron ampliados o readecuados para cumplir sus funciones, o cedidos a la orbe municipal por parte del Gobierno Provincial.<\/p>\n<p>Trapito ten\u00eda su base en un espacio alquilado en barrio Mirizzi. Actualmente educa a los m\u00e1s peque\u00f1os en el Parque Educativo Sur y pronto contar\u00e1 con un nuevo espacio did\u00e1ctico a escasos metros.<\/p>\n<p>A su vez, la planificaci\u00f3n consider\u00f3 un lugar para la posible ampliaci\u00f3n con dos nuevas aulas, acorde a las necesidades de los vecinos del sector.<\/p>\n<p>UN ESPACIO INTEGRAL<\/p>\n<p>El emplazamiento de Trapitos fue elegido especialmente para concentrar un \u201cpolo educativo\u201d en los alrededores del Parque Educativo Sur, junto a la escuela municipal Rep\u00fablica de Italia y el I.P.E.M 183 Pedro Bonifacio Palacios.<\/p>\n<p>Trapitos brindar\u00e1 servicios a cordobesitos de entre 2 y 3 a\u00f1os, mientras que la escuela municipal ampara al resto del Nivel Inicial, entre los 4 y 5 a\u00f1os.<\/p>\n<p>As\u00ed, Nivel Inicial, Primario, Secundario y las actividades extracurriculares del Parque Educativo Sur conviven en una misma manzana, integrando a la comunidad educativa, al barrio, estudiantes del sector y fomentando el trabajo conjunto entre ellos.<\/p>\n","protected":false},"excerpt":{"rendered":"<p>Se ejecuta en la zona sur sobre barrio Congreso, a metros del Parque Educativo. Tendr\u00e1 un cupo m\u00e1ximo de 100 ni\u00f1os de 2 y 3 a\u00f1os entre ambos turnos, ma\u00f1ana y tarde. La inversi\u00f3n econ\u00f3mica ronda los $62 millones. En barrio Congreso, la Municipalidad de C\u00f3rdoba avanza en la ejecuci\u00f3n del primer jard\u00edn maternal construido [&hellip;]<\/p>\n","protected":false},"author":1,"featured_media":20409,"comment_status":"closed","ping_status":"closed","sticky":false,"template":"","format":"standard","meta":[],"categories":[14],"tags":[],"_links":{"self":[{"href":"http:\/\/nuevacordoba.net\/index.php\/wp-json\/wp\/v2\/posts\/20408"}],"collection":[{"href":"http:\/\/nuevacordoba.net\/index.php\/wp-json\/wp\/v2\/posts"}],"about":[{"href":"http:\/\/nuevacordoba.net\/index.php\/wp-json\/wp\/v2\/types\/post"}],"author":[{"embeddable":true,"href":"http:\/\/nuevacordoba.net\/index.php\/wp-json\/wp\/v2\/users\/1"}],"replies":[{"embeddable":true,"href":"http:\/\/nuevacordoba.net\/index.php\/wp-json\/wp\/v2\/comments?post=20408"}],"version-history":[{"count":0,"href":"http:\/\/nuevacordoba.net\/index.php\/wp-json\/wp\/v2\/posts\/20408\/revisions"}],"wp:featuredmedia":[{"embeddable":true,"href":"http:\/\/nuevacordoba.net\/index.php\/wp-json\/wp\/v2\/media\/20409"}],"wp:attachment":[{"href":"http:\/\/nuevacordoba.net\/index.php\/wp-json\/wp\/v2\/media?parent=20408"}],"wp:term":[{"taxonomy":"category","embeddable":true,"href":"http:\/\/nuevacordoba.net\/index.php\/wp-json\/wp\/v2\/categories?post=20408"},{"taxonomy":"post_tag","embeddable":true,"href":"http:\/\/nuevacordoba.net\/index.php\/wp-json\/wp\/v2\/tags?post=20408"}],"curies":[{"name":"wp","href":"https:\/\/api.w.org\/{rel}","templated":true}]}}