{"id":20420,"date":"2022-06-02T15:56:18","date_gmt":"2022-06-02T15:56:18","guid":{"rendered":"https:\/\/www.ole.com.ar\/autos\/seleccion-automovilismo_0_UsAiEOET3B.html"},"modified":"2022-06-02T15:56:18","modified_gmt":"2022-06-02T15:56:18","slug":"la-scaloneta-fanatica-de-los-fierros","status":"publish","type":"post","link":"http:\/\/nuevacordoba.net\/index.php\/2022\/06\/02\/la-scaloneta-fanatica-de-los-fierros\/","title":{"rendered":"La Scaloneta, fan\u00e1tica de los fierros"},"content":{"rendered":"<p>Como bien es sabido hay muchos pilotos que son fan\u00e1ticos del f\u00fatbol y viceversa.<mark> Esto lo dejaron a las claras dos nombres importantes de la Selecci\u00f3n Argentina, se trata de Lionel Scaloni y Rodrigo De Paul, quienes tuvieron algunos gui\u00f1os hacia el automovilismo.<\/mark><\/p>\n<div class=\"sp__SM\">\n<div class=\"content-new \">\n<span class=\"tit-mobile\">Mir\u00e1 tambi\u00e9n<\/span><\/p>\n<div class=\"mg\">\n<div class=\"wrap-figure\">\n<picture>\n<a href=\"https:\/\/www.ole.com.ar\/autos\/proceres-automovilismo-billetes_0_5aJmf9ZAXE.html\" target=\"_self\" rel=\"noopener\"><br \/>\n<img class=\"img-responsive\" alt=\"\u00bfQu\u00e9 pilotos deber\u00edan estar en los billetes?\" src=\"http:\/\/nuevacordoba.net\/wp-content\/uploads\/2022\/06\/la-scaloneta-fanatica-de-los-fierros.jpg\" loading=\"lazy\"><br \/>\n<\/a>\n<\/picture>\n<\/div>\n<\/div><\/div>\n<\/div>\n<p>En una entrevista a Ol\u00e9 el a\u00f1o pasado, Scaloni habl\u00f3 sobre su pasi\u00f3n por el automovilismo y confes\u00f3 su fanatismo por Ford: <mark>\u201cYo iba con mi viejo, mi t\u00edo y mi hermano. Desde que ten\u00eda diez o doce a\u00f1os hasta que llegu\u00e9 a jugar en Primera en Newell&#8217;s, iba a todos lados. Soy fan\u00e1tico de Ford de toda la vida. \u00cdbamos a las carreras en Bol\u00edvar, Santa Teresita, La Plata, Balcarce, Jun\u00edn&#8230; <\/mark>Y dorm\u00edamos as\u00ed, en un motorhome o en el cami\u00f3n de mi viejo. Recuerdo que fue en Jun\u00edn, s\u00ed en Jun\u00edn, que nos quedamos dormidos afuera, cay\u00f3 el hielo, la escarcha y nos morimos de fr\u00edo. Es una \u00e9poca que recuerdo mucho. Ver el TC, a esas bestias corriendo\u201d.<\/p>\n<p>Y a\u00f1adi\u00f3: \u201cSigo igual, soy fierrero de toda la vida. Mi \u00e9poca era la del Ford de Lalo Ramos, del Gur\u00ed Mart\u00ednez, siempre apoyando a ellos. Era muy fan\u00e1tico de verdad.<mark> De hecho, si me pregunt\u00e1s algo de los motores de la \u00e9poca, yo explicaba bien lo que eran. El Ford ten\u00eda el ca\u00f1o de escape a la derecha, el Chevrolet a la izquierda&#8230; Reconoc\u00eda mucho de todo eso. Siempre me gust\u00f3\u201d.<\/mark><\/p>\n<p>En las \u00faltimas horas, <mark>Rodrigo De Paul, tras la consagraci\u00f3n de Argentina en la Finalissima frente a Italia se mostr\u00f3 con un \u201cpiluso\u201d en el que dec\u00eda \u201cClub Amigos del Chevrolet\u201d de la Argentina.<\/mark><\/p>\n<div class=\"sp__SM\">\n<div class=\"content-new \">\n<span class=\"tit-mobile\">Mir\u00e1 tambi\u00e9n<\/span><\/p>\n<div class=\"mg\">\n<div class=\"wrap-figure\">\n<picture>\n<a href=\"https:\/\/www.ole.com.ar\/autos\/checo-perez-mensaje-renovar-red-bull-f1_0_BdnrI4DXrX.html\" target=\"_self\" rel=\"noopener\"><br \/>\n<img class=\"img-responsive\" alt=\"El sentido mensaje de Checo P\u00e9rez tras renovar con Red Bull Racing\" src=\"http:\/\/nuevacordoba.net\/wp-content\/uploads\/2022\/06\/la-scaloneta-fanatica-de-los-fierros-1.jpg\" loading=\"lazy\"><br \/>\n<\/a>\n<\/picture>\n<\/div>\n<\/div><\/div>\n<\/div>\n<p>Obviamente, los hinchas de la marca del mo\u00f1o destacaron en las redes la actitud del jugador argentino, en una noche que qued\u00f3 en la hist\u00f3rica del f\u00fatbol nacional.<\/p>\n<div class=\"entry-tags\">\n<h2>TEMAS QUE APARECEN EN ESTA NOTA<\/h2>\n<\/p><\/div>\n","protected":false},"excerpt":{"rendered":"<p>Como bien es sabido hay muchos pilotos que son fan\u00e1ticos del f\u00fatbol y viceversa. Esto lo dejaron a las claras dos nombres importantes de la Selecci\u00f3n Argentina, se trata de Lionel Scaloni y Rodrigo De Paul, quienes tuvieron algunos gui\u00f1os hacia el automovilismo. Mir\u00e1 tambi\u00e9n En una entrevista a Ol\u00e9 el a\u00f1o pasado, Scaloni habl\u00f3 [&hellip;]<\/p>\n","protected":false},"author":1,"featured_media":20421,"comment_status":"closed","ping_status":"closed","sticky":false,"template":"","format":"standard","meta":[],"categories":[10],"tags":[],"_links":{"self":[{"href":"http:\/\/nuevacordoba.net\/index.php\/wp-json\/wp\/v2\/posts\/20420"}],"collection":[{"href":"http:\/\/nuevacordoba.net\/index.php\/wp-json\/wp\/v2\/posts"}],"about":[{"href":"http:\/\/nuevacordoba.net\/index.php\/wp-json\/wp\/v2\/types\/post"}],"author":[{"embeddable":true,"href":"http:\/\/nuevacordoba.net\/index.php\/wp-json\/wp\/v2\/users\/1"}],"replies":[{"embeddable":true,"href":"http:\/\/nuevacordoba.net\/index.php\/wp-json\/wp\/v2\/comments?post=20420"}],"version-history":[{"count":0,"href":"http:\/\/nuevacordoba.net\/index.php\/wp-json\/wp\/v2\/posts\/20420\/revisions"}],"wp:featuredmedia":[{"embeddable":true,"href":"http:\/\/nuevacordoba.net\/index.php\/wp-json\/wp\/v2\/media\/20421"}],"wp:attachment":[{"href":"http:\/\/nuevacordoba.net\/index.php\/wp-json\/wp\/v2\/media?parent=20420"}],"wp:term":[{"taxonomy":"category","embeddable":true,"href":"http:\/\/nuevacordoba.net\/index.php\/wp-json\/wp\/v2\/categories?post=20420"},{"taxonomy":"post_tag","embeddable":true,"href":"http:\/\/nuevacordoba.net\/index.php\/wp-json\/wp\/v2\/tags?post=20420"}],"curies":[{"name":"wp","href":"https:\/\/api.w.org\/{rel}","templated":true}]}}