{"id":20436,"date":"2022-06-03T20:45:40","date_gmt":"2022-06-03T20:45:40","guid":{"rendered":"https:\/\/puntoapunto.com.ar\/?p=334136"},"modified":"2022-06-03T20:45:40","modified_gmt":"2022-06-03T20:45:40","slug":"fopea-2022-asi-fue-el-evento-que-convoco-a-periodistas-de-todo-el-pais","status":"publish","type":"post","link":"http:\/\/nuevacordoba.net\/index.php\/2022\/06\/03\/fopea-2022-asi-fue-el-evento-que-convoco-a-periodistas-de-todo-el-pais\/","title":{"rendered":"Fopea 2022: as\u00ed fue el evento que convoc\u00f3 a periodistas de todo el pa\u00eds"},"content":{"rendered":"<p><strong>El Foro de Periodismo Argentino realiz\u00f3 su 11mo encuentro sobre periodismo digital<\/strong>,<br \/>evento que invit\u00f3 a participar a periodistas de distintos medios de comunicaci\u00f3n del pa\u00eds<br \/>para participar de diversas charlas y talleres dictados por referentes del periodismo argentino.<\/p>\n<p>Luego de dos a\u00f1os sin realizar el congreso de manera presencial, Paula Moreno,<br \/>presidenta de Fopea, aprovech\u00f3 el espacio para hacer referencia a los dichos del jefe de<br \/>Estado, dado a que hace unos d\u00edas Alberto Fern\u00e1ndez acus\u00f3 a los medios de comunicaci\u00f3n<br \/>de \u201cintoxicar\u201d la cabeza de los argentinos y \u201csilenciar\u201d aquellos logros que la presidencia<br \/>lleg\u00f3 a alcanzar a lo largo de la pandemia.<\/p>\n<div class=\"g g-34\">\n<div class=\"g-single a-29\"><a class=\"gofollow\" data-track=\"MjksMzQsMSw2MA==\" href=\"https:\/\/www.harmoniechateau.com.ar\/\" target=\"_blank\" rel=\"noopener\"><img src=\"http:\/\/nuevacordoba.net\/wp-content\/uploads\/2022\/06\/fopea-2022-asi-fue-el-evento-que-convoco-a-periodistas-de-todo-el-pais.gif\"><\/a><\/div>\n<\/div>\n<p>En las redes sociales de Fopea sentenciaron que estas acusaciones \u201crepresentan un<br \/>retroceso en la construcci\u00f3n democr\u00e1tica\u201d. Moreno durante la presentaci\u00f3n agreg\u00f3:<br \/><strong>\u201cDebemos hacernos cargo del lugar que nos toca en la creaci\u00f3n de la democracia (\u2026)<\/strong><br \/><strong>Hagamos de nuestra tarea un espacio con fundamentos incontrastables\u201d.<\/strong><\/p>\n<p>El congreso se desarroll\u00f3 en la Universidad Blas Pascal el d\u00eda jueves y viernes y para aquellos<br \/>interesados en las charlas y que no pudieron asistir, las mismas fueron transmitidas v\u00eda<br \/>streaming.<\/p>\n<h3>Primer d\u00eda<\/h3>\n<p>En la primera jornada algunos de los exponentes destacados fueron Elisabetta<br \/>Piqu\u00e9, corresponsal de LA NACI\u00d3N en Italia y Ucrania, Marcos Calligaris, enviado especial<br \/>de Cadena 3, Guillermo Panizza, periodista de Telef\u00e9 y Luchi Yba\u00f1ez de El Doce, todos<br \/>ellos corresponsales de guerra enviados a Ucrania.<\/p>\n<p>A lo largo de su charla hicieron \u00e9nfasis en la importancia de verificar la informaci\u00f3n en<br \/>contextos b\u00e9licos, dado que hay sobreabundancia de ella. Adem\u00e1s, mencionaron las<br \/>dificultades que se encontraban a la hora de ejercer su trabajo. <strong>\u201cLa primera v\u00edctima de una<\/strong><br \/><strong>guerra es la verdad, y con eso los periodistas debemos tratar de contar con la mayor<\/strong><br \/><strong>honestidad posible lo que uno ve\u201d<\/strong>, mencion\u00f3 Piqu\u00e9.<\/p>\n<p>Por otro lado, los talleres tuvieron una gran convocatoria. La innovaci\u00f3n y la tecnolog\u00eda<br \/>estuvieron presentes en ellos. Meta, la empresa due\u00f1a de Facebook, Instagram y<br \/>Whatsapp, acompa\u00f1\u00f3 a Fopea y arm\u00f3 una clase especial para aquellos que deseen<br \/>introducirse a la realidad aumentada y aprender a crear filtros.<\/p>\n<p>Fernanda Brovia, periodista y editora de redes sociales de CNN en Espa\u00f1ol dio un taller<br \/>dedicado a la importancia del video corto en redes sociales e invit\u00f3 a los oyentes a armar<br \/>un reel por medio de Instagram para poner en pr\u00e1ctica los conocimientos adquiridos.<\/p>\n<p>Otros de los exponentes fueron: M\u00e1ximo Tell, Agust\u00edn Espada, Amilcar Ber\u00f3n, Gabriela<br \/>Ensinck, Laura Rocha, Alan Porcel, Guido Padin, Carlos Marc\u00f3, Flavia Ir\u00f3s, Martina Ramirez<br \/>y entre otros.<\/p>\n<h3>\nSegundo d\u00eda<\/h3>\n<p>Gabriel Berm\u00fadez, editor de Noticias en Solo Local y Fabi\u00e1n Garc\u00eda, director de<br \/>ENREDACCI\u00d3N, fueron los encargados de dar comienzo a la segunda jornada de Fopea<br \/>2022 con una charla especializada en periodismo local.<\/p>\n<p>Ezequiel Franco, miembro de la comisi\u00f3n directiva del Foro de Periodismo Argentino<br \/>mencion\u00f3: \u201cAntes dec\u00edan que hacer un medio digital era barato, hoy en Argentina los<br \/>costos son en d\u00f3lares\u201d y agreg\u00f3: \u201cTenemos una lucha para captar la atenci\u00f3n, entonces<br \/>nos preguntamos c\u00f3mo hacer para que los medios locales puedan competir con Netflix,<br \/>Fortnite y otros\u201d.<\/p>\n<p>En simult\u00e1neo Google dict\u00f3 un taller de b\u00fasquedas avanzadas, trends y web stories<br \/>presentado por Jos\u00e9 Heinz, especialista en medios e internet, investigador de Google<br \/>News Initiative.<\/p>\n<p>Tiffany Del Mastro, periodista digital, creadora de contenido y analista de medios digitales<br \/>de Clar\u00edn invit\u00f3 a profesionales y j\u00f3venes en formaci\u00f3n a realizar contenido period\u00edstico<br \/>por medio de redes sociales. <strong>\u201cEstamos atravesando una mediamorfosis, un cambio que se<\/strong><br \/><strong>da en los medios digitales para poder sobrevivir\u201d<\/strong>, mencion\u00f3.<\/p>\n<p>La charla que cerr\u00f3 el evento tuvo a 5 grandes expositores, entre ellos Sergio Suppo,<br \/>director de Cadena 3, Esteban Campanela, gerente de CNN en Espa\u00f1ol y entre otros, los<br \/>cuales se dedicaron a conversar sobre las redacciones post pand\u00e9micas: qu\u00e9 cambi\u00f3, qu\u00e9<br \/>sigue igual y qu\u00e9 se viene.<\/p>\n<p>Otros de los exponentes fueron: Emilia Delfino, de CNN en Espa\u00f1ol y elDiarioAR, Sandra<br \/>Crucianelli, miembro de la Unidad de Inteligencia de Datos de Infobae, Edgardo Litvinoff<br \/>de Ruido, Marcela Farr\u00e9, directora de las carreras de Comunicaci\u00f3n de la Universidad Blas<br \/>Pascal y m\u00e1s.<\/p>\n","protected":false},"excerpt":{"rendered":"<p>El Foro de Periodismo Argentino realiz\u00f3 su 11mo encuentro sobre periodismo digital,evento que invit\u00f3 a participar a periodistas de distintos medios de comunicaci\u00f3n del pa\u00edspara participar de diversas charlas y talleres dictados por referentes del periodismo argentino. Luego de dos a\u00f1os sin realizar el congreso de manera presencial, Paula Moreno,presidenta de Fopea, aprovech\u00f3 el espacio [&hellip;]<\/p>\n","protected":false},"author":1,"featured_media":20437,"comment_status":"open","ping_status":"closed","sticky":false,"template":"","format":"standard","meta":[],"categories":[14],"tags":[],"_links":{"self":[{"href":"http:\/\/nuevacordoba.net\/index.php\/wp-json\/wp\/v2\/posts\/20436"}],"collection":[{"href":"http:\/\/nuevacordoba.net\/index.php\/wp-json\/wp\/v2\/posts"}],"about":[{"href":"http:\/\/nuevacordoba.net\/index.php\/wp-json\/wp\/v2\/types\/post"}],"author":[{"embeddable":true,"href":"http:\/\/nuevacordoba.net\/index.php\/wp-json\/wp\/v2\/users\/1"}],"replies":[{"embeddable":true,"href":"http:\/\/nuevacordoba.net\/index.php\/wp-json\/wp\/v2\/comments?post=20436"}],"version-history":[{"count":0,"href":"http:\/\/nuevacordoba.net\/index.php\/wp-json\/wp\/v2\/posts\/20436\/revisions"}],"wp:featuredmedia":[{"embeddable":true,"href":"http:\/\/nuevacordoba.net\/index.php\/wp-json\/wp\/v2\/media\/20437"}],"wp:attachment":[{"href":"http:\/\/nuevacordoba.net\/index.php\/wp-json\/wp\/v2\/media?parent=20436"}],"wp:term":[{"taxonomy":"category","embeddable":true,"href":"http:\/\/nuevacordoba.net\/index.php\/wp-json\/wp\/v2\/categories?post=20436"},{"taxonomy":"post_tag","embeddable":true,"href":"http:\/\/nuevacordoba.net\/index.php\/wp-json\/wp\/v2\/tags?post=20436"}],"curies":[{"name":"wp","href":"https:\/\/api.w.org\/{rel}","templated":true}]}}