{"id":20444,"date":"2022-06-04T06:16:13","date_gmt":"2022-06-04T06:16:13","guid":{"rendered":"http:\/\/nuevacordoba.net\/index.php\/2022\/06\/04\/estrenan-el-documental-linea-137-ahora-mismo-una-mujer-esta-siendo-violentada\/"},"modified":"2022-06-04T06:16:13","modified_gmt":"2022-06-04T06:16:13","slug":"estrenan-el-documental-linea-137-ahora-mismo-una-mujer-esta-siendo-violentada","status":"publish","type":"post","link":"http:\/\/nuevacordoba.net\/index.php\/2022\/06\/04\/estrenan-el-documental-linea-137-ahora-mismo-una-mujer-esta-siendo-violentada\/","title":{"rendered":"Estrenan el documental \u00abL\u00ednea 137. Ahora mismo una mujer est\u00e1 siendo violentada\u00bb"},"content":{"rendered":"<figure class=\"mb-3\"><img loading=\"lazy\" src=\"http:\/\/nuevacordoba.net\/wp-content\/uploads\/2022\/06\/estrenan-el-documental-linea-137-ahora-mismo-una-mujer-esta-siendo-violentada.jpg\" width=\"100%\" height=\"100%\" alt=\"Cada 23 horas muere una mujer vctima de femicidio en la Argentina\"><figcaption> Cada 23 horas muere una mujer v\u00edctima de femicidio en la Argentina. <\/figcaption><\/figure>\n<p><strong>A siete a\u00f1os de la primera marcha del Ni Una Menos<\/strong>, en el contexto de una programaci\u00f3n orientada a visibilizar la violencia machista, <strong>la Televisi\u00f3n P\u00fablica presentar\u00e1 este s\u00e1bado a las 22 el documental \u00abL\u00ednea 137<\/strong>. Ahora mismo una mujer est\u00e1 siendo violentada\u00bb de Luc\u00eda Vassallo con gui\u00f3n e investigaci\u00f3n de Marta Dillon.<\/p>\n<p>En la Argentina, cada 23 horas muere una mujer v\u00edctima de femicidio y el documental <strong>\u00abL\u00ednea 137\u00bb retrata la vida de cuatro asistentes sociales y psic\u00f3logos que deciden estar disponibles las 24 horas del d\u00eda, los 365 d\u00edas del a\u00f1o para asistir, socorrer y acompa\u00f1ar mujeres<\/strong> que sufren casos de violencia de g\u00e9nero, sexual y familiar.<\/p>\n<p>Con un reparto integrado por Marcela G\u00f3mez, Liliana Parlatto, Adri\u00e1n Stefanelli y Macarena Toribio, el documental intenta visibilizar y difundir la situaci\u00f3n que atraviesa a todas las clases sociales, poniendo el foco en el trabajo cotidiano del programa \u00abLas V\u00edctimas contra Las Violencias\u00bb.<\/p>\n<p>En el marco de un nuevo aniversario de la primera movilizaci\u00f3n convocada bajo el lema de Ni Una Menos, <strong>este domingo, 5 de junio, a las 22 se presentar\u00e1 un documental realizado para Canal Encuentro sobre Marita Ver\u00f3n, la joven que se convirti\u00f3 en un emblema de la problem\u00e1tica de la trata de personas: \u00abCuerpo a Cuerpo. El caso Marita Ver\u00f3n\u00bb.<\/strong><\/p>\n<p>Adem\u00e1s, este viernes a las 23.30 se dar\u00e1 un adelanto de la serie \u00abNosotras. Relatos de los feminismos bonaerenses\u00bb, que, con idea y conducci\u00f3n de la periodista Mariana Carbajal, se estrenar\u00e1 el jueves pr\u00f3ximo, 9 de junio, por la pantalla de la TV P\u00fablica.<\/p>\n","protected":false},"excerpt":{"rendered":"<p>Cada 23 horas muere una mujer v\u00edctima de femicidio en la Argentina. A siete a\u00f1os de la primera marcha del Ni Una Menos, en el contexto de una programaci\u00f3n orientada a visibilizar la violencia machista, la Televisi\u00f3n P\u00fablica presentar\u00e1 este s\u00e1bado a las 22 el documental \u00abL\u00ednea 137. Ahora mismo una mujer est\u00e1 siendo violentada\u00bb [&hellip;]<\/p>\n","protected":false},"author":1,"featured_media":20445,"comment_status":"closed","ping_status":"closed","sticky":false,"template":"","format":"standard","meta":[],"categories":[9],"tags":[],"_links":{"self":[{"href":"http:\/\/nuevacordoba.net\/index.php\/wp-json\/wp\/v2\/posts\/20444"}],"collection":[{"href":"http:\/\/nuevacordoba.net\/index.php\/wp-json\/wp\/v2\/posts"}],"about":[{"href":"http:\/\/nuevacordoba.net\/index.php\/wp-json\/wp\/v2\/types\/post"}],"author":[{"embeddable":true,"href":"http:\/\/nuevacordoba.net\/index.php\/wp-json\/wp\/v2\/users\/1"}],"replies":[{"embeddable":true,"href":"http:\/\/nuevacordoba.net\/index.php\/wp-json\/wp\/v2\/comments?post=20444"}],"version-history":[{"count":0,"href":"http:\/\/nuevacordoba.net\/index.php\/wp-json\/wp\/v2\/posts\/20444\/revisions"}],"wp:featuredmedia":[{"embeddable":true,"href":"http:\/\/nuevacordoba.net\/index.php\/wp-json\/wp\/v2\/media\/20445"}],"wp:attachment":[{"href":"http:\/\/nuevacordoba.net\/index.php\/wp-json\/wp\/v2\/media?parent=20444"}],"wp:term":[{"taxonomy":"category","embeddable":true,"href":"http:\/\/nuevacordoba.net\/index.php\/wp-json\/wp\/v2\/categories?post=20444"},{"taxonomy":"post_tag","embeddable":true,"href":"http:\/\/nuevacordoba.net\/index.php\/wp-json\/wp\/v2\/tags?post=20444"}],"curies":[{"name":"wp","href":"https:\/\/api.w.org\/{rel}","templated":true}]}}