{"id":20446,"date":"2022-06-04T06:16:33","date_gmt":"2022-06-04T06:16:33","guid":{"rendered":"http:\/\/estaciontrip.com.ar\/?p=6901"},"modified":"2022-06-04T06:16:33","modified_gmt":"2022-06-04T06:16:33","slug":"cerro-castor-anuncia-su-apertura-para-el-24-de-junio","status":"publish","type":"post","link":"http:\/\/nuevacordoba.net\/index.php\/2022\/06\/04\/cerro-castor-anuncia-su-apertura-para-el-24-de-junio\/","title":{"rendered":"Cerro Castor anuncia su apertura para el 24 de junio"},"content":{"rendered":"<p><em>El centro de esqu\u00ed de Ushuaia, el m\u00e1s austral de la Argentina, planifica el inicio de la temporada de nieve con novedades.<\/em><\/p>\n<p>Cerro Castor, el centro de esqu\u00ed m\u00e1s austral, anuncia la apertura de la temporada de invierno y de nieve en el Fin del Mundo. Su fecha de inicio es el 24 de junio y asegura, de esta forma, la temporada m\u00e1s larga de la Argentina por su ubicaci\u00f3n privilegiada.&nbsp;<\/p>\n<p>\u00bfSu novedad? Adem\u00e1s de poder <strong>adquirir la preventa de pases y alquiler de equipos de forma online<\/strong>, incorpora un nuevo Teleski y una <strong>nueva pista de dificultad negra de 1.800 metros de longitud.&nbsp;<\/strong><\/p>\n<p>Ubicado a tan solo 26 km de Ushuaia, Cerro Castor ofrece magn\u00edficas condiciones para disfrutar m\u00faltiples opciones de deportes de invierno y entretenimiento: 35 pistas con diferentes niveles de dificultad, 12 medios de elevaci\u00f3n, el snowpark m\u00e1s grande de Sudam\u00e9rica, 1 circuito de ski cross, 1 \u00e1rea para principiantes y fuera de pista, todo en un predio de m\u00e1s de 650 hect\u00e1reas esquiables. Adem\u00e1s, tiene una pista de patinaje sobre hielo, un circuito de esqu\u00ed de fondo y cuenta con una amplia red de nieve artificial, <strong>garantizando nieve hasta la base del complejo durante toda la temporada.&nbsp;Su sistema de fabricaci\u00f3n de nieve es el m\u00e1s grande de Sudam\u00e9rica y permite cubrir el 30% de la monta\u00f1a a partir de dicho sistema.<\/strong><\/p>\n<div id=\"envira-gallery-wrap-6904\" class=\"envira-gallery-wrap envira-gallery-theme-base envira-lightbox-theme-base\" itemscope itemtype=\"https:\/\/schema.org\/ImageGallery\">\n<div data-row-height data-gallery-theme id=\"envira-gallery-6904\" class=\"envira-gallery-public envira-gallery-1-columns envira-clear enviratope envira-gallery-css-animations\" data-envira-columns=\"1\">\n<div id=\"envira-gallery-item-6905\" class=\"envira-gallery-item enviratope-item envira-gallery-item-1 envira-lazy-load\" itemscope itemtype=\"https:\/\/schema.org\/ImageObject\">\n<div class=\"envira-gallery-item-inner\"><a href=\"http:\/\/nuevacordoba.net\/wp-content\/uploads\/2022\/06\/cerro-castor-anuncia-su-apertura-para-el-24-de-junio-1.jpg\" class=\"envira-gallery-6904 envira-gallery-link\" rel=\"enviragallery6904\" title=\"285459412_10226210699285971_6579037441174219865_n\" data-envira-caption=\"285459412_10226210699285971_6579037441174219865_n\" data-envira-retina data-thumbnail itemprop=\"contentUrl\"><\/p>\n<div class=\"envira-lazy\" data-test-width=\"640\" data-test-height=\"480\"><img id=\"envira-gallery-image-6905\" class=\"envira-gallery-image envira-gallery-image-1\" data-envira-index=\"1\" src=\"http:\/\/nuevacordoba.net\/wp-content\/uploads\/2022\/06\/cerro-castor-anuncia-su-apertura-para-el-24-de-junio.jpg\" data-envira-src=\"http:\/\/nuevacordoba.net\/wp-content\/uploads\/2022\/06\/cerro-castor-anuncia-su-apertura-para-el-24-de-junio.jpg\" data-envira-gallery-id=\"6904\" data-envira-item-id=\"6905\" data-envira-caption=\"285459412_10226210699285971_6579037441174219865_n\" alt title=\"285459412_10226210699285971_6579037441174219865_n\" itemprop=\"thumbnailUrl\" data-envira-srcset=\"http:\/\/nuevacordoba.net\/wp-content\/uploads\/2022\/06\/cerro-castor-anuncia-su-apertura-para-el-24-de-junio.jpg 400w,http:\/\/nuevacordoba.net\/wp-content\/uploads\/2022\/06\/cerro-castor-anuncia-su-apertura-para-el-24-de-junio.jpg 2x\" srcset=\"data:image\/gif;base64,R0lGODlhAQABAIAAAP\/\/\/\/\/\/\/yH5BAEKAAEALAAAAAABAAEAAAICTAEAOw==\"><\/div>\n<p><\/a><\/div>\n<\/div>\n<\/div>\n<\/div>\n<p><noscript><img src=\"http:\/\/nuevacordoba.net\/wp-content\/uploads\/2022\/06\/cerro-castor-anuncia-su-apertura-para-el-24-de-junio-1.jpg\" alt><\/noscript> <\/p>\n<p><span class=\"has-inline-color has-luminous-vivid-amber-color\">Previo a la fecha de inicio de temporada Cerro Castor abrir\u00e1 las puertas de sus instalaciones con acceso a la Pista de Patinaje y el punto gastron\u00f3mico Morada del \u00c1guila, ubicados en la base del Cerro. A partir del viernes 17 de junio los visitantes podr\u00e1n disfrutar del lugar.<\/span><\/p>\n<div id=\"envira-gallery-wrap-6906\" class=\"envira-gallery-wrap envira-gallery-theme-base envira-lightbox-theme-base\" itemscope itemtype=\"https:\/\/schema.org\/ImageGallery\">\n<div data-row-height data-gallery-theme id=\"envira-gallery-6906\" class=\"envira-gallery-public envira-gallery-1-columns envira-clear enviratope envira-gallery-css-animations\" data-envira-columns=\"1\">\n<div id=\"envira-gallery-item-6907\" class=\"envira-gallery-item enviratope-item envira-gallery-item-1 envira-lazy-load\" itemscope itemtype=\"https:\/\/schema.org\/ImageObject\">\n<div class=\"envira-gallery-item-inner\"><a href=\"http:\/\/nuevacordoba.net\/wp-content\/uploads\/2022\/06\/cerro-castor-anuncia-su-apertura-para-el-24-de-junio-3.jpg\" class=\"envira-gallery-6906 envira-gallery-link\" rel=\"enviragallery6906\" title=\"285052173_10226210696725907_280511641828688693_n\" data-envira-caption=\"285052173_10226210696725907_280511641828688693_n\" data-envira-retina data-thumbnail itemprop=\"contentUrl\"><\/p>\n<div class=\"envira-lazy\" data-test-width=\"640\" data-test-height=\"480\"><img id=\"envira-gallery-image-6907\" class=\"envira-gallery-image envira-gallery-image-1\" data-envira-index=\"1\" src=\"http:\/\/nuevacordoba.net\/wp-content\/uploads\/2022\/06\/cerro-castor-anuncia-su-apertura-para-el-24-de-junio-2.jpg\" data-envira-src=\"http:\/\/nuevacordoba.net\/wp-content\/uploads\/2022\/06\/cerro-castor-anuncia-su-apertura-para-el-24-de-junio-2.jpg\" data-envira-gallery-id=\"6906\" data-envira-item-id=\"6907\" data-envira-caption=\"285052173_10226210696725907_280511641828688693_n\" alt title=\"285052173_10226210696725907_280511641828688693_n\" itemprop=\"thumbnailUrl\" data-envira-srcset=\"http:\/\/nuevacordoba.net\/wp-content\/uploads\/2022\/06\/cerro-castor-anuncia-su-apertura-para-el-24-de-junio-2.jpg 400w,http:\/\/nuevacordoba.net\/wp-content\/uploads\/2022\/06\/cerro-castor-anuncia-su-apertura-para-el-24-de-junio-2.jpg 2x\" srcset=\"data:image\/gif;base64,R0lGODlhAQABAIAAAP\/\/\/\/\/\/\/yH5BAEKAAEALAAAAAABAAEAAAICTAEAOw==\"><\/div>\n<p><\/a><\/div>\n<\/div>\n<\/div>\n<\/div>\n<p><noscript><img src=\"http:\/\/nuevacordoba.net\/wp-content\/uploads\/2022\/06\/cerro-castor-anuncia-su-apertura-para-el-24-de-junio-3.jpg\" alt><\/noscript> <\/p>\n<p>La inauguraci\u00f3n tendr\u00e1 su evento provincial denominado \u201cFiesta del Invierno\u201d que se celebrar\u00e1 el d\u00eda s\u00e1bado 9 de julio, con su tradicional Bajada de Antorchas, en conjunto con el Gobierno de Tierra del Fuego a trav\u00e9s del Instituto Fueguino de Turismo y la Televisi\u00f3n P\u00fablica Fueguina.<\/p>\n<p>Las pistas est\u00e1n listas para recibir a una gran cantidad de visitantes y esquiadores con cantidad y calidad de nieve asegurada para disfrutar, toda la temporada, en Cerro Castor. Asimismo, el lugar contin\u00faa trabajando con los protocolos sanitarios dispuestos en el marco de la pandemia provocada por el Covid-19.<\/p>\n<p><strong>UN CENTRO DE ESQU\u00cd DE LUJO <\/strong><\/p>\n<p>Juan Carlos Begu\u00e9 y sus hijos gestionan este complejo en el sur del pa\u00eds y siempre destacan la importancia del lugar en el cual se encuentra.<\/p>\n<p>Ushuaia es un destino tur\u00edstico consolidado, con un aeropuerto internacional modelo, diferentes opciones de alojamiento,&nbsp;gastronom\u00eda de excelente calidad y diversidad, y servicios tur\u00edsticos que funcionan todo el a\u00f1o (con opciones de lujo como las excursiones en helic\u00f3ptero y tradicionales como la del Tren del Fin del Mundo) e infinidad de lugares&nbsp;por descubrir.&nbsp;<\/p>\n<div id=\"envira-gallery-wrap-6908\" class=\"envira-gallery-wrap envira-gallery-theme-base envira-lightbox-theme-base\" itemscope itemtype=\"https:\/\/schema.org\/ImageGallery\">\n<div data-row-height data-gallery-theme id=\"envira-gallery-6908\" class=\"envira-gallery-public envira-gallery-1-columns envira-clear enviratope envira-gallery-css-animations\" data-envira-columns=\"1\">\n<div id=\"envira-gallery-item-6909\" class=\"envira-gallery-item enviratope-item envira-gallery-item-1 envira-lazy-load\" itemscope itemtype=\"https:\/\/schema.org\/ImageObject\">\n<div class=\"envira-gallery-item-inner\"><a href=\"http:\/\/nuevacordoba.net\/wp-content\/uploads\/2022\/06\/cerro-castor-anuncia-su-apertura-para-el-24-de-junio-5.jpg\" class=\"envira-gallery-6908 envira-gallery-link\" rel=\"enviragallery6908\" title=\"285162780_10226210699005964_4133392215556264641_n\" data-envira-caption=\"285162780_10226210699005964_4133392215556264641_n\" data-envira-retina data-thumbnail itemprop=\"contentUrl\"><\/p>\n<div class=\"envira-lazy\" data-test-width=\"640\" data-test-height=\"480\"><img id=\"envira-gallery-image-6909\" class=\"envira-gallery-image envira-gallery-image-1\" data-envira-index=\"1\" src=\"http:\/\/nuevacordoba.net\/wp-content\/uploads\/2022\/06\/cerro-castor-anuncia-su-apertura-para-el-24-de-junio-4.jpg\" data-envira-src=\"http:\/\/nuevacordoba.net\/wp-content\/uploads\/2022\/06\/cerro-castor-anuncia-su-apertura-para-el-24-de-junio-4.jpg\" data-envira-gallery-id=\"6908\" data-envira-item-id=\"6909\" data-envira-caption=\"285162780_10226210699005964_4133392215556264641_n\" alt title=\"285162780_10226210699005964_4133392215556264641_n\" itemprop=\"thumbnailUrl\" data-envira-srcset=\"http:\/\/nuevacordoba.net\/wp-content\/uploads\/2022\/06\/cerro-castor-anuncia-su-apertura-para-el-24-de-junio-4.jpg 400w,http:\/\/nuevacordoba.net\/wp-content\/uploads\/2022\/06\/cerro-castor-anuncia-su-apertura-para-el-24-de-junio-4.jpg 2x\" srcset=\"data:image\/gif;base64,R0lGODlhAQABAIAAAP\/\/\/\/\/\/\/yH5BAEKAAEALAAAAAABAAEAAAICTAEAOw==\"><\/div>\n<p><\/a><\/div>\n<\/div>\n<\/div>\n<\/div>\n<p><noscript><img src=\"http:\/\/nuevacordoba.net\/wp-content\/uploads\/2022\/06\/cerro-castor-anuncia-su-apertura-para-el-24-de-junio-5.jpg\" alt><\/noscript> <\/p>\n<p><strong>INFRAESTRUCTURA: MEDIOS Y PISTAS<\/strong><\/p>\n<p>Cerro Castor cuenta con 650 hect\u00e1reas esquiables y un total de 1.057 metros de altura. Ubicado en el punto m\u00e1s austral del pa\u00eds, tiene <strong>35 pistas<\/strong> y 12 medios de elevaci\u00f3n. Adem\u00e1s, cuenta con 1 pista de Snowpark, 1 circuito de Ski- Cross, 1 \u00e1rea exclusiva para principiantes, 1 pista de patinaje sobre hielo, 1 circuito de esqu\u00ed de fondo y 1 escuela con 60 instructores.&nbsp;<\/p>\n<p>Tambi\u00e9n, 1 skilodge con 15 caba\u00f1as + 1 spa, adem\u00e1s de 8 puntos gastron\u00f3micos distribuidos por el Cerro.&nbsp;<\/p>\n<p>Esta temporada promete ser de nieve asegurada para Cerro Castor que cuenta con&nbsp; 2<strong>8 ca\u00f1ones y lanzas para la fabricaci\u00f3n de nieve.&nbsp;<\/strong><\/p>\n<p>Una novedad destacada es la <strong>nueva pista de dificultad negra de 1.800 metros de longitud<\/strong> la cual se prolongar\u00e1 hasta la cima en la pr\u00f3xima temporada. Esta pista promete ser de las m\u00e1s entretenidas del cerro y, tambi\u00e9n ser\u00e1 de entrenamiento para las disciplinas de descenso y s\u00faper gigante. Se podr\u00e1 tomar esta pista desde la llegada de la Telesilla del R\u00edo (A5) y se unir\u00e1 con Halc\u00f3n Peregrino antes del puente que lleva a la base.<\/p>\n<p>Por otra parte, Cerro Castor inaugurar\u00e1 un <strong>telesk\u00ed nuevo en la zona de la cota 420<\/strong>, donde se encuentra el rest\u00f3 Terrazas del Castor y la Telesilla del Parque (A4). Este nuevo medio de arrastre, de 530 metros de longitud, ser\u00e1 el medio m\u00e1s utilizado para aquellos amantes del snowpark ya que pr\u00e1cticamente dejar\u00e1 a los esquiadores en la cima del parque para poder disfrutarlo de principio a fin.&nbsp;<\/p>\n<p>Tambi\u00e9n este teleski podr\u00e1 ser utilizado para aquellos que quieran tomar la pista P\u00e1jaro Carpintero hasta la zona de 480, el coraz\u00f3n de la monta\u00f1a.<\/p>\n<p><strong>NOVEDADES GASTRON\u00d3MICAS<\/strong><\/p>\n<p>El complejo cuenta con 8 puntos gastron\u00f3micos, 4 ubicados en la base y 4 en distintas alturas del cerro.<\/p>\n<ol>\n<li><strong>Morada del \u00c1guila: <\/strong>restaurante a la carta que, entre otras especialidades, cuenta con hogar a le\u00f1a y mullidos sillones, en el que se puede almorzar un verdadero cordero fueguino a la cruz cocido a fuego de lenga, o una cazuela de cordero con pimientos, papas, zucchinis y cebollas, con todas las calor\u00edas que el fr\u00edo demanda. Con capacidad para 150 personas sentadas\u2013 se transforma cada atardecer en el punto de encuentro ideal para compartir un buen caf\u00e9 Baileys o un chocolate caliente como tambi\u00e9n un exquisito whiskey en las rocas en torno al hogar a le\u00f1a. Con perfil vers\u00e1til y atenci\u00f3n personalizada, Morada del \u00c1guila es todo un referente de la gastronom\u00eda local.<\/li>\n<li><strong>Terrazas del Castor: <\/strong>ofrece un servicio buffet y gourmet a la carta, sumando un punto gastron\u00f3mico m\u00e1s, al centro de esqu\u00ed m\u00e1s austral. Lo diferencial de Terrazas del Castor, es el Sushi Board, que ofrece rolls con los mejores pescados de la zona, adem\u00e1s de una buena variedad de salteados.<\/li>\n<li><strong>Snowbar: <\/strong>brinda un servicio de cafeter\u00eda, con delicias como tostados completos, adem\u00e1s de pizzas, s\u00e1ndwiches de lomo que resultan perfectos para reponer energ\u00edas.<\/li>\n<li><strong>Restaurante 480:<\/strong> es el parador m\u00e1s concurrido del Cerro. Posee un pr\u00e1ctico autoservicio con men\u00faes fijos rotativos, ubicado en el coraz\u00f3n de la monta\u00f1a. Es el que m\u00e1s capacidad tiene, 400 comensales. Su deck exterior es ideal para disfrutar una cerveza y contemplar la excelente vista de la monta\u00f1a.<\/li>\n<li><strong>La Barra: <\/strong>ofrece exquisitas sopas, sandwicher\u00eda, pizzetas o los caracter\u00edsticos \u201cchoripanes\u201d preparados en el chulengo del deck.<\/li>\n<li><strong>Viejo Castor: <\/strong>ubicado en cota 520, a los pies de los Teleskies del Sol y del Este, posee un estilo vintage y monta\u00f1\u00e9s que lo hacen \u00fanico.<\/li>\n<\/ol>\n<p>Con capacidad para 80 personas, ofrece servicio de cafeter\u00eda y variedad de sandwichs: bondiola de cerdo braseados, carnes de cocciones largas o vegetarianos.<\/p>\n<ol start=\"7\">\n<li><strong>Ona House: <\/strong>ofrece una alternativa distinta en la base del cerro. Por las ma\u00f1anas se puede disfrutar de unas ricas cookies, servicio de patisserie y variedad de caf\u00e9 con distintos sabores.<\/li>\n<\/ol>\n<p>El mediod\u00eda est\u00e1 caracterizado por una carta deli light con s\u00e1ndwiches especiales, ensaladas y un plato del d\u00eda. Por la tarde, ofrece un after con m\u00fasica, variedad de t\u00e9 y tragos ideales para el post- esqu\u00ed.<\/p>\n<ol start=\"8\">\n<li><strong>Alpino Sports Bar: <\/strong>inaugurado en la temporada invernal 2018, este bar deportivo est\u00e1 ubicado junto a la moderna pista de patinaje.<\/li>\n<\/ol>\n<p>Con capacidad para 70 personas, es el lugar ideal para disfrutar de un chocolate caliente, sandwichs y amplia pasteler\u00eda con vistas a la pista de patinaje y la monta\u00f1a. Los amantes del deporte pueden seguirlos en dos pantallas, jugar al metegol o a la PlayStation.<\/p>\n<div id=\"envira-gallery-wrap-6910\" class=\"envira-gallery-wrap envira-gallery-theme-base envira-lightbox-theme-base\" itemscope itemtype=\"https:\/\/schema.org\/ImageGallery\">\n<div data-row-height data-gallery-theme id=\"envira-gallery-6910\" class=\"envira-gallery-public envira-gallery-1-columns envira-clear enviratope envira-gallery-css-animations\" data-envira-columns=\"1\">\n<div id=\"envira-gallery-item-6912\" class=\"envira-gallery-item enviratope-item envira-gallery-item-1 envira-lazy-load\" itemscope itemtype=\"https:\/\/schema.org\/ImageObject\">\n<div class=\"envira-gallery-item-inner\"><a href=\"http:\/\/nuevacordoba.net\/wp-content\/uploads\/2022\/06\/cerro-castor-anuncia-su-apertura-para-el-24-de-junio-7.jpg\" class=\"envira-gallery-6910 envira-gallery-link\" rel=\"enviragallery6910\" title=\"284937896_10226210698245945_776885983207913771_n\" data-envira-caption=\"284937896_10226210698245945_776885983207913771_n\" data-envira-retina data-thumbnail itemprop=\"contentUrl\"><\/p>\n<div class=\"envira-lazy\" data-test-width=\"640\" data-test-height=\"480\"><img id=\"envira-gallery-image-6912\" class=\"envira-gallery-image envira-gallery-image-1\" data-envira-index=\"1\" src=\"http:\/\/nuevacordoba.net\/wp-content\/uploads\/2022\/06\/cerro-castor-anuncia-su-apertura-para-el-24-de-junio-6.jpg\" data-envira-src=\"http:\/\/nuevacordoba.net\/wp-content\/uploads\/2022\/06\/cerro-castor-anuncia-su-apertura-para-el-24-de-junio-6.jpg\" data-envira-gallery-id=\"6910\" data-envira-item-id=\"6912\" data-envira-caption=\"284937896_10226210698245945_776885983207913771_n\" alt title=\"284937896_10226210698245945_776885983207913771_n\" itemprop=\"thumbnailUrl\" data-envira-srcset=\"http:\/\/nuevacordoba.net\/wp-content\/uploads\/2022\/06\/cerro-castor-anuncia-su-apertura-para-el-24-de-junio-6.jpg 400w,http:\/\/nuevacordoba.net\/wp-content\/uploads\/2022\/06\/cerro-castor-anuncia-su-apertura-para-el-24-de-junio-6.jpg 2x\" srcset=\"data:image\/gif;base64,R0lGODlhAQABAIAAAP\/\/\/\/\/\/\/yH5BAEKAAEALAAAAAABAAEAAAICTAEAOw==\"><\/div>\n<p><\/a><\/div>\n<\/div>\n<\/div>\n<\/div>\n<p><noscript><img src=\"http:\/\/nuevacordoba.net\/wp-content\/uploads\/2022\/06\/cerro-castor-anuncia-su-apertura-para-el-24-de-junio-7.jpg\" alt><\/noscript> <\/p>\n<p><strong>NIEVE ASEGURADA EN EL CERRO M\u00c1S AUSTRAL<\/strong><\/p>\n<p>En Cerro Castor,&nbsp;el 30 % de la monta\u00f1a est\u00e1 cubierta por un sistema de nieve artificial. 28 equipos de fabricaci\u00f3n (entre ca\u00f1ones y lanzas) garantizan \u00f3ptimas condiciones de nieve&nbsp;durante&nbsp;toda la temporada, con nieve hasta la base, y lo posicionan como uno de los centros con mayor innovaci\u00f3n tecnol\u00f3gica de la regi\u00f3n.<\/p>\n<p>Desde sus inicios, se distingui\u00f3 por ser el destino elegido por los principales equipos de esquiadores internacionales en esta \u00e9poca del a\u00f1o. Sus pistas homologadas por la Federaci\u00f3n Internacional de Esqu\u00ed y su calidad de nieve lo equiparan con los principales centros europeos.&nbsp;<\/p>\n<p><strong>LA FEDERACI\u00d3N ARGENTINA DE SKI ELIGE CERRO CASTOR&nbsp;<\/strong><\/p>\n<p>Gracias a las caracter\u00edsticas de las instalaciones de Cerro Castor y su calidad de nieve diferencial, esta temporada de invierno recibir\u00e1, una vez m\u00e1s, a los mejores equipos del mundo de ski para que desarrollen su entrenamiento de alto rendimiento para las competiciones internacionales.<\/p>\n<p>Para Cerro Castor es un orgullo poder recibir a profesionales tan destacados y que elijan sus pistas de cara a las competencias de escala mundial.<\/p>\n<p><strong>SERVICIOS<\/strong><\/p>\n<ul>\n<li>WI-FI en todos los puntos del centro de esqu\u00ed.&nbsp;<\/li>\n<li>E-Commerce para la compra de preventa, pases y alquiler de equipos, con 6 cuotas sin inter\u00e9s para clientes Visa.<\/li>\n<li>\u00c1gil servicio de boleter\u00eda con 7 ventanillas: 4 in y 4 out m\u00e1s un pick up box cuando la compra del pase se hace de manera online.<\/li>\n<li>Estacionamiento gratuito.<\/li>\n<li>Enfermer\u00eda en la base de la monta\u00f1a.<\/li>\n<li>Rentals de alquiler de equipos de esqu\u00ed alpino, de fondo y equipos de snowboard.&nbsp;<\/li>\n<li>Boutiques para alquiler y compra de indumentaria.&nbsp;<\/li>\n<li>Puestos de Socorro: atenci\u00f3n m\u00e9dica gratuita y especializada.<\/li>\n<li>Informaci\u00f3n del estado de pistas: <a href=\"http:\/\/www.cerrocastor.com\">www.cerrocastor.com<\/a>&nbsp;<\/li>\n<\/ul>\n<p><strong>ESCUELA DE SKI Y SNOWBOARD&nbsp;<\/strong><\/p>\n<p>Cerro Castor ofrece actividades para toda la familia. Su Escuela de esqu\u00ed y snowboard ofrece clases particulares y colectivas a cargo de los mejores profesionales, para que quien desee pueda aprender o perfeccionarse en estas disciplinas.&nbsp;<\/p>\n<h4>Clases particulares:<\/h4>\n<p>Es la opci\u00f3n m\u00e1s indicada para aquellos que requieren de su instructor el m\u00e1ximo de atenci\u00f3n, ya sea para hacer los primeros pasos, perfeccionar el nivel t\u00e9cnico o bien conocer las pistas de Cerro Castor de manera segura.<\/p>\n<h4>Clases Colectivas:<\/h4>\n<p>Idealmente los participantes deber\u00e1n tener el mismo nivel t\u00e9cnico. Alumnos que cuenten con cierto nivel podr\u00e1n incorporarse en cualquier momento a grupos ya conformados. Las clases colectivas son en m\u00f3dulos de 2 hs.<\/p>\n<p>&nbsp;Adem\u00e1s, se brindan clases de esqu\u00ed de fondo, esqu\u00ed adaptado y cl\u00ednicas en el SnowPark (el m\u00e1s grande de Sudam\u00e9rica).<\/p>\n<div id=\"envira-gallery-wrap-6913\" class=\"envira-gallery-wrap envira-gallery-theme-base envira-lightbox-theme-base\" itemscope itemtype=\"https:\/\/schema.org\/ImageGallery\">\n<div data-row-height data-gallery-theme id=\"envira-gallery-6913\" class=\"envira-gallery-public envira-gallery-1-columns envira-clear enviratope envira-gallery-css-animations\" data-envira-columns=\"1\">\n<div id=\"envira-gallery-item-6914\" class=\"envira-gallery-item enviratope-item envira-gallery-item-1 envira-lazy-load\" itemscope itemtype=\"https:\/\/schema.org\/ImageObject\">\n<div class=\"envira-gallery-item-inner\"><a href=\"http:\/\/nuevacordoba.net\/wp-content\/uploads\/2022\/06\/cerro-castor-anuncia-su-apertura-para-el-24-de-junio-9.jpg\" class=\"envira-gallery-6913 envira-gallery-link\" rel=\"enviragallery6913\" title=\"285138791_10226210697085916_6700697891456444529_n\" data-envira-caption=\"285138791_10226210697085916_6700697891456444529_n\" data-envira-retina data-thumbnail itemprop=\"contentUrl\"><\/p>\n<div class=\"envira-lazy\" data-test-width=\"640\" data-test-height=\"480\"><img id=\"envira-gallery-image-6914\" class=\"envira-gallery-image envira-gallery-image-1\" data-envira-index=\"1\" src=\"http:\/\/nuevacordoba.net\/wp-content\/uploads\/2022\/06\/cerro-castor-anuncia-su-apertura-para-el-24-de-junio-8.jpg\" data-envira-src=\"http:\/\/nuevacordoba.net\/wp-content\/uploads\/2022\/06\/cerro-castor-anuncia-su-apertura-para-el-24-de-junio-8.jpg\" data-envira-gallery-id=\"6913\" data-envira-item-id=\"6914\" data-envira-caption=\"285138791_10226210697085916_6700697891456444529_n\" alt title=\"285138791_10226210697085916_6700697891456444529_n\" itemprop=\"thumbnailUrl\" data-envira-srcset=\"http:\/\/nuevacordoba.net\/wp-content\/uploads\/2022\/06\/cerro-castor-anuncia-su-apertura-para-el-24-de-junio-8.jpg 400w,http:\/\/nuevacordoba.net\/wp-content\/uploads\/2022\/06\/cerro-castor-anuncia-su-apertura-para-el-24-de-junio-8.jpg 2x\" srcset=\"data:image\/gif;base64,R0lGODlhAQABAIAAAP\/\/\/\/\/\/\/yH5BAEKAAEALAAAAAABAAEAAAICTAEAOw==\"><\/div>\n<p><\/a><\/div>\n<\/div>\n<\/div>\n<\/div>\n<p><noscript><img src=\"http:\/\/nuevacordoba.net\/wp-content\/uploads\/2022\/06\/cerro-castor-anuncia-su-apertura-para-el-24-de-junio-9.jpg\" alt><\/noscript> <\/p>\n<p><strong>ESCUELITA DE SKI Y ACTIVIDADES PARA NI\u00d1OS<\/strong><\/p>\n<p>Los m\u00e1s chicos tambi\u00e9n tienen sus actividades para divertirse.&nbsp;<\/p>\n<p>Hay 3 productos para las distintas edades:&nbsp;<\/p>\n<p><strong>Escuelita:<\/strong> de 7 a 14 a\u00f1os, Los grupos, idealmente formados por un mismo nivel t\u00e9cnico, ser\u00e1n el medio para que los chicos puedan disfrutar de los desaf\u00edos de las pistas de Cerro Castor.<\/p>\n<p><strong>Jard\u00edn de Nieve<\/strong>: mini escuela de esqu\u00ed para chicos de 3 a 6 a\u00f1os inclusive.<\/p>\n<p><strong>Guarder\u00eda:<\/strong> para beb\u00e9s a partir de los 3 meses en adelante.<\/p>\n<p>Tambi\u00e9n clases particulares, colectivas y clases de esqu\u00ed adaptado.<\/p>\n<p><strong>COMPRA ONLINE: PREVENTA, PASES Y ALQUILERES DE EQUIPOS&nbsp;<\/strong><\/p>\n<p>Para esta nueva temporada Cerro Castor anuncia que a trav\u00e9s de su <strong>plataforma de venta online<\/strong> <a href=\"http:\/\/www.cerrocastor.com\">www.cerrocastor.com<\/a> se podr\u00e1n adquirir la preventa de pases y alquileres de equipos, los cuales podr\u00e1n personalizarse de acuerdo a la cantidad de d\u00edas de utilizaci\u00f3n del pase, categor\u00eda (adulto o menor), y por fechas de visita.&nbsp;<\/p>\n<p>Asimismo, a trav\u00e9s del sitio web, los clientes Visa podr\u00e1n acceder a un pago en 6 cuotas sin inter\u00e9s.<\/p>\n<p>Este nuevo beneficio, ya disponible para pases regulares, permite mejorar los procesos y acercar una soluci\u00f3n m\u00e1s r\u00e1pida y eficiente para el p\u00fablico.&nbsp;<\/p>\n<div id=\"envira-gallery-wrap-6918\" class=\"envira-gallery-wrap envira-gallery-theme-base envira-lightbox-theme-base\" itemscope itemtype=\"https:\/\/schema.org\/ImageGallery\">\n<div data-row-height data-gallery-theme id=\"envira-gallery-6918\" class=\"envira-gallery-public envira-gallery-1-columns envira-clear enviratope envira-gallery-css-animations\" data-envira-columns=\"1\">\n<div id=\"envira-gallery-item-6919\" class=\"envira-gallery-item enviratope-item envira-gallery-item-1 envira-lazy-load\" itemscope itemtype=\"https:\/\/schema.org\/ImageObject\">\n<div class=\"envira-gallery-item-inner\"><a href=\"http:\/\/nuevacordoba.net\/wp-content\/uploads\/2022\/06\/cerro-castor-anuncia-su-apertura-para-el-24-de-junio-11.jpg\" class=\"envira-gallery-6918 envira-gallery-link\" rel=\"enviragallery6918\" title=\"285712211_10226210697925937_6266877866297934840_n\" data-envira-caption=\"285712211_10226210697925937_6266877866297934840_n\" data-envira-retina data-thumbnail itemprop=\"contentUrl\"><\/p>\n<div class=\"envira-lazy\" data-test-width=\"640\" data-test-height=\"480\"><img id=\"envira-gallery-image-6919\" class=\"envira-gallery-image envira-gallery-image-1\" data-envira-index=\"1\" src=\"http:\/\/nuevacordoba.net\/wp-content\/uploads\/2022\/06\/cerro-castor-anuncia-su-apertura-para-el-24-de-junio-10.jpg\" data-envira-src=\"http:\/\/nuevacordoba.net\/wp-content\/uploads\/2022\/06\/cerro-castor-anuncia-su-apertura-para-el-24-de-junio-10.jpg\" data-envira-gallery-id=\"6918\" data-envira-item-id=\"6919\" data-envira-caption=\"285712211_10226210697925937_6266877866297934840_n\" alt title=\"285712211_10226210697925937_6266877866297934840_n\" itemprop=\"thumbnailUrl\" data-envira-srcset=\"http:\/\/nuevacordoba.net\/wp-content\/uploads\/2022\/06\/cerro-castor-anuncia-su-apertura-para-el-24-de-junio-10.jpg 400w,http:\/\/nuevacordoba.net\/wp-content\/uploads\/2022\/06\/cerro-castor-anuncia-su-apertura-para-el-24-de-junio-10.jpg 2x\" srcset=\"data:image\/gif;base64,R0lGODlhAQABAIAAAP\/\/\/\/\/\/\/yH5BAEKAAEALAAAAAABAAEAAAICTAEAOw==\"><\/div>\n<p><\/a><\/div>\n<\/div>\n<\/div>\n<\/div>\n<p><noscript><img src=\"http:\/\/nuevacordoba.net\/wp-content\/uploads\/2022\/06\/cerro-castor-anuncia-su-apertura-para-el-24-de-junio-11.jpg\" alt><\/noscript> <\/p>\n<p><strong>TARIFAS CERRO CASTOR \u2013 TEMPORADA DE INVIERNO 2022<\/strong><\/p>\n<p><em>Las tarifas est\u00e1n sujetas a modificaci\u00f3n:<\/em><\/p>\n<p><strong>Temporada Baja:&nbsp;<\/strong><\/p>\n<p>24 de Junio al 1 de Julio y luego desde el 24 de Septiembre al 2 de Octubre<\/p>\n<p>Tarifa: $5200 x pase diario \u2013 1 Adulto<\/p>\n<p><strong>Temporada Media:&nbsp;<\/strong><\/p>\n<p>2 de Julio al 8 de Julio \u2013 30 de Julio al 12 de Agosto y del 16 de Agosto al 23 de Septiembre.<\/p>\n<p>Tarifa $6.400 x pase diario \u2013 1 Adulto<\/p>\n<p><strong>Temporada Alta:<\/strong><\/p>\n<p>9 de Julio al 29 de Julio&nbsp; y 13, 15 y 15 de Agosto<\/p>\n<p>Tarifa 7.700 x pase diario \u2013 1 Adulto<\/p>\n<p>*Los residentes podr\u00e1n acceder a una tarifa diferencial.<\/p>\n","protected":false},"excerpt":{"rendered":"<p>El centro de esqu\u00ed de Ushuaia, el m\u00e1s austral de la Argentina, planifica el inicio de la temporada de nieve con novedades. Cerro Castor, el centro de esqu\u00ed m\u00e1s austral, anuncia la apertura de la temporada de invierno y de nieve en el Fin del Mundo. Su fecha de inicio es el 24 de junio [&hellip;]<\/p>\n","protected":false},"author":1,"featured_media":20447,"comment_status":"closed","ping_status":"closed","sticky":false,"template":"","format":"standard","meta":[],"categories":[11],"tags":[],"_links":{"self":[{"href":"http:\/\/nuevacordoba.net\/index.php\/wp-json\/wp\/v2\/posts\/20446"}],"collection":[{"href":"http:\/\/nuevacordoba.net\/index.php\/wp-json\/wp\/v2\/posts"}],"about":[{"href":"http:\/\/nuevacordoba.net\/index.php\/wp-json\/wp\/v2\/types\/post"}],"author":[{"embeddable":true,"href":"http:\/\/nuevacordoba.net\/index.php\/wp-json\/wp\/v2\/users\/1"}],"replies":[{"embeddable":true,"href":"http:\/\/nuevacordoba.net\/index.php\/wp-json\/wp\/v2\/comments?post=20446"}],"version-history":[{"count":0,"href":"http:\/\/nuevacordoba.net\/index.php\/wp-json\/wp\/v2\/posts\/20446\/revisions"}],"wp:featuredmedia":[{"embeddable":true,"href":"http:\/\/nuevacordoba.net\/index.php\/wp-json\/wp\/v2\/media\/20447"}],"wp:attachment":[{"href":"http:\/\/nuevacordoba.net\/index.php\/wp-json\/wp\/v2\/media?parent=20446"}],"wp:term":[{"taxonomy":"category","embeddable":true,"href":"http:\/\/nuevacordoba.net\/index.php\/wp-json\/wp\/v2\/categories?post=20446"},{"taxonomy":"post_tag","embeddable":true,"href":"http:\/\/nuevacordoba.net\/index.php\/wp-json\/wp\/v2\/tags?post=20446"}],"curies":[{"name":"wp","href":"https:\/\/api.w.org\/{rel}","templated":true}]}}