{"id":20450,"date":"2022-06-04T06:55:22","date_gmt":"2022-06-04T06:55:22","guid":{"rendered":"http:\/\/nuevacordoba.net\/index.php\/2022\/06\/04\/angel-correa-con-una-lesion-es-el-tercer-desafectado-de-la-seleccion-en-bilbao\/"},"modified":"2022-06-04T06:55:22","modified_gmt":"2022-06-04T06:55:22","slug":"angel-correa-con-una-lesion-es-el-tercer-desafectado-de-la-seleccion-en-bilbao","status":"publish","type":"post","link":"http:\/\/nuevacordoba.net\/index.php\/2022\/06\/04\/angel-correa-con-una-lesion-es-el-tercer-desafectado-de-la-seleccion-en-bilbao\/","title":{"rendered":"\u00c1ngel Correa, con una lesi\u00f3n, es el tercer desafectado de la Selecci\u00f3n en Bilbao"},"content":{"rendered":"<figure class=\"mb-3\"><img loading=\"lazy\" src=\"http:\/\/nuevacordoba.net\/wp-content\/uploads\/2022\/06\/angel-correa-con-una-lesion-es-el-tercer-desafectado-de-la-seleccion-en-bilbao.jpg\" width=\"100%\" height=\"100%\" alt=\"Angel Correa desafectado del plantel argentino de cara al duelo ante Estonia Foto Argentina\"><figcaption> Angel Correa, desafectado del plantel argentino de cara al duelo ante Estonia. Foto: @Argentina <\/figcaption><\/figure>\n<p>El delantero \u00c1ngel Correa regres\u00f3 hoy a Madrid por una lesi\u00f3n y se convirti\u00f3 as\u00ed en el tercer desafectado tras las bajas de Emiliano \u00abDibu\u00bb Mart\u00ednez y Leandro Paredes en el regreso del seleccionado argentino a Bilbao, donde espera por el partido del domingo contra Estonia en Pamplona.<\/p>\n<p>El futbolista de Atl\u00e9tico de Madrid ni siquiera integr\u00f3 el banco de suplentes en la consagraci\u00f3n del mi\u00e9rcoles frente a Italia por 3 a 0 en el estadio de Wembley en la Finalissima.<\/p>\n<p>Correa, uno de los que estar\u00eda en la lista de 23 convocados para el Mundial de Qatar, ser\u00e1 sometido a una \u00abintervenci\u00f3n quir\u00fargica\u00bb, explic\u00f3 la cuenta oficial de Argentina en Twitter.<\/p>\n<p>\u00abEl jugador \u00c1ngel Correa fue desafectado de la gira luego de que los servicios m\u00e9dicos de @Argentina y del @Atleti decidieran que el jugador viaje a Madrid para someterse a una cirug\u00eda dermatol\u00f3gica ambulatoria para reparar una lesi\u00f3n subcut\u00e1nea\u00bb, inform\u00f3 el departamento de prensa del seleccionado.<\/p>\n<p>El atacante adem\u00e1s est\u00e1 en negociaciones para determinar su continuidad o salida de Atl\u00e9tico de Madrid, aunque todo apunta a que su deseo es encontrar un nuevo destino luego de una temporada complicada desde lo colectivo, sin t\u00edtulos y sin luchar en ninguna competencia. Lo cierto es que tiene contrato hasta 2026 y extendi\u00f3 hace apenas una temporada.<\/p>\n<blockquote class=\"twitter-tweet\" readability=\"5.5960451977401\">\n<p lang=\"es\" dir=\"ltr\"><a href=\"https:\/\/twitter.com\/hashtag\/Selecci%C3%B3nMayor?src=hash&amp;ref_src=twsrc%5Etfw\">#Selecci\u00f3nMayor<\/a> El jugador \u00c1ngel Correa fue desafectado de la gira luego de que los servicios m\u00e9dicos de <a href=\"https:\/\/twitter.com\/Argentina?ref_src=twsrc%5Etfw\">@Argentina<\/a> y del <a href=\"https:\/\/twitter.com\/Atleti?ref_src=twsrc%5Etfw\">@Atleti<\/a> decidieran que el jugador viaje a Madrid para someterse a una cirug\u00eda dermatol\u00f3gica ambulatoria para reparar una lesi\u00f3n subcut\u00e1nea. <a href=\"https:\/\/t.co\/QqHCBmECkJ\">pic.twitter.com\/QqHCBmECkJ<\/a><\/p>\n<p>\u2014 Selecci\u00f3n Argentina \ud83c\udde6\ud83c\uddf7 (@Argentina) <a href=\"https:\/\/twitter.com\/Argentina\/status\/1532771383025061889?ref_src=twsrc%5Etfw\">June 3, 2022<\/a><\/p><\/blockquote>\n<p>Las malas noticias para el entrenador, Lionel Scaloni, despu\u00e9s del t\u00edtulo continuaron porque en la jornada del jueves perdi\u00f3 a su arquero, Emiliano Mart\u00ednez, y a Leandro Paredes, que tampoco sum\u00f3 minutos en Londres por una lesi\u00f3n que arrastra hace dos meses.<\/p>\n<p>El marplatense se tratar\u00e1 del dolor que arrastra en el rotuliano de la rodilla izquierda para empezar la pretemporada con el Aston Villa ingl\u00e9s de la mejor manera.<\/p>\n<p>El arquero viaj\u00f3 a la Argentina para verse con un especialista en estos d\u00edas -ser\u00eda el m\u00e9dico de Boca, Jorge Batista- y posteriormente podr\u00eda someterse a una intervenci\u00f3n quir\u00fargica, que fue el deseo del equipo en el cierre de la temporada, aunque lo evaluar\u00e1n.<\/p>\n<p>De hecho, en una atajada simple cuando iban 7 minutos del segundo tiempo, \u00abDibu\u00bb se resinti\u00f3 y se tom\u00f3 la pierna izquierda, donde lo aqueja la lesi\u00f3n desde la \u00faltima semana de la temporada oficial, que lo llev\u00f3 a no atajar contra Manchester City en la fecha final.<\/p>\n<p>La preocupaci\u00f3n del cuerpo t\u00e9cnico de Lionel Scaloni est\u00e1 latente sobre la situaci\u00f3n, ya que de operarse se perder\u00e1 al menos un mes de actividad en la preparaci\u00f3n previa a los compromisos oficiales aunque llegar\u00eda en condiciones para el Mundial.<\/p>\n<p><strong>Marcos Acu\u00f1a regresa al equipo<\/strong><br \/>La buena para Scaloni pas\u00f3 por la reaparici\u00f3n de Marcos Acu\u00f1a, que tendr\u00e1 su oportunidad el domingo contra Estonia en lugar de Nicol\u00e1s Tagliafico, una de las figuras en la consagraci\u00f3n frente a Italia.<\/p>\n<p>Adem\u00e1s, el capit\u00e1n y figura, Lionel Messi estar\u00e1 el domingo desde las 15 en el estadio de Osasuna, en Pamplona, al igual que Nicol\u00e1s Otamendi, Rodrigo De Paul y Guido Rodr\u00edguez, los \u00fanicos que repetir\u00e1n en relaci\u00f3n al once que gole\u00f3 a Italia (3-0).<\/p>\n<p>El probable equipo es <strong>Franco Armani; Gonzalo Montiel, Germ\u00e1n Pezzella o Lisandro Mart\u00ednez, Nicol\u00e1s Otamendi, Nicol\u00e1s Tagliafico o Marcos Acu\u00f1a; Rodrigo De Paul, Guido Rodr\u00edguez, Alexis Mac Allister; Lionel Messi, Juli\u00e1n \u00c1lvarez o Paulo Dybala y Nicol\u00e1s Gonz\u00e1lez.<\/strong><\/p>\n<p>El seleccionador le dar\u00e1 descanso a \u00c1ngel Di Mar\u00eda, que negocia su llegada a Juventus, de Italia, tras la negativa de Par\u00eds Saint Germain de renovar el v\u00ednculo, Giovani Lo Celso, Cristian Romero -se acalambr\u00f3 en los \u00faltimos minutos de la definici\u00f3n- y Nahuel Molina.<\/p>\n<p>El equipo se entren\u00f3 en la tarde europea aunque reci\u00e9n ma\u00f1ana definir\u00e1 el once para uno de los \u00faltimos amistosos previos al Mundial de Qatar, ya que solamente se juntar\u00e1n en septiembre cuando est\u00e1 la posibilidad de enfrentar a Brasil por el pendiente de las Eliminatorias Sudamericanas.<\/p>\n<p>Sin embargo, el deseo de Scaloni y la dirigencia de la AFA que encabeza Claudio Tapia es no enfrentarse a Brasil y hacerlo con dos rivales europeos o africanos, seg\u00fan la disponibilidad de calendario.<\/p>\n<p>Argentino integrar\u00e1 el grupo C en el Mundial contra Arabia Saudita (22 de noviembre), M\u00e9xico (26\/11) y Polonia (30\/11). <\/p>\n","protected":false},"excerpt":{"rendered":"<p>Angel Correa, desafectado del plantel argentino de cara al duelo ante Estonia. Foto: @Argentina El delantero \u00c1ngel Correa regres\u00f3 hoy a Madrid por una lesi\u00f3n y se convirti\u00f3 as\u00ed en el tercer desafectado tras las bajas de Emiliano \u00abDibu\u00bb Mart\u00ednez y Leandro Paredes en el regreso del seleccionado argentino a Bilbao, donde espera por el [&hellip;]<\/p>\n","protected":false},"author":1,"featured_media":20451,"comment_status":"closed","ping_status":"closed","sticky":false,"template":"","format":"standard","meta":[],"categories":[10],"tags":[],"_links":{"self":[{"href":"http:\/\/nuevacordoba.net\/index.php\/wp-json\/wp\/v2\/posts\/20450"}],"collection":[{"href":"http:\/\/nuevacordoba.net\/index.php\/wp-json\/wp\/v2\/posts"}],"about":[{"href":"http:\/\/nuevacordoba.net\/index.php\/wp-json\/wp\/v2\/types\/post"}],"author":[{"embeddable":true,"href":"http:\/\/nuevacordoba.net\/index.php\/wp-json\/wp\/v2\/users\/1"}],"replies":[{"embeddable":true,"href":"http:\/\/nuevacordoba.net\/index.php\/wp-json\/wp\/v2\/comments?post=20450"}],"version-history":[{"count":0,"href":"http:\/\/nuevacordoba.net\/index.php\/wp-json\/wp\/v2\/posts\/20450\/revisions"}],"wp:featuredmedia":[{"embeddable":true,"href":"http:\/\/nuevacordoba.net\/index.php\/wp-json\/wp\/v2\/media\/20451"}],"wp:attachment":[{"href":"http:\/\/nuevacordoba.net\/index.php\/wp-json\/wp\/v2\/media?parent=20450"}],"wp:term":[{"taxonomy":"category","embeddable":true,"href":"http:\/\/nuevacordoba.net\/index.php\/wp-json\/wp\/v2\/categories?post=20450"},{"taxonomy":"post_tag","embeddable":true,"href":"http:\/\/nuevacordoba.net\/index.php\/wp-json\/wp\/v2\/tags?post=20450"}],"curies":[{"name":"wp","href":"https:\/\/api.w.org\/{rel}","templated":true}]}}