{"id":20460,"date":"2022-06-03T23:12:32","date_gmt":"2022-06-03T23:12:32","guid":{"rendered":"https:\/\/cordoba.gob.ar\/?p=26186"},"modified":"2022-06-03T23:12:32","modified_gmt":"2022-06-03T23:12:32","slug":"se-celebra-el-dia-del-cuarteto-con-una-gran-fiesta-musical","status":"publish","type":"post","link":"http:\/\/nuevacordoba.net\/index.php\/2022\/06\/03\/se-celebra-el-dia-del-cuarteto-con-una-gran-fiesta-musical\/","title":{"rendered":"Se celebra el D\u00eda del Cuarteto con una gran fiesta musical"},"content":{"rendered":"<div><img src=\"http:\/\/nuevacordoba.net\/wp-content\/uploads\/2022\/06\/se-celebra-el-dia-del-cuarteto-con-una-gran-fiesta-musical.png\" class=\"ff-og-image-inserted\"><\/div>\n<ul>\n<li><strong>Ser\u00e1 ma\u00f1ana a las 11 horas en la explanada del Cabildo.<\/strong><\/li>\n<li><strong>Contar\u00e1 con la participaci\u00f3n de referentes locales del cuarteto.<\/strong><\/li>\n<li><strong>El evento estar\u00e1 abierto a toda la comunidad de manera gratuita.<\/strong><\/li>\n<\/ul>\n<hr>\n<p>Ma\u00f1ana s\u00e1bado 4 de junio, desde las 11 horas, en la explanada del Cabildo, se vivir\u00e1 una verdadera fiesta.<\/p>\n<p>El D\u00eda del Cuarteto contar\u00e1 con un gran escenario que permitir\u00e1 disfrutar de un show musical abierto y gratuito para toda la ciudad, en el marco de los 79 a\u00f1os del cuarteto y a 100 a\u00f1os del nacimiento de Leonor Marzano, la pionera de este ritmo identitario de nuestra cultura local.<\/p>\n<p>El municipio, a trav\u00e9s de la secretaria de Cultura, convoca a celebrar el \u201cTunga Tunga\u201d junto a Ayrton Gelfo y El legado de Carlitos Rol\u00e1n, referentes de este g\u00e9nero tan cordob\u00e9s, La Gata Noelia y Lore Jim\u00e9nez, dos mujeres con sello propio y de amplia trayectoria en los escenarios cordobeses y nacionales.<\/p>\n<p>De esta manera, con la m\u00fasica como encuentro y cercan\u00eda, se vivir\u00e1 en pleno centro de C\u00f3rdoba, lo que se disfruta y vivencia en tantas calles, plazas, salones y hogares cordobeses desde hace casi 80 a\u00f1os.<\/p>\n<p>Grilla<\/p>\n<p>11:00 DJ<br \/>11:40 Ayrton Gelfo y La Leo<br \/>12:20 la Gata Noelia<br \/>13:00 El legado de Carlitos Rol\u00e1n<br \/>13:40 Lore Jim\u00e9nez<\/p>\n","protected":false},"excerpt":{"rendered":"<p>Ser\u00e1 ma\u00f1ana a las 11 horas en la explanada del Cabildo. Contar\u00e1 con la participaci\u00f3n de referentes locales del cuarteto. El evento estar\u00e1 abierto a toda la comunidad de manera gratuita. Ma\u00f1ana s\u00e1bado 4 de junio, desde las 11 horas, en la explanada del Cabildo, se vivir\u00e1 una verdadera fiesta. El D\u00eda del Cuarteto contar\u00e1 [&hellip;]<\/p>\n","protected":false},"author":1,"featured_media":20461,"comment_status":"closed","ping_status":"closed","sticky":false,"template":"","format":"standard","meta":[],"categories":[14],"tags":[],"_links":{"self":[{"href":"http:\/\/nuevacordoba.net\/index.php\/wp-json\/wp\/v2\/posts\/20460"}],"collection":[{"href":"http:\/\/nuevacordoba.net\/index.php\/wp-json\/wp\/v2\/posts"}],"about":[{"href":"http:\/\/nuevacordoba.net\/index.php\/wp-json\/wp\/v2\/types\/post"}],"author":[{"embeddable":true,"href":"http:\/\/nuevacordoba.net\/index.php\/wp-json\/wp\/v2\/users\/1"}],"replies":[{"embeddable":true,"href":"http:\/\/nuevacordoba.net\/index.php\/wp-json\/wp\/v2\/comments?post=20460"}],"version-history":[{"count":0,"href":"http:\/\/nuevacordoba.net\/index.php\/wp-json\/wp\/v2\/posts\/20460\/revisions"}],"wp:featuredmedia":[{"embeddable":true,"href":"http:\/\/nuevacordoba.net\/index.php\/wp-json\/wp\/v2\/media\/20461"}],"wp:attachment":[{"href":"http:\/\/nuevacordoba.net\/index.php\/wp-json\/wp\/v2\/media?parent=20460"}],"wp:term":[{"taxonomy":"category","embeddable":true,"href":"http:\/\/nuevacordoba.net\/index.php\/wp-json\/wp\/v2\/categories?post=20460"},{"taxonomy":"post_tag","embeddable":true,"href":"http:\/\/nuevacordoba.net\/index.php\/wp-json\/wp\/v2\/tags?post=20460"}],"curies":[{"name":"wp","href":"https:\/\/api.w.org\/{rel}","templated":true}]}}