{"id":2047,"date":"2021-03-15T02:54:17","date_gmt":"2021-03-15T02:54:17","guid":{"rendered":"http:\/\/nuevacordoba.net\/index.php\/2021\/03\/15\/italia-se-prepara-para-otro-confinamiento-y-paris-lo-contempla-por-avance-de-coronavirus\/"},"modified":"2021-03-15T02:54:17","modified_gmt":"2021-03-15T02:54:17","slug":"italia-se-prepara-para-otro-confinamiento-y-paris-lo-contempla-por-avance-de-coronavirus","status":"publish","type":"post","link":"http:\/\/nuevacordoba.net\/index.php\/2021\/03\/15\/italia-se-prepara-para-otro-confinamiento-y-paris-lo-contempla-por-avance-de-coronavirus\/","title":{"rendered":"Italia se prepara para otro confinamiento y Par\u00eds lo contempla por avance de coronavirus"},"content":{"rendered":"<div class=\"image\" id=\"image\" readability=\"7\"> <img src=\"http:\/\/nuevacordoba.net\/wp-content\/uploads\/2021\/03\/italia-se-prepara-para-otro-confinamiento-y-paris-lo-contempla-por-avance-de-coronavirus.jpg\" alt=\"Aumento de casos de Coronavirus en Italia y nuevas medidas sanitarias.\" title=\"Aumento de casos de Coronavirus en Italia y nuevas medidas sanitarias.\"><\/p>\n<p>Aumento de casos de Coronavirus en Italia y nuevas medidas sanitarias.<\/p>\n<\/div>\n<p><strong>Italia volver\u00e1 ma\u00f1ana al confinamiento hasta despu\u00e9s de Semana Santa por un avance del coronavirus<\/strong> y la regi\u00f3n de Par\u00eds, en Francia, podr\u00eda seguir la misma suerte, mientras el virus no da el brazo a torcer pese al avance de la vacunaci\u00f3n en pa\u00edses como Chile, que, sin embargo, tuvo que endurecer restricciones.<\/p>\n<p>Si bien el ministro de Salud italiano, Roberto Speranza, afirm\u00f3 que \u00abcada dosis de vacuna inyectada es un paso en la direcci\u00f3n hacia una salida de crisis\u00bb, los casos volvieron a repuntar en el pa\u00eds, por lo que el pasado viernes el Gobierno decret\u00f3 que a partir de ma\u00f1ana y hasta el 6 de abril las regiones con m\u00e1s de 250 contagios semanales por 100.000 habitantes ser\u00e1n reconfinadas.<\/p>\n<p>\u00abMedidas m\u00e1s rigurosas y el aumento progresivo de personas vacunadas nos llevan a pensar que tendremos mejores cifras ya en la segunda mitad de la primavera (boreal)\u00bb, dijo Speranza, en una entrevista publicada hoy en el diario La Repubblica.<\/p>\n<p>\u00abEl hecho nuevo son las variantes, la inglesa en particular que prevalece en nuestro pa\u00eds (&#8230;) y representa 54% de los casos, aunque esperamos una cifra m\u00e1s alta\u00bb en el futuro, asegur\u00f3.<\/p>\n<p>Con 102.000 muertos desde el inicio de la pandemia, el pa\u00eds europeo registr\u00f3 ayer 26.000 casos y 317 nuevos fallecimientos en las 24 horas previas.<\/p>\n<p>Las regiones m\u00e1s pobladas del norte de la pen\u00ednsula, entre ellas <strong>Lombard\u00eda, con Mil\u00e1n, as\u00ed como Lacio, con Roma, fueron clasificadas como \u00abzonas rojas\u00bb,<\/strong> de confinamiento total, a partir de ma\u00f1ana, mientras que las dem\u00e1s fueron declaradas zona naranja, de contagio intermedio, seg\u00fan el Ministerio.<\/p>\n<p>La isla de Cerde\u00f1a es la \u00fanica zona blanca, es decir sin contagios, luego de haber sometido a toda la poblaci\u00f3n a pruebas anticovid.<\/p>\n<p>Tambi\u00e9n en Francia la prevalencia de las nuevas variantes est\u00e1 presionando al sistema hospitalario, mientras que limitados suministros de vacunas afectan los esfuerzos de inoculaci\u00f3n.<\/p>\n<div class=\"image\" id=\"image\" readability=\"7\"> <img src=\"http:\/\/nuevacordoba.net\/wp-content\/uploads\/2021\/03\/italia-se-prepara-para-otro-confinamiento-y-paris-lo-contempla-por-avance-de-coronavirus-1.jpg\" alt=\"Francia registra un aumento de casos de Coronavirus y contempla medidas m\u00e1s estrictas.\" title=\"Francia registra un aumento de casos de Coronavirus y contempla medidas m\u00e1s estrictas.\"><\/p>\n<p>Francia registra un aumento de casos de Coronavirus y contempla medidas m\u00e1s estrictas.<\/p>\n<\/div>\n<p>La situaci\u00f3n es particularmente complicada en la regi\u00f3n parisina, donde las unidades de cuidados intensivos (UCI) se encuentran al borde de la saturaci\u00f3n.<\/p>\n<p>\u00abSi tenemos que cerrar, lo haremos\u00bb, dijo el director de la agencia nacional de salud, Jerome Salomon, al canal de televisi\u00f3n BFMTV.<\/p>\n<p><strong>\u00abLa situaci\u00f3n es compleja, tensa y est\u00e1 empeorando en la regi\u00f3n de Par\u00eds\u00bb, prosigui\u00f3.<\/strong><\/p>\n<p>Salomon reconoci\u00f3 que el toque de queda de las 18 horas a nivel nacional \u201cno fue suficiente\u201d en algunas regiones para evitar un aumento en los casos, en particular de la variante identificada por primera vez en Reino Unido, inform\u00f3 la agencia de noticias AFP.<\/p>\n<p>Tambi\u00e9n se\u00f1al\u00f3 que Francia tiene m\u00e1s personas en UCI por Covid-19 y otras dolencias -alrededor de 6.300- que la cantidad total de camas de UCI que ten\u00eda al entrar en la pandemia.<\/p>\n<p><strong>\u00abEstamos haciendo todo lo posible para no tener que tomar medidas m\u00e1s dif\u00edciles y restrictivas; sin embargo, tomaremos las decisiones que sean necesarias\u00bb, avis\u00f3 el vocero del Gobierno, Gabriel Attal, al diario Le Figaro.<\/strong><\/p>\n<p>Durante este fin de semana, aviones m\u00e9dicos especiales enviaron a pacientes del \u00e1rea metropolitana de Par\u00eds y sus inmediaciones a regiones menos saturadas para aliviar la presi\u00f3n de los hospitales.<\/p>\n<p>Adem\u00e1s, a fines de esta semana, dos trenes especialmente equipados trasladar\u00e1n \u00abvarias decenas de pacientes a regiones que hoy est\u00e1n menos presionadas\u00bb por la pandemia, agreg\u00f3 Attal.<\/p>\n<p>Francia, que hoy contaba con m\u00e1s de 4,1 millones de infectados, lleva d\u00edas registrando entre 20.000 y 30.000 contagios diarios.<\/p>\n<p>En tanto, la campa\u00f1a masiva de vacunaci\u00f3n no logra despegar y contin\u00faa su lento avance, al igual que en el resto de la Uni\u00f3n Europea (UE), golpeada una vez m\u00e1s por el incumplimiento en entregas de las dosis adquiridas.<\/p>\n<p><strong>El laboratorio anglosueco AstraZeneca anunci\u00f3 ayer un nuevo retraso en los env\u00edos de sus vacunas anticovid-19 a la UE por problemas de producci\u00f3n y restricciones de exportaci\u00f3n, mientras persisten los temores sanitarios sobre este inmunizante, defendido por la Organizaci\u00f3n Mundial de la Salud (OMS).<\/strong><\/p>\n<p>Autoridades sanitarias de Irlanda recomendaron hoy suspender por \u00abprecauci\u00f3n\u00bb el uso de la vacuna AstraZeneca, tras la aparici\u00f3n de co\u00e1gulos sangu\u00edneos en vacunados en Noruega, aunque a\u00fan no se demostr\u00f3 una relaci\u00f3n de causa y efecto.<\/p>\n<p>Tambi\u00e9n el Ministerio de Salud neerland\u00e9s decidi\u00f3 suspender hoy el uso de dicha vacuna hasta el 28 de marzo \u00abcomo medida de precauci\u00f3n y a la espera de una investigaci\u00f3n m\u00e1s profunda\u00bb.<\/p>\n<p>Ambos pa\u00edses se sumaron as\u00ed a otras naciones europeas, como Noruega, Islandia, Dinamarca y Bulgaria, que ya suspendieron el uso de este inoculante por \u00abprecauci\u00f3n\u00bb, si bien AstraZeneca volvi\u00f3 a afirmar hoy que \u00abno hay pruebas\u00bb de que su vacuna provoque un incremento del riesgo de co\u00e1gulos en sangre tras haber realizado \u00abuna revisi\u00f3n minuciosa\u00bb de los datos disponibles sobre los inmunizados en el Reino Unido y la UE.<\/p>\n<p>\u00abUnos 17 millones de personas de la UE y Reino Unido han recibido ya nuestra vacuna y el n\u00famero de casos de co\u00e1gulos de los que se ha informado entre este grupo es inferior a la media que se puede esperar en la poblaci\u00f3n en general\u00bb, explic\u00f3 la farmac\u00e9utica a trav\u00e9s de un comunicado.<\/p>\n<p>T<strong>ambi\u00e9n la Agencia Europea de Medicamentos (EMA) y la Organizaci\u00f3n Mundial de la Salud (OMS) indicaron que \u00abno hay raz\u00f3n para no utilizar\u00bb esta vacuna y que no se ha establecido hasta ahora una relaci\u00f3n de causa a efecto entre su aplicaci\u00f3n y la formaci\u00f3n de co\u00e1gulos sangu\u00edneos.<\/strong><\/p>\n<p>Del otro lado del Atl\u00e1ntico, la campa\u00f1a de inmunizaci\u00f3n contra el nuevo coronavirus se ha disparado en Chile, donde el Ministerio de Salud chileno inform\u00f3 que ya se ha vacunado a 4,7 millones de personas, una cuarta parte de los aproximadamente 19 millones de habitantes del pa\u00eds.<\/p>\n<p>Solo durante la jornada de ayer fueron vacunadas con la primera dosis 7.672 personas, con lo que hay ya 4.789.553 inmunizadas, de las que 2.747.494 tienen 60 o m\u00e1s a\u00f1os.<\/p>\n<p>El ministro de Salud, Enrique Paris, explic\u00f3 que ante el r\u00e1pido avance de la vacunaci\u00f3n, se podr\u00eda adelantar el calendario de inoculaci\u00f3n, ya que no estaba previsto superar los 5 millones de dosis hasta finales de marzo.<\/p>\n<p>Desde el inicio de la pandemia, m\u00e1s de 119,7 millones de personas resultaron infectados por el virus en el mundo, mientras que m\u00e1s de 2,6 millones fallecieron, seg\u00fan el balance de la Universidad Johns Hopkins.<\/p>\n","protected":false},"excerpt":{"rendered":"<p>Aumento de casos de Coronavirus en Italia y nuevas medidas sanitarias. Italia volver\u00e1 ma\u00f1ana al confinamiento hasta despu\u00e9s de Semana Santa por un avance del coronavirus y la regi\u00f3n de Par\u00eds, en Francia, podr\u00eda seguir la misma suerte, mientras el virus no da el brazo a torcer pese al avance de la vacunaci\u00f3n en pa\u00edses [&hellip;]<\/p>\n","protected":false},"author":1,"featured_media":2048,"comment_status":"closed","ping_status":"closed","sticky":false,"template":"","format":"standard","meta":[],"categories":[13],"tags":[],"_links":{"self":[{"href":"http:\/\/nuevacordoba.net\/index.php\/wp-json\/wp\/v2\/posts\/2047"}],"collection":[{"href":"http:\/\/nuevacordoba.net\/index.php\/wp-json\/wp\/v2\/posts"}],"about":[{"href":"http:\/\/nuevacordoba.net\/index.php\/wp-json\/wp\/v2\/types\/post"}],"author":[{"embeddable":true,"href":"http:\/\/nuevacordoba.net\/index.php\/wp-json\/wp\/v2\/users\/1"}],"replies":[{"embeddable":true,"href":"http:\/\/nuevacordoba.net\/index.php\/wp-json\/wp\/v2\/comments?post=2047"}],"version-history":[{"count":0,"href":"http:\/\/nuevacordoba.net\/index.php\/wp-json\/wp\/v2\/posts\/2047\/revisions"}],"wp:featuredmedia":[{"embeddable":true,"href":"http:\/\/nuevacordoba.net\/index.php\/wp-json\/wp\/v2\/media\/2048"}],"wp:attachment":[{"href":"http:\/\/nuevacordoba.net\/index.php\/wp-json\/wp\/v2\/media?parent=2047"}],"wp:term":[{"taxonomy":"category","embeddable":true,"href":"http:\/\/nuevacordoba.net\/index.php\/wp-json\/wp\/v2\/categories?post=2047"},{"taxonomy":"post_tag","embeddable":true,"href":"http:\/\/nuevacordoba.net\/index.php\/wp-json\/wp\/v2\/tags?post=2047"}],"curies":[{"name":"wp","href":"https:\/\/api.w.org\/{rel}","templated":true}]}}