{"id":20480,"date":"2022-06-04T17:25:00","date_gmt":"2022-06-04T17:25:00","guid":{"rendered":"http:\/\/nuevacordoba.net\/index.php\/2022\/06\/04\/marley-comanda-la-voz-argentina-uno-de-sus-programas-favoritos\/"},"modified":"2022-06-04T17:25:00","modified_gmt":"2022-06-04T17:25:00","slug":"marley-comanda-la-voz-argentina-uno-de-sus-programas-favoritos","status":"publish","type":"post","link":"http:\/\/nuevacordoba.net\/index.php\/2022\/06\/04\/marley-comanda-la-voz-argentina-uno-de-sus-programas-favoritos\/","title":{"rendered":"Marley comanda \u00abLa Voz Argentina\u00bb, uno de sus \u00abprogramas favoritos\u00bb"},"content":{"rendered":"<figure class=\"mb-3\"><img loading=\"lazy\" src=\"http:\/\/nuevacordoba.net\/wp-content\/uploads\/2022\/06\/marley-comanda-la-voz-argentina-uno-de-sus-programas-favoritos.jpg\" width=\"100%\" height=\"100%\" alt=\"Marley celebr la vuelta del concurso musical La Voz Argentina que iniciar su cuarta temporada a travs de Telefe\"><figcaption> Marley celebr\u00f3 la vuelta del concurso musical \u00abLa Voz Argentina\u00bb que iniciar\u00e1 su cuarta temporada a trav\u00e9s de Telefe. <\/figcaption><\/figure>\n<p>El animador Alejandro Wiebe, conocido por el apodo de Marley con el que desde <strong>hace m\u00e1s de 30 a\u00f1os pisa fuerte en la televisi\u00f3n argentina<\/strong>, celebr\u00f3 la vuelta del concurso musical \u00abLa Voz Argentina\u00bb que <strong>el domingo a las 22.30 iniciar\u00e1 su cuarta temporada a trav\u00e9s de Telefe,<\/strong> \u00abporque es, por lejos, uno de mis programas favoritos\u00bb, asegura.<\/p>\n<p>\u00abMe gusta la b\u00fasqueda de ese talento musical, los nervios de la familia y el deseo de cada participante por gustar y seguir avanzando\u00bb, repasa Marley durante una entrevista telef\u00f3nica con T\u00e9lam.<\/p>\n<p>En tono casi de confesi\u00f3n, el conductor de flamantes 52 a\u00f1os, apunta que <strong>las vivencias de esa legi\u00f3n de int\u00e9rpretes por saltar del anonimato<\/strong> a las pantallas <strong>\u00abme hace acordar a la primera vez que me present\u00e9 en la televisi\u00f3n hace tres d\u00e9cadas atr\u00e1s. Con esa ilusi\u00f3n, con esas expectativas por darme a conocer\u00bb.<\/strong><\/p>\n<p><strong>Desde 1991 cuando debut\u00f3 como columnista en \u00abFax\u00bb <\/strong>(ciclo de Nicol\u00e1s Repetto que se ve\u00eda por Canal 13), el conductor sostuvo una impactante continuidad laboral que una d\u00e9cada m\u00e1s tarde lo llev\u00f3 a pasar a la otra pantalla l\u00edder, la de Telefe.<\/p>\n<p>En la se\u00f1al de las pelotitas fue cara visible de<strong> \u00abOperaci\u00f3n Triunfo\u00bb, la<\/strong>s distintas versiones de \u00ab<strong>Odisea\u00bb y \u00abPor el mundo\u00bb <\/strong>y otros ciclos de entretenimientos como<strong> \u00abGran Hermano\u00bb<\/strong>, <strong>\u00abEl muro infernal<\/strong>\u00ab, <strong>\u00abTu cara me suena\u00bb<\/strong> y \u00ab<strong>Minuto para ganar\u00bb<\/strong>, por citar solamente <strong>algunos de esos espacios.<\/strong><\/p>\n<p>En esa sobreabundancia de pantalla, <strong>el 27 de octubre de 2017, naci\u00f3 su hijo Mirko en Chicago, Estados Unidos,<\/strong> gestado en un <strong>vientre de alquiler<\/strong> y quien desde entonces acompa\u00f1a recurrentemente la actividad profesional de su padre.<\/p>\n<p>La nueva entrega de la versi\u00f3n local de <strong>\u00abLa Voz\u00bb, formato creado en 2010 por el productor de televisi\u00f3n neerland\u00e9s John de Mol<\/strong> con entregas en buena parte del mundo desde entonces,<strong> tendr\u00e1 como coaches a Ricardo Montaner, Soledad, Mau y Ricky, y Lali Esp\u00f3sito, id\u00e9ntico staff del exitoso env\u00edo de 2021.<\/strong><\/p>\n<p>A las galas domingueras de eliminaci\u00f3n, <strong>\u00abLa Voz Argentina\u00bb le sumar\u00e1 env\u00edos <\/strong>que se <strong>emitir\u00e1n de lunes a jueves a las 22 <\/strong>y que permitir\u00e1n ir conociendo los talentos de cada participante y sus historias personales y familiares.<\/p>\n<p>Con la incorporaci\u00f3n de <strong>Rochi Igarz\u00e1bal como host digital <\/strong>para redes sociales y plataformas, este a\u00f1o el \u00abreality\u00bb cont\u00f3 con un casting de m\u00e1s de 10.000 aspirantes.<\/p>\n<p>El programa que <strong>se impuso en la categor\u00eda Big Show<\/strong> de la \u00faltima entrega de los <strong>premios Mart\u00edn Fierro a la TV local<\/strong>, en 2019 logr\u00f3 estar nominado a los International Emmy Awards, aventajando a otras entregas internacionales del mismo formato.<\/p>\n<figure class=\"mb-3\"><img loading=\"lazy\" src=\"http:\/\/nuevacordoba.net\/wp-content\/uploads\/2022\/06\/marley-comanda-la-voz-argentina-uno-de-sus-programas-favoritos-1.jpg\" width=\"100%\" height=\"100%\" alt=\"En octubre de 2017 naci su hijo Mirko quien desde entonces acompaa la actividad profesional de su padre\"><figcaption> En octubre de 2017, naci\u00f3 su hijo Mirko, quien desde entonces acompa\u00f1a la actividad profesional de su padre. <\/figcaption><\/figure>\n<p><strong>T\u00e9lam: \u00bfA qu\u00e9 atribu\u00eds el suceso de \u00abLa Voz Argentina\u00bb?<\/strong><\/p>\n<p><strong>Marley:<\/strong> Siento que a partir de un formato que est\u00e1 perfectamente pensado, logramos transformarlo en un programa diario con mucho ritmo y con la posibilidad de contar las historias. Es la manera que encontramos de mostrarnos tal como somos, m\u00e1s emotivos, m\u00e1s abraceros que otros.<\/p>\n<p><strong>T: \u00bfQu\u00e9 otros condimentos ayudan a que el ciclo funcione?<\/strong><\/p>\n<p><strong>M: <\/strong>Es importante que nos llevamos s\u00faper bien, hay mucha confianza y nos re\u00edmos tambi\u00e9n de nosotros mismos. Eso es posible por conocernos tanto. Con la Sole vengo trabajando desde la primera edici\u00f3n y tenemos un gran recorrido juntos. A Lali la conozco desde \u00abCasi \u00e1ngeles\u00bb y ahora somos amigos y con Ricardo hemos compartido muchas comidas. Todo eso ayuda.<\/p>\n<p><strong>T: \u00bfFue importante para el programa ganar el Mart\u00edn Fierro?<\/strong><\/p>\n<p><strong>M:<\/strong> Me parece que \u00abLa Voz Argentina\u00bb deber\u00eda haber sido premiada hace mucho tiempo, tardaron un mont\u00f3n en reconocerla. Nos alababan en los Emmy y ac\u00e1 no nos distingu\u00edan<\/p>\n<p><strong>T: \u00bfQu\u00e9 otras versiones de \u00abLa Voz\u00bb sol\u00e9s seguir para tomar como referencia?<\/strong><\/p>\n<p><strong>M: <\/strong>Me gustan mucho y sigo las ediciones (norte)americana y tambi\u00e9n la brit\u00e1nica. Me resultan muy atractivas ambas.<\/p>\n<p><strong>T: \u00bf\u00bbLa Voz Argentina\u00bb es capaz de dar cuenta de la escena musical local?<\/strong><\/p>\n<p><strong>M:<\/strong> Sin duda. Lo bueno es que hay de todo tango, pop, folclore, rock y apareci\u00f3 mucha m\u00fasica urbana aunque en sus estilos no te luc\u00eds vocalmente como en otros g\u00e9neros. Pero hay de todo y va a haber un par de talentos que seguro van a explotar.<\/p>\n<p><strong>T: \u00bfA qu\u00e9 atribu\u00eds que int\u00e9rpretes que gozan de gran popularidad televisiva luego no logren sostenerse musicalmente?<\/strong><\/p>\n<p><strong>M: <\/strong>No me parece que eso sea as\u00ed. Si bien el negocio de la m\u00fasica cambi\u00f3 mucho y ya no pasa por la venta de discos, me consta que Francisco Ben\u00edtez (ganador de la entrega anterior que termin\u00f3 en septiembre de 2021) gira por todo el pa\u00eds llenando teatros.<\/p>\n<p><strong>T: Hace un rato dabas cuenta de tu predilecci\u00f3n por conducir \u00abLa Voz Argentina\u00bb pero eso no implica que dejes de hacer otros programas\u2026<\/strong><\/p>\n<p><strong>M: <\/strong>Para nada. No me interesa estar 15 a\u00f1os haciendo el mismo programa. A m\u00ed me encanta que me tengan en cuenta para hacer todo tipo de cosas, as\u00ed como si sos actor te desaf\u00eda poder encarar distintos roles, a m\u00ed como conductor me gusta que me llamen para hacer las cosas m\u00e1s variadas y as\u00ed poder pasar por las distintas emociones que propone cada programa. Me gusta ir intercalando, manejar los climas y darme cuenta que puedo hacer determinadas cosas y que el p\u00fablico me acompa\u00f1e<\/p>\n<p><strong>T: Entonces ten\u00e9s planes para este a\u00f1o\u2026<\/strong><\/p>\n<p><strong>M:<\/strong> Ahora estoy completamente abocado a \u00abLa Voz\u2026\u00bb, pero para m\u00e1s adelante conducir\u00e9 otro programa de competencias a partir de un formato de afuera y tambi\u00e9n queremos hacer la cobertura del Mundial de Qatar con \u00abPor el mundo\u00bb.<\/p>\n<p><strong>T: \u00bfC\u00f3mo convive esa actividad profesional con la vida familiar en la que se anuncia la llegada de otro hijo?<\/strong><\/p>\n<p><strong>M: <\/strong>Se agrand\u00f3 un poco la noticia y no hay ni siquiera embarazo. Hay un proyecto de darle un hermano a Mirko y me gustar\u00eda que sea una nena. Es algo que est\u00e1 encaminado pero necesita de sus tiempos como cualquier embarazo.<\/p>\n<p><strong>T: \u00bfDe qu\u00e9 manera tomaste la decisi\u00f3n de agrandar la familia?<\/strong><\/p>\n<p><strong>M:<\/strong> Es hermoso ser padre pero es mucha tarea y mucho esfuerzo y m\u00e1s cuando el ni\u00f1o va creciendo y empieza a tener un mont\u00f3n de actividades adem\u00e1s de la escuela, como llevarlo a f\u00fatbol y taekwondo. As\u00ed que tard\u00e9 mucho en decidirme a dar este nuevo paso porque pens\u00e9 que era m\u00e1s sencillo tener un hijo.<\/p>\n<p><strong>T: \u00bfMirko opin\u00f3 sobre esta determinaci\u00f3n?<\/strong><\/p>\n<p><strong>M: <\/strong>La veces que le pregunt\u00e9, Mirko me dijo que tiene ganas de tener un hermano o una hermana.<\/p>\n<p><strong>T: \u00bfDe qu\u00e9 manera manej\u00e1s la exposici\u00f3n medi\u00e1tica de tu hijo?<\/strong><\/p>\n<p><strong>M: <\/strong>Todo va a ir sucediendo de acuerdo a lo que Mirko tenga ganas de que suceda. Por ahora \u00e9l quiere venir a grabar conmigo y es algo que le divierte, pero cuando decida que no, cerraremos sus redes sociales y listo. <\/p>\n","protected":false},"excerpt":{"rendered":"<p>Marley celebr\u00f3 la vuelta del concurso musical \u00abLa Voz Argentina\u00bb que iniciar\u00e1 su cuarta temporada a trav\u00e9s de Telefe. El animador Alejandro Wiebe, conocido por el apodo de Marley con el que desde hace m\u00e1s de 30 a\u00f1os pisa fuerte en la televisi\u00f3n argentina, celebr\u00f3 la vuelta del concurso musical \u00abLa Voz Argentina\u00bb que el [&hellip;]<\/p>\n","protected":false},"author":1,"featured_media":20481,"comment_status":"closed","ping_status":"closed","sticky":false,"template":"","format":"standard","meta":[],"categories":[9],"tags":[],"_links":{"self":[{"href":"http:\/\/nuevacordoba.net\/index.php\/wp-json\/wp\/v2\/posts\/20480"}],"collection":[{"href":"http:\/\/nuevacordoba.net\/index.php\/wp-json\/wp\/v2\/posts"}],"about":[{"href":"http:\/\/nuevacordoba.net\/index.php\/wp-json\/wp\/v2\/types\/post"}],"author":[{"embeddable":true,"href":"http:\/\/nuevacordoba.net\/index.php\/wp-json\/wp\/v2\/users\/1"}],"replies":[{"embeddable":true,"href":"http:\/\/nuevacordoba.net\/index.php\/wp-json\/wp\/v2\/comments?post=20480"}],"version-history":[{"count":0,"href":"http:\/\/nuevacordoba.net\/index.php\/wp-json\/wp\/v2\/posts\/20480\/revisions"}],"wp:featuredmedia":[{"embeddable":true,"href":"http:\/\/nuevacordoba.net\/index.php\/wp-json\/wp\/v2\/media\/20481"}],"wp:attachment":[{"href":"http:\/\/nuevacordoba.net\/index.php\/wp-json\/wp\/v2\/media?parent=20480"}],"wp:term":[{"taxonomy":"category","embeddable":true,"href":"http:\/\/nuevacordoba.net\/index.php\/wp-json\/wp\/v2\/categories?post=20480"},{"taxonomy":"post_tag","embeddable":true,"href":"http:\/\/nuevacordoba.net\/index.php\/wp-json\/wp\/v2\/tags?post=20480"}],"curies":[{"name":"wp","href":"https:\/\/api.w.org\/{rel}","templated":true}]}}