{"id":20486,"date":"2022-06-03T23:02:46","date_gmt":"2022-06-03T23:02:46","guid":{"rendered":"https:\/\/cordoba.gob.ar\/?p=26183"},"modified":"2022-06-03T23:02:46","modified_gmt":"2022-06-03T23:02:46","slug":"la-municipalidad-lanzo-el-programa-economia-popular-diversa","status":"publish","type":"post","link":"http:\/\/nuevacordoba.net\/index.php\/2022\/06\/03\/la-municipalidad-lanzo-el-programa-economia-popular-diversa\/","title":{"rendered":"La Municipalidad lanz\u00f3 el Programa \u201cEconom\u00eda Popular Diversa\u201d"},"content":{"rendered":"<div><img src=\"http:\/\/nuevacordoba.net\/wp-content\/uploads\/2022\/06\/la-municipalidad-lanzo-el-programa-economia-popular-diversa.jpg\" class=\"ff-og-image-inserted\"><\/div>\n<ul>\n<li><strong>Es una acci\u00f3n que apunta a la inclusi\u00f3n de personas LGBTINB+.<\/strong><\/li>\n<li><strong>Se trata de fomentar y garantizar la participaci\u00f3n plena de personas de la comunidad en la econom\u00eda popular.<\/strong><\/li>\n<\/ul>\n<hr>\n<p>La Secretar\u00eda de Pol\u00edticas Sociales, Inclusi\u00f3n y Convivencia de la Municipalidad de C\u00f3rdoba, realiz\u00f3 el lanzamiento del Programa Econom\u00eda Popular Diversa, destinado a personas LGBTINB+ para la inclusi\u00f3n laboral en el marco de la econom\u00eda popular.<\/p>\n<p>El programa tiene como objetivo fomentar y garantizar la participaci\u00f3n de la comunidad LGBTINB+ en programas y acciones estatales de financiamiento, capacitaci\u00f3n y comercializaci\u00f3n de la econom\u00eda social y popular, a fines de promover su inclusi\u00f3n social plena y el fortalecimiento de iniciativas productivas de desarrollo socio-laboral y socio-comunitarios.<\/p>\n<p>Se dar\u00e1 mayor importancia a la capacitaci\u00f3n y formaci\u00f3n en relaci\u00f3n con las problem\u00e1ticas de discriminaci\u00f3n, generando instancias de formaci\u00f3n y reflexi\u00f3n preventivas de discriminaci\u00f3n y violencia hacia las personas de la diversidad para quienes compartan los \u00e1mbitos de comercializaci\u00f3n y\/o capacitaci\u00f3n vinculadas a los programas municipales del \u00e1rea de Econom\u00eda Social.<\/p>\n<p>A su vez, el programa facilita el acceso de personas de la diversidad sexual a las m\u00e1s de 54 ferias de la econom\u00eda social en toda la ciudad, propiciando la comercializaci\u00f3n de sus productos como tambi\u00e9n la visibilidad de personas LGBTINB+<\/p>\n<p>El secretario de Pol\u00edticas Sociales, Inclusi\u00f3n y Convivencia, Ra\u00fal La Cava, afirm\u00f3 la necesidad de seguir dando batallas desde la apertura y el amor en este espacio de diversidad. Y manifest\u00f3 <em>\u201cPara este programa, el intendente Llaryora primero dispuso los recursos y luego se le dio forma al proyecto. Hoy es una realidad que en la Ciudad de C\u00f3rdoba la diversidad est\u00e1 presente en la cultura, en las distintas \u00e1reas sociales y en el deporte\u201d.<\/em><\/p>\n<p>Esta acci\u00f3n municipal es innovadora en el pa\u00eds, ya que no existe otro programa que brinde respuesta a entre tantas problem\u00e1ticas en torno a la comunidad de la diversidad sexual, como es la inclusi\u00f3n laboral y la visibilizaci\u00f3n.<\/p>\n<p>El formato del programa incluye capacitaciones t\u00e9cnicas profesionales tales como educaci\u00f3n financiera y marketing, fortalecimiento de las unidades productivas, la transversalizaci\u00f3n de los ingresos a la feria de la econom\u00eda popular en la Ciudad de C\u00f3rdoba y en financiamiento de proyectos productivos.<\/p>\n<p><em>\u201cEste momento es un excelente punto de partida para un nuevo desaf\u00edo. Cuando los problemas se trabajan a trav\u00e9s del compromiso humano siempre tienen buenos resultados, y esta es la mejor forma de celebrar las demandas y los derechos que faltan y que desde el Municipio vamos a continuar trabajando para fortalecerlos\u201d<\/em>, manifest\u00f3 Sandra Trigo, secretaria de la Mujer, G\u00e9neros, Diversidad y Gesti\u00f3n Vecinal.<\/p>\n","protected":false},"excerpt":{"rendered":"<p>Es una acci\u00f3n que apunta a la inclusi\u00f3n de personas LGBTINB+. Se trata de fomentar y garantizar la participaci\u00f3n plena de personas de la comunidad en la econom\u00eda popular. La Secretar\u00eda de Pol\u00edticas Sociales, Inclusi\u00f3n y Convivencia de la Municipalidad de C\u00f3rdoba, realiz\u00f3 el lanzamiento del Programa Econom\u00eda Popular Diversa, destinado a personas LGBTINB+ para [&hellip;]<\/p>\n","protected":false},"author":1,"featured_media":20487,"comment_status":"closed","ping_status":"closed","sticky":false,"template":"","format":"standard","meta":[],"categories":[14],"tags":[],"_links":{"self":[{"href":"http:\/\/nuevacordoba.net\/index.php\/wp-json\/wp\/v2\/posts\/20486"}],"collection":[{"href":"http:\/\/nuevacordoba.net\/index.php\/wp-json\/wp\/v2\/posts"}],"about":[{"href":"http:\/\/nuevacordoba.net\/index.php\/wp-json\/wp\/v2\/types\/post"}],"author":[{"embeddable":true,"href":"http:\/\/nuevacordoba.net\/index.php\/wp-json\/wp\/v2\/users\/1"}],"replies":[{"embeddable":true,"href":"http:\/\/nuevacordoba.net\/index.php\/wp-json\/wp\/v2\/comments?post=20486"}],"version-history":[{"count":0,"href":"http:\/\/nuevacordoba.net\/index.php\/wp-json\/wp\/v2\/posts\/20486\/revisions"}],"wp:featuredmedia":[{"embeddable":true,"href":"http:\/\/nuevacordoba.net\/index.php\/wp-json\/wp\/v2\/media\/20487"}],"wp:attachment":[{"href":"http:\/\/nuevacordoba.net\/index.php\/wp-json\/wp\/v2\/media?parent=20486"}],"wp:term":[{"taxonomy":"category","embeddable":true,"href":"http:\/\/nuevacordoba.net\/index.php\/wp-json\/wp\/v2\/categories?post=20486"},{"taxonomy":"post_tag","embeddable":true,"href":"http:\/\/nuevacordoba.net\/index.php\/wp-json\/wp\/v2\/tags?post=20486"}],"curies":[{"name":"wp","href":"https:\/\/api.w.org\/{rel}","templated":true}]}}