{"id":20512,"date":"2022-06-03T22:10:55","date_gmt":"2022-06-03T22:10:55","guid":{"rendered":"https:\/\/cordoba.gob.ar\/?p=26180"},"modified":"2022-06-03T22:10:55","modified_gmt":"2022-06-03T22:10:55","slug":"dia-mundial-del-ambiente-la-municipalidad-te-invita-a-celebrarlo-con-diferentes-actividades","status":"publish","type":"post","link":"http:\/\/nuevacordoba.net\/index.php\/2022\/06\/03\/dia-mundial-del-ambiente-la-municipalidad-te-invita-a-celebrarlo-con-diferentes-actividades\/","title":{"rendered":"D\u00eda Mundial del Ambiente: la Municipalidad te invita a celebrarlo con diferentes actividades"},"content":{"rendered":"<div><img src=\"http:\/\/nuevacordoba.net\/wp-content\/uploads\/2022\/06\/dia-mundial-del-ambiente-la-municipalidad-te-invita-a-celebrarlo-con-diferentes-actividades.jpg\" class=\"ff-og-image-inserted\"><\/div>\n<ul>\n<li><strong>Desde el mediod\u00eda del domingo 5, en la Plaza de la Intendencia-h\u00e9roes de Malvinas se desarrollar\u00e1 la \u201cKerm\u00e9s Ambiental\u201d con entrada libre y gratuita, bandas en vivo, t\u00edteres, juegos, y carros de gastronom\u00eda, entre otros.<\/strong><\/li>\n<\/ul>\n<hr>\n<p>La Municipalidad de C\u00f3rdoba invita a la ciudadan\u00eda a participar de la \u201cKermes Ambiental\u201d que se llevar\u00e1 a cabo el pr\u00f3ximo domingo por el d\u00eda Mundial del Medio Ambiente, con diversas propuestas para pasar una hermosa tarde en familia o con amigos.<\/p>\n<p>La actividad en la Plaza de la Intendencia- H\u00e9roes de Malvinas, se desarrollar\u00e1 a partir de las 12 y hasta las 19 horas. Durante toda la tarde se ofrecer\u00e1n diferentes tipos de actividades para que los vecinos, visitantes o turistas puedan disfrutar de manera gratuita.<\/p>\n<p>Sobre la calle Caseros se podr\u00e1 encontrar trailers de gastronom\u00eda, y en el centro de la plaza un escenario principal con shows de t\u00edteres, regalos, animaciones, realidad virtual y juegos para los m\u00e1s chicos.<\/p>\n<p>Adem\u00e1s, habr\u00e1 puestos de reciclaje y ecocanje de residuos secos, donde se podr\u00e1n acercar materiales secos, los que ser\u00e1n canjeados por descuentos en los diferentes food truck.<\/p>\n<p>Tambi\u00e9n, feria de emprendedores sustentables y un espacio dedicado a las mascotas con un m\u00f3vil de vacunaci\u00f3n gratuito para perros y gatos.<\/p>\n<p>A lo largo de la tarde habr\u00e1 show de t\u00edteres a cargo de la compa\u00f1\u00eda Astrolabio, y otro de t\u00edteres sustentables con Resuena Ecolutheria. A la vez, bandas en vivo como Tumbadas, Banda Docta Boss, Soul Bitches y el cierre con Planeador V.<\/p>\n<p>Todo el material para reciclar que se re\u00fana durante la jornada, formar\u00e1 parte de la primera bandera Argentina de la Econom\u00eda Circular.<\/p>\n","protected":false},"excerpt":{"rendered":"<p>Desde el mediod\u00eda del domingo 5, en la Plaza de la Intendencia-h\u00e9roes de Malvinas se desarrollar\u00e1 la \u201cKerm\u00e9s Ambiental\u201d con entrada libre y gratuita, bandas en vivo, t\u00edteres, juegos, y carros de gastronom\u00eda, entre otros. La Municipalidad de C\u00f3rdoba invita a la ciudadan\u00eda a participar de la \u201cKermes Ambiental\u201d que se llevar\u00e1 a cabo el [&hellip;]<\/p>\n","protected":false},"author":1,"featured_media":20513,"comment_status":"closed","ping_status":"closed","sticky":false,"template":"","format":"standard","meta":[],"categories":[14],"tags":[],"_links":{"self":[{"href":"http:\/\/nuevacordoba.net\/index.php\/wp-json\/wp\/v2\/posts\/20512"}],"collection":[{"href":"http:\/\/nuevacordoba.net\/index.php\/wp-json\/wp\/v2\/posts"}],"about":[{"href":"http:\/\/nuevacordoba.net\/index.php\/wp-json\/wp\/v2\/types\/post"}],"author":[{"embeddable":true,"href":"http:\/\/nuevacordoba.net\/index.php\/wp-json\/wp\/v2\/users\/1"}],"replies":[{"embeddable":true,"href":"http:\/\/nuevacordoba.net\/index.php\/wp-json\/wp\/v2\/comments?post=20512"}],"version-history":[{"count":0,"href":"http:\/\/nuevacordoba.net\/index.php\/wp-json\/wp\/v2\/posts\/20512\/revisions"}],"wp:featuredmedia":[{"embeddable":true,"href":"http:\/\/nuevacordoba.net\/index.php\/wp-json\/wp\/v2\/media\/20513"}],"wp:attachment":[{"href":"http:\/\/nuevacordoba.net\/index.php\/wp-json\/wp\/v2\/media?parent=20512"}],"wp:term":[{"taxonomy":"category","embeddable":true,"href":"http:\/\/nuevacordoba.net\/index.php\/wp-json\/wp\/v2\/categories?post=20512"},{"taxonomy":"post_tag","embeddable":true,"href":"http:\/\/nuevacordoba.net\/index.php\/wp-json\/wp\/v2\/tags?post=20512"}],"curies":[{"name":"wp","href":"https:\/\/api.w.org\/{rel}","templated":true}]}}