{"id":2055,"date":"2021-03-12T11:32:16","date_gmt":"2021-03-12T11:32:16","guid":{"rendered":"https:\/\/www.checkinmag.com\/?p=1965"},"modified":"2021-03-12T11:32:16","modified_gmt":"2021-03-12T11:32:16","slug":"se-realizo-la-155o-asamblea-del-consejo-federal-de-turismo","status":"publish","type":"post","link":"http:\/\/nuevacordoba.net\/index.php\/2021\/03\/12\/se-realizo-la-155o-asamblea-del-consejo-federal-de-turismo\/","title":{"rendered":"Se realiz\u00f3 la 155\u00ba Asamblea del Consejo Federal de Turismo"},"content":{"rendered":"<div><img src=\"http:\/\/nuevacordoba.net\/wp-content\/uploads\/2021\/03\/se-realizo-la-155o-asamblea-del-consejo-federal-de-turismo.jpg\" class=\"ff-og-image-inserted\"><\/div>\n<p>El ministro de Turismo y Deportes de la Naci\u00f3n, Mat\u00edas Lammens, encabez\u00f3 la 155\u00ba Asamblea del Consejo Federal de Turismo (CFT), acompa\u00f1ado por la secretaria de promoci\u00f3n Tur\u00edstica de la Naci\u00f3n, Yanina Mart\u00ednez, la presidenta del CFT y ministra de Turismo y Cultura de San Juan, Claudia Grynszpan, y el presidente de la C\u00e1mara Argentina de Turismo, Aldo El\u00edas.&nbsp;&nbsp;<\/p>\n<p>En el discurso de apertura, Lammens asegur\u00f3: \u201cDespu\u00e9s de un a\u00f1o dif\u00edcil, es una gran alegr\u00eda volver a realizar el CFT de forma presencial, con todos los cuidados y protocolos correspondientes. La temporada de verano fue un verdadero desaf\u00edo y hemos&nbsp;superado las expectativas, con trabajo y respaldo de todas las provincias argentinas. El turismo es un sector clave para nuestro&nbsp;pa\u00eds y qued\u00f3 demostrado con la inversi\u00f3n r\u00e9cord de est\u00edmulo desde el Estado Nacional\u201d. Y sigui\u00f3: \u201cEl turismo es tambi\u00e9n una gran herramienta para superar crisis sistem\u00e1ticas, por eso quiero destacar el rol del sector privado, motor de inversiones para el desarrollo de infraestructura en el sector\u201d.&nbsp;<\/p>\n<p>A su turno, Yanina Mart\u00ednez expres\u00f3: \u201cEl turismo es una actividad que genera trabajo y oportunidades de forma transversal e inclusiva. Queremos que haya un turismo con perspectiva de g\u00e9nero, donde las mujeres tengan las mismas oportunidades\u201d. En tanto, la presidenta del CFT, Claudia Grynszpan, subray\u00f3: \u201cTenemos la posibilidad de demostrar que el turismo suma calidad de vida, porque la recreaci\u00f3n es un derecho\u201d.&nbsp;&nbsp;&nbsp;<\/p>\n<p>Por su parte, Aldo El\u00edas ponder\u00f3 el trabajo que se est\u00e1 realizando para abrir las fronteras: \u201cHay que trabajar con la mayor previsi\u00f3n posible para desarrollar un plan que tenga todas las alternativas que aseguren una estad\u00eda segura en nuestro pa\u00eds\u201d.&nbsp;<\/p>\n<p>Participaron tambi\u00e9n la jefa de la Unidad Gabinete de Asesores, Geraldine Oniszczuk; la subsecretaria de Desarrollo Estrat\u00e9gico, Eugenia Benedetti; la subsecretaria de Calidad, Accesibilidad y Sustentabilidad del Turismo Nacional, In\u00e9s Albergucci; el subsecretario de Promoci\u00f3n Tur\u00edstica y Nuevos Productos, Andr\u00e9s Krymer; y el subsecretario de Relaciones Institucionales y Cooperaci\u00f3n Internacional, Leandro Balasini.&nbsp;<\/p>\n<p>Al finalizar la apertura, el director comercial de Aerol\u00edneas Argentinas, Hern\u00e1n Lombardo, present\u00f3 una exposici\u00f3n sobre el reinicio de la actividad en la empresa, y puntualiz\u00f3 la recuperaci\u00f3n alcanzada en enero y febrero de este a\u00f1o.&nbsp;<\/p>\n<p>Durante la jornada, se renov\u00f3 por unanimidad la presidencia del CFT, a cargo de Claudia Grynszpan, se definieron nuevas comisiones de trabajo en el marco del CFT (conectividad, ferias y promoci\u00f3n, legislaci\u00f3n, g\u00e9nero, big data y estad\u00edsticas), se ratificaron los representantes ante el directorio del Inprotur e ICTA del per\u00edodo 2020-2022 y se realiz\u00f3 un repaso por las medidas puestas en marcha para proteger al sector, entre otras acciones.&nbsp;<\/p>\n<p><a href=\"http:\/\/www.argentina.gob.ar\">www.argentina.gob.ar<\/a><\/p>\n","protected":false},"excerpt":{"rendered":"<p>El ministro de Turismo y Deportes de la Naci\u00f3n, Mat\u00edas Lammens, encabez\u00f3 la 155\u00ba Asamblea del Consejo Federal de Turismo (CFT), acompa\u00f1ado por la secretaria de promoci\u00f3n Tur\u00edstica de la Naci\u00f3n, Yanina Mart\u00ednez, la presidenta del CFT y ministra de Turismo y Cultura de San Juan, Claudia Grynszpan, y el presidente de la C\u00e1mara Argentina [&hellip;]<\/p>\n","protected":false},"author":1,"featured_media":2056,"comment_status":"closed","ping_status":"closed","sticky":false,"template":"","format":"standard","meta":[],"categories":[11],"tags":[],"_links":{"self":[{"href":"http:\/\/nuevacordoba.net\/index.php\/wp-json\/wp\/v2\/posts\/2055"}],"collection":[{"href":"http:\/\/nuevacordoba.net\/index.php\/wp-json\/wp\/v2\/posts"}],"about":[{"href":"http:\/\/nuevacordoba.net\/index.php\/wp-json\/wp\/v2\/types\/post"}],"author":[{"embeddable":true,"href":"http:\/\/nuevacordoba.net\/index.php\/wp-json\/wp\/v2\/users\/1"}],"replies":[{"embeddable":true,"href":"http:\/\/nuevacordoba.net\/index.php\/wp-json\/wp\/v2\/comments?post=2055"}],"version-history":[{"count":0,"href":"http:\/\/nuevacordoba.net\/index.php\/wp-json\/wp\/v2\/posts\/2055\/revisions"}],"wp:featuredmedia":[{"embeddable":true,"href":"http:\/\/nuevacordoba.net\/index.php\/wp-json\/wp\/v2\/media\/2056"}],"wp:attachment":[{"href":"http:\/\/nuevacordoba.net\/index.php\/wp-json\/wp\/v2\/media?parent=2055"}],"wp:term":[{"taxonomy":"category","embeddable":true,"href":"http:\/\/nuevacordoba.net\/index.php\/wp-json\/wp\/v2\/categories?post=2055"},{"taxonomy":"post_tag","embeddable":true,"href":"http:\/\/nuevacordoba.net\/index.php\/wp-json\/wp\/v2\/tags?post=2055"}],"curies":[{"name":"wp","href":"https:\/\/api.w.org\/{rel}","templated":true}]}}