{"id":20720,"date":"2022-06-11T04:36:17","date_gmt":"2022-06-11T04:36:17","guid":{"rendered":"http:\/\/nuevacordoba.net\/index.php\/2022\/06\/11\/mariana-cincunegui-propone-conectar-con-la-naturaleza-en-canciones-botanicas\/"},"modified":"2022-06-11T04:36:17","modified_gmt":"2022-06-11T04:36:17","slug":"mariana-cincunegui-propone-conectar-con-la-naturaleza-en-canciones-botanicas","status":"publish","type":"post","link":"http:\/\/nuevacordoba.net\/index.php\/2022\/06\/11\/mariana-cincunegui-propone-conectar-con-la-naturaleza-en-canciones-botanicas\/","title":{"rendered":"Mariana Cincunegui propone conectar con la naturaleza en \u201cCanciones bot\u00e1nicas\u201d"},"content":{"rendered":"<figure class=\"mb-3\"><img loading=\"lazy\" src=\"http:\/\/nuevacordoba.net\/wp-content\/uploads\/2022\/06\/mariana-cincunegui-propone-conectar-con-la-naturaleza-en-canciones-botanicas.jpg\" width=\"100%\" height=\"100%\" alt=\"Foto Valeria Bellusci\"><figcaption> Foto: Valeria Bellusci. <\/figcaption><\/figure>\n<p>La cantautora Mariana Cincunegui estrena el espect\u00e1culo musical para las infancias \u201cCanciones bot\u00e1nicas\u201d, donde presentar\u00e1 nuevos temas y har\u00e1 un recorrido por todos sus cl\u00e1sicos con la expectativa de \u201cvolver transformados como las mariposas\u201d a reencontrarse con el p\u00fablico, desde este domingo a las 16 en el porte\u00f1o Bebop Club.<\/p>\n<p>\u201cEstoy encarando este proyecto sobre muchas preguntas y pocas respuestas y a eso nos invito, hasta repensar las categor\u00edas de m\u00fasica \u2018para ni\u00f1os\u00b4 revisando todas las letras y c\u00f3mo nos nombramos\u201d, expres\u00f3 Cincunegui en una entrevista con T\u00e9lam.<\/p>\n<p>\u201cAdem\u00e1s, creo que es una hermosa oportunidad para compartir con las infancias la din\u00e1mica y la est\u00e9tica de un club de jazz, la escala cercana con los m\u00fasicos, vibrar y sentir la m\u00fasica en esos espacios es un modo particular y hermoso, diferente a un teatro o a actuar al aire libre. Quiero encarar este proceso de armado de shows que terminar\u00e1 en un disco como una \u00b4naturalista musical\u00b4\u201d, agreg\u00f3 la cantante.<\/p>\n<p>Junto a su banda Vivarium Music, la tambi\u00e9n docente que trabaja en la experimentaci\u00f3n musical para chicos, cont\u00f3 que en el modo de mirar y escuchar le interesa \u201cc\u00f3mo suena la naturaleza hoy, la naturaleza desde el Antropoceno y as\u00ed y desde ah\u00ed generar un registro del mundo que cocreamos y les dejamos a las infancias\u201d.<\/p>\n<p>Cincunegui estar\u00e1 acompa\u00f1ada en cada presentaci\u00f3n por Guilo Villar (piano, piano toy, xilof\u00f3n, mel\u00f3dica, acorde\u00f3n y voz), Agustina G\u00f3mez (ronroco, charango, guitarra y voz), Dami\u00e1n Carballal (bajo, percusi\u00f3n y voz) y Juan Mayo (guitarras, voz y arreglos).<\/p>\n<p>La int\u00e9rprete revel\u00f3 que en los shows tendr\u00e1n invitados de diferentes lenguajes del arte y de la m\u00fasica y confirm\u00f3 la presencia del escritor y poeta Juan Lima, del grupo Mundo Arlequ\u00edn, el violinista Serdar Geldymuradov, la clown Romina Amato y Florencia Ruiz, entre otros que se ir\u00e1n sumando cada domingo.<\/p>\n<figure class=\"left mb-3\"><img loading=\"lazy\" src=\"http:\/\/nuevacordoba.net\/wp-content\/uploads\/2022\/06\/mariana-cincunegui-propone-conectar-con-la-naturaleza-en-canciones-botanicas-1.jpg\" width=\"100%\" height=\"100%\" alt=\"Foto Valeria Bellusci\"><figcaption> Foto: Valeria Bellusci. <\/figcaption><\/figure>\n<p><strong>T\u00e9lam: \u00bfCu\u00e1l fue el proceso de este nuevo proyecto musical?<\/strong><br \/><strong>Mariana Cincunegui:<\/strong> Vengo de dos a\u00f1os donde la m\u00fasica presencial y las infancias estuvieron detenidas, retenidas en los encuentros fragmentados del Zoom que no permit\u00edan el hacer m\u00fasica todos juntos, como artistas, docentes, pedagogos, familias en tiempo de crianza.<\/p>\n<p>Fui con urgencia al encuentro, virtualic\u00e9 contenidos tanto del taller como del Teatro Col\u00f3n, en la prueba, la experimentaci\u00f3n y el error. Para las ni\u00f1as y ni\u00f1os que pod\u00edan acceder a la virtualidad y los que no, vivieron un tiempo con respecto a la m\u00fasica que fue largo, con una impregnaci\u00f3n de una sonoridad individual y colectiva que dej\u00f3 seguro una huella en el tiempo de cada uno y tanto los shows como la investigaci\u00f3n en las clases quedaron con grandes signos de preguntas.<\/p>\n<p>Las ciudades apagadas, las casas encendidas, la vida por las ventanas y mientras lo viv\u00edamos yo me sumerg\u00ed en un gran silencio, me preguntaba qu\u00e9 cantar, qu\u00e9 decir, qu\u00e9 les estaba pasando a las infancias que vivieron algo que los adultos no conoc\u00edamos.<\/p>\n<p>En la pandemia \u201cme he estado preguntando si las formas naturales, un \u00e1rbol, una nube, un r\u00edo, una pierda, una flor, pueden ser miradas y percibidas como mensajes\u201d, como dice John Berger en su libro \u201cConfabulaciones\u201d.<\/p>\n<p>En esta narrativa sent\u00ed que encajaban mis d\u00edas, estaba con mis hijas en un departamento en plena ciudad con un estricto confinamiento. Mi casa ten\u00eda grandes ventanales, yo miraba el cielo, los \u00e1rboles de la plaza cambiando su follaje y extra\u00f1aba cada d\u00eda m\u00e1s la naturaleza, fue largo y triste. Ya en verano, con todos los trabajos rotos, la vida del afuera directamente desarmada segu\u00edamos encerradas y mirando casas, vi una por internet con \u00e1rboles muy hermosos, me sub\u00ed a un rem\u00eds, la vine a ver y ac\u00e1 estamos, nos mudamos y volv\u00ed a empezar todo otra vez.<\/p>\n<p>Siempre recolect\u00e9 canciones, ahora eran sonidos de la naturaleza que necesitaban en cruce conformar un nuevo sonido, sonar con contexto, el lugar donde cada uno vive, los recursos, la utilizaci\u00f3n de la naturaleza, sus tecnolog\u00edas y ecosistemas.<\/p>\n<p>Me genera muchas preguntas todo lo que les pasa a las infancias habiendo atravesado la pandemia, su mundo emocional y sonoro, el planeta como est\u00e1, c\u00f3mo los aloja el barrio, las escuelas, la cultura de cada lugar, todo est\u00e1 en un proceso de transformaci\u00f3n sin libreto y para m\u00ed la m\u00fasica entra en ese tiempo, hasta pensar que as\u00ed como nacen estrellas tambi\u00e9n estar\u00e1n naciendo sonidos nuevos y otros muriendo y desapareciendo.<\/p>\n<figure class=\"mb-3\"><img loading=\"lazy\" src=\"http:\/\/nuevacordoba.net\/wp-content\/uploads\/2022\/06\/mariana-cincunegui-propone-conectar-con-la-naturaleza-en-canciones-botanicas-2.jpg\" width=\"100%\" height=\"100%\" alt=\"Foto Valeria Bellusci\"><figcaption> Foto: Valeria Bellusci. <\/figcaption><\/figure>\n<p><strong>T: \u00bfC\u00f3mo describ\u00eds la propuesta sonora de \u00abCanciones bot\u00e1nicas\u00bb?<\/strong><br \/><strong>MC:<\/strong> Es una propuesta donde todas las canciones hacen foco sobre la tem\u00e1tica de la naturaleza, plantas, animales, la geograf\u00eda, la bi\u00f3sfera y sus ecosistemas, las herramientas que anclan sentido y sensibilidad.<\/p>\n<p>La b\u00fasqueda del decir con la bot\u00e1nica, la zoolog\u00eda, la mineralog\u00eda e incluso la astronom\u00eda. Generar estas canciones como senderos. Porque todos podemos recordar la primera canci\u00f3n que nos ense\u00f1aron, las de la cuna, la de los bailes, la de las fiestas y los fogones y as\u00ed desovillando el adentro construir un afuera y ojal\u00e1 que pronto podamos incluir el sonido de las abejas, el jadeo del perro, el crujir del fuego, el respeto por lo min\u00fasculo que brota y crece como las infancias, como las hierbas para un tiempo nuevo.<\/p>\n<p><strong>T: \u00bfQu\u00e9 destac\u00e1s de este show?<br \/>MC:<\/strong> La certeza de que la m\u00fasica se hace de modo presencial, que ir a escuchar en vivo cerca vibrando es una experiencia que no tiene reemplazo y que sin eso los d\u00edas son m\u00e1s tristes.<\/p>\n<p><strong>T: \u00bfVas a hacer presentaciones en vacaciones de invierno?<br \/>MC:<\/strong> S\u00ed, vamos a estar haciendo recitales en diferentes lugares porque queremos ir al encuentro. Ya hay algunas fechas a confirmar en capital. <\/p>\n","protected":false},"excerpt":{"rendered":"<p>Foto: Valeria Bellusci. La cantautora Mariana Cincunegui estrena el espect\u00e1culo musical para las infancias \u201cCanciones bot\u00e1nicas\u201d, donde presentar\u00e1 nuevos temas y har\u00e1 un recorrido por todos sus cl\u00e1sicos con la expectativa de \u201cvolver transformados como las mariposas\u201d a reencontrarse con el p\u00fablico, desde este domingo a las 16 en el porte\u00f1o Bebop Club. \u201cEstoy encarando [&hellip;]<\/p>\n","protected":false},"author":1,"featured_media":20721,"comment_status":"closed","ping_status":"closed","sticky":false,"template":"","format":"standard","meta":[],"categories":[9],"tags":[],"_links":{"self":[{"href":"http:\/\/nuevacordoba.net\/index.php\/wp-json\/wp\/v2\/posts\/20720"}],"collection":[{"href":"http:\/\/nuevacordoba.net\/index.php\/wp-json\/wp\/v2\/posts"}],"about":[{"href":"http:\/\/nuevacordoba.net\/index.php\/wp-json\/wp\/v2\/types\/post"}],"author":[{"embeddable":true,"href":"http:\/\/nuevacordoba.net\/index.php\/wp-json\/wp\/v2\/users\/1"}],"replies":[{"embeddable":true,"href":"http:\/\/nuevacordoba.net\/index.php\/wp-json\/wp\/v2\/comments?post=20720"}],"version-history":[{"count":0,"href":"http:\/\/nuevacordoba.net\/index.php\/wp-json\/wp\/v2\/posts\/20720\/revisions"}],"wp:featuredmedia":[{"embeddable":true,"href":"http:\/\/nuevacordoba.net\/index.php\/wp-json\/wp\/v2\/media\/20721"}],"wp:attachment":[{"href":"http:\/\/nuevacordoba.net\/index.php\/wp-json\/wp\/v2\/media?parent=20720"}],"wp:term":[{"taxonomy":"category","embeddable":true,"href":"http:\/\/nuevacordoba.net\/index.php\/wp-json\/wp\/v2\/categories?post=20720"},{"taxonomy":"post_tag","embeddable":true,"href":"http:\/\/nuevacordoba.net\/index.php\/wp-json\/wp\/v2\/tags?post=20720"}],"curies":[{"name":"wp","href":"https:\/\/api.w.org\/{rel}","templated":true}]}}