{"id":20742,"date":"2022-06-11T15:36:56","date_gmt":"2022-06-11T15:36:56","guid":{"rendered":"http:\/\/nuevacordoba.net\/index.php\/2022\/06\/11\/justin-bieber-cancelo-varios-shows-de-su-gira-por-sufrir-una-paralisis-facial\/"},"modified":"2022-06-11T15:36:56","modified_gmt":"2022-06-11T15:36:56","slug":"justin-bieber-cancelo-varios-shows-de-su-gira-por-sufrir-una-paralisis-facial","status":"publish","type":"post","link":"http:\/\/nuevacordoba.net\/index.php\/2022\/06\/11\/justin-bieber-cancelo-varios-shows-de-su-gira-por-sufrir-una-paralisis-facial\/","title":{"rendered":"Justin Bieber cancel\u00f3 varios shows de su gira por sufrir una par\u00e1lisis facial"},"content":{"rendered":"<figure class=\"mb-3\"><img loading=\"lazy\" src=\"http:\/\/nuevacordoba.net\/wp-content\/uploads\/2022\/06\/justin-bieber-cancelo-varios-shows-de-su-gira-por-sufrir-una-paralisis-facial.jpg\" width=\"100%\" height=\"100%\" alt=\"Bieber atravesaba por estos das el tramo norteamericano de su Justice Tour que lo traer en septiembre al Estadio Ciudad de La Plata\"><figcaption> Bieber atravesaba por estos d\u00edas el tramo norteamericano de su \u00abJustice Tour\u00bb, que lo traer\u00e1 en septiembre al Estadio Ciudad de La Plata. <\/figcaption><\/figure>\n<p>El cantante canadiense Justin Bieber sufre de la par\u00e1lisis de los m\u00fasculos de la mitad de su cara por un \u00abvirus bastante serio\u00bb y por ello se vio obligado a cancelar varios shows en Toronto y Washington DC esta semana, seg\u00fan lo inform\u00f3 \u00e9l mismo a trav\u00e9s de un video en su cuenta de Instagram (@justinbieber).<\/p>\n<p>\u00abImportante por favor miren\u00bb, titula el posteo que acompa\u00f1a cerca de dos minutos y medio en los que, mirando a la c\u00e1mara de su celular, Bieber relat\u00f3 y demostr\u00f3 los efectos del s\u00edndrome de Ramsay Hunt, provocado por un virus raro que afecta los nervios del rostro y causa par\u00e1lisis facial.<\/p>\n<blockquote class=\"instagram-media\" data-instgrm-captioned data-instgrm-permalink=\"https:\/\/www.instagram.com\/tv\/CeorE9OjqX9\/?utm_source=ig_embed&amp;utm_campaign=loading\" data-instgrm-version=\"14\" readability=\"-0.22105263157895\"><\/blockquote>\n<p>\u00abComo pueden ver, este ojo no parpadea. No puedo sonre\u00edr de este lado de mi cara. Esta fosa nasal no se mover\u00e1. Entonces hay una par\u00e1lisis total de este lado de mi cara\u00bb, explic\u00f3 el cantante, que a\u00f1adi\u00f3: \u00abPara aquellos que est\u00e1n frustrados por las cancelaciones de mis pr\u00f3ximos shows, simplemente estoy f\u00edsicamente incapacitado para darlos. Esto es bastante serio, como pueden ver\u00bb.<\/p>\n<p>De todas maneras, el artista dio un mensaje de optimismo para sus fans, y avis\u00f3 que va a poner en pr\u00e1ctica terapia y ejercicios para superar la dolencia: \u00abVa a volver a la normalidad, no sabemos cu\u00e1nto tiempo va a tomar pero va a estar todo bien\u00bb.<\/p>\n<p>Bieber atravesaba por estos d\u00edas el tramo norteamericano de su \u00abJustice Tour\u00bb, que lo traer\u00e1 en septiembre al Estadio Ciudad de La Plata, casi 10 a\u00f1os despu\u00e9s de su \u00faltimo paso por la Argentina. <\/p>\n","protected":false},"excerpt":{"rendered":"<p>Bieber atravesaba por estos d\u00edas el tramo norteamericano de su \u00abJustice Tour\u00bb, que lo traer\u00e1 en septiembre al Estadio Ciudad de La Plata. El cantante canadiense Justin Bieber sufre de la par\u00e1lisis de los m\u00fasculos de la mitad de su cara por un \u00abvirus bastante serio\u00bb y por ello se vio obligado a cancelar varios [&hellip;]<\/p>\n","protected":false},"author":1,"featured_media":20743,"comment_status":"closed","ping_status":"closed","sticky":false,"template":"","format":"standard","meta":[],"categories":[9],"tags":[],"_links":{"self":[{"href":"http:\/\/nuevacordoba.net\/index.php\/wp-json\/wp\/v2\/posts\/20742"}],"collection":[{"href":"http:\/\/nuevacordoba.net\/index.php\/wp-json\/wp\/v2\/posts"}],"about":[{"href":"http:\/\/nuevacordoba.net\/index.php\/wp-json\/wp\/v2\/types\/post"}],"author":[{"embeddable":true,"href":"http:\/\/nuevacordoba.net\/index.php\/wp-json\/wp\/v2\/users\/1"}],"replies":[{"embeddable":true,"href":"http:\/\/nuevacordoba.net\/index.php\/wp-json\/wp\/v2\/comments?post=20742"}],"version-history":[{"count":0,"href":"http:\/\/nuevacordoba.net\/index.php\/wp-json\/wp\/v2\/posts\/20742\/revisions"}],"wp:featuredmedia":[{"embeddable":true,"href":"http:\/\/nuevacordoba.net\/index.php\/wp-json\/wp\/v2\/media\/20743"}],"wp:attachment":[{"href":"http:\/\/nuevacordoba.net\/index.php\/wp-json\/wp\/v2\/media?parent=20742"}],"wp:term":[{"taxonomy":"category","embeddable":true,"href":"http:\/\/nuevacordoba.net\/index.php\/wp-json\/wp\/v2\/categories?post=20742"},{"taxonomy":"post_tag","embeddable":true,"href":"http:\/\/nuevacordoba.net\/index.php\/wp-json\/wp\/v2\/tags?post=20742"}],"curies":[{"name":"wp","href":"https:\/\/api.w.org\/{rel}","templated":true}]}}