{"id":20748,"date":"2022-06-10T12:59:52","date_gmt":"2022-06-10T12:59:52","guid":{"rendered":"https:\/\/puntoapunto.com.ar\/?p=334348"},"modified":"2022-06-10T12:59:52","modified_gmt":"2022-06-10T12:59:52","slug":"quien-es-y-como-trabaja-francisco-pendas-uno-de-los-principales-armadores-de-milei-en-cordoba","status":"publish","type":"post","link":"http:\/\/nuevacordoba.net\/index.php\/2022\/06\/10\/quien-es-y-como-trabaja-francisco-pendas-uno-de-los-principales-armadores-de-milei-en-cordoba\/","title":{"rendered":"Qui\u00e9n es y c\u00f3mo trabaja Francisco Pendas, uno de los principales armadores de Milei en C\u00f3rdoba"},"content":{"rendered":"<p>\u00abTenemos&nbsp;como objetivo que la presidencia del 2023 est\u00e9 ocupada por un&nbsp;<strong>liberal<\/strong>. Hoy quien mejor expresa eso es&nbsp;<a href=\"https:\/\/www.perfil.com\/noticias\/politica\/javier-milei-contra-el-impuesto-a-la-renta-inesperada-se-creen-que-son-piolas-pero-solo-empobrecen-a-la-gente.phtml\" target=\"_blank\" rel=\"noopener\"><strong>Javier Milei<\/strong><\/a>. Estamos construyendo eso, buscando gente, estructura, fiscalizadores,&nbsp;<strong>evangelizadores<\/strong>. Me gusta&nbsp;la palabra \u2018evangelizar\u2019 porque el liberalismo ha cooptado muy bien las redes, pero en&nbsp;pol\u00edtica tradicional, hablar con la gente, nos ha quedado ese agujero. Nos falta crecer en los barrios\u201d. La definici\u00f3n es de&nbsp;<strong>Francisco Pendas<\/strong>,&nbsp;uno de los principales constructores y&nbsp;<strong>armadores<\/strong>&nbsp;de la estructura y de la militancia que apoya al diputado y precandidato a presidente Javier Milei.<\/p>\n<div class=\"g g-35\">\n<div class=\"g-single a-29\"><a class=\"gofollow\" data-track=\"MjksMzUsMSw2MA==\" href=\"https:\/\/www.harmoniechateau.com.ar\/\" target=\"_blank\" rel=\"noopener\"><img src=\"http:\/\/nuevacordoba.net\/wp-content\/uploads\/2022\/06\/quien-es-y-como-trabaja-francisco-pendas-uno-de-los-principales-armadores-de-milei-en-cordoba.gif\"><\/a><\/div>\n<\/div>\n<p>Lo hace desde la juventud del&nbsp;<a href=\"https:\/\/www.perfil.com\/noticias\/cordoba\/el-partido-democrata-de-cordoba-apoyara-a-javier-milei-en-el-2023.phtml\" target=\"_blank\" rel=\"noopener\"><strong>Partido Dem\u00f3crata en C\u00f3rdoba<\/strong><\/a>, uno de los espacios que se unieron a la Libertad Avanza y que en la provincia ceder\u00e1 su sello para la propuesta libertaria. El partido local gan\u00f3 titulares en los \u00faltimos d\u00edas porque busc\u00f3 dar un batacazo que termin\u00f3 en papel\u00f3n: para reforzar la precandidatura a gobernador del interventor del partido,&nbsp;<a href=\"https:\/\/www.perfil.com\/noticias\/cordoba\/rodolfo-eiben-sera-el-candidato-a-gobernador-de-milei-en-cordoba.phtml\" target=\"_blank\" rel=\"noopener\"><strong>Rodolfo Eiben<\/strong><\/a>, anunciaron que se sumaba&nbsp;<strong>Carlos \u201cEl Negro\u201d \u00c1lvarez<\/strong>&nbsp;como vice. Pero al parecer el anuncio fue muy apresurado. Menos de 24 horas despu\u00e9s&nbsp;<a href=\"https:\/\/www.perfil.com\/noticias\/politica\/amague-el-negro-alvarez-finalmente-no-sera-precandidato-de-milei-en-cordoba.phtml\" target=\"_blank\" rel=\"noopener\">el humorista termin\u00f3 baj\u00e1ndose: \u201cNo es lo m\u00edo\u201d, confes\u00f3<\/a>.<\/p>\n<p>M\u00e1s all\u00e1 de ese episodio, entre dem\u00f3cratas y libertarios se entusiasman con el horizonte: \u201c<strong>las propuestas de Milei prenden y son agenda<\/strong>. Expresan lo que la gente dice y necesita. Es un movimiento transversal, hoy vemos gente de todas las edades, de todos los credos, de todos los extractos sociales que apoya a Milei. Pero nos faltan referentes a medida que nos alejamos de los puntos m\u00e1s c\u00e9ntricos de las ciudades\u201d, plantea Pendas.<\/p>\n<p><strong>Francisco Pendas es porte\u00f1o de nacimiento y uno de los hijos de la empresaria, ejecutiva miembro del directorio de grandes firmas y economista<\/strong><a href=\"https:\/\/www.perfil.com\/noticias\/cordoba\/evitamos-hablar-de-lo-que-hay-que-hacer-y-elegimos-creer-en-la-magia-de-la-dolarizacion.phtml\" target=\"_blank\" rel=\"noopener\"><strong>&nbsp;Diana Mondino<\/strong><\/a>. Tiene 30 a\u00f1os y volvi\u00f3 a C\u00f3rdoba para sumarse a la empresa familiar, el Banco Roela. Licenciado en Administraci\u00f3n de Empresas, se hizo cargo de una de las unidades de negocio m\u00e1s exitosas del banco: la plataforma Siro, un desarrollo de gesti\u00f3n y automatizaci\u00f3n de cobranzas que tiene m\u00e1s de 50 mil clientes y que es muy popular entre firmas desarrollistas, urbanizaciones y consorcios para, por ejemplo, el cobro de expensas.<\/p>\n<p><img src=\"http:\/\/nuevacordoba.net\/wp-content\/uploads\/2022\/06\/quien-es-y-como-trabaja-francisco-pendas-uno-de-los-principales-armadores-de-milei-en-cordoba.jpg\" alt=\"05-06-22PENDAS2\"><\/p>\n<h4><strong>El pensamiento de Francisco Pendas<\/strong><\/h4>\n<p>Ante la incongruencia filos\u00f3fica que supone la&nbsp;<strong>alianza<\/strong>&nbsp;entre un espacio conservador como el partido dem\u00f3crata y un economista que define al Estado como el enemigo principal, Pendas define: \u201cLo que veo con Milei es un porcentaje enorme de coincidencias. Para m\u00ed hay que ir a una reducci\u00f3n del Estado, que se concentre en defensa, seguridad, Justicia, infraestructura y educaci\u00f3n hasta el nivel secundario. Hay que priorizar ciertas cosas. Sobran la mitad de los ministerios, cuanto m\u00e1s grande es el Estado, m\u00e1s ineficiente.&nbsp;<strong>Menos Estado es m\u00e1s libertad<\/strong>\u201d.<\/p>\n<p>Y toma una de las postas en debate: \u201cCuando Milei plantea lo de la&nbsp;<a href=\"https:\/\/www.perfil.com\/noticias\/modo-fontevecchia\/beker-la-dolarizacion-de-la-economia-que-propone-milei-puede-hacerse-pero-las-consecuencias-son-la-perdida-del-poder-adquisitivo-modof.phtml\" target=\"_blank\" rel=\"noopener\"><strong>dolarizaci\u00f3n<\/strong><\/a>&nbsp;es porque estamos sometidos al peso. No vemos que el d\u00f3lar sea la soluci\u00f3n, vemos que el peso es el problema. Nos hemos intoxicado con el peso que fue la herramienta por la cual nos cobran impuestos por los desfasajes administrativos que tiene la pol\u00edtica. Argentina, de los \u00faltimos 70 a\u00f1os, tuvo m\u00e1s gastos que ingresos en 60. El Estado se est\u00e1 llevando participaci\u00f3n de tu salario, es el socio escondido que se lleva esa participaci\u00f3n. Eso es el gobierno. Por eso las diferencias con Milei son matices\u201d.<\/p>\n<h4><strong>Construcci\u00f3n del liberalismo en C\u00f3rdoba<\/strong><\/h4>\n<p>A la hora de describir c\u00f3mo es el proceso de construcci\u00f3n en C\u00f3rdoba explica: \u201cEl liberalismo a diferencia de otros movimientos es bastante an\u00e1rquico. Somos gente que, como principio, tenemos al individuo por sobre el grupo. En base a eso empezamos a bajar al llano muchas de las ideas de Milei que siempre marcan la agenda. Es importante que nuestra estructura sirva de contenci\u00f3n para explicar su discurso\u201d.<\/p>\n<p>Y detalla: \u201cEn C\u00f3rdoba hay un movimiento liberal enorme, hay muchos partidos en formaci\u00f3n. Todav\u00eda estamos bastante atomizados. Tenemos reuniones semanales con la juventud. Hay un grupo de 5, 6 armadores y luego 250, 300 evangelizadores. Es un n\u00famero importante. La idea con ellos es que le comenten a sus padres y abuelos quien es Javier Milei y qu\u00e9 es el liberalismo. Queremos que hablen con sus familias sobre el rol del Estado. Creo que es el momento de repensar a nuestra clase pol\u00edtica. Esta \u00b4rebeld\u00eda\u00b4 nuestra es el camino a seguir\u201d.<\/p>\n<p><strong>-\u00bfVan a entrar en los barrios?<\/strong><br \/>-Hoy la intenci\u00f3n de voto de Milei es entre el 20% y el 25%. En los estratos sociales m\u00e1s bajos esos n\u00fameros suben. Son datos. Eso se explica porque cada vez somos m\u00e1s pobres y las ganas de irse son mayores. El \u00fanico que lucha contra ese status quo es Milei. Estamos hablando con muchos espacios, referentes y dirigentes. En los lugares m\u00e1s carenciados est\u00e1n muy presentes los que prometieron que la soluci\u00f3n era subsidiarle la existencia a la gente y que se resignen a vivir del Estado. Ahora la gente se da cuenta de que la contraprestaci\u00f3n de que te regalen cosas es que no ten\u00e9s futuro. Eso lleg\u00f3 hoy. Ah\u00ed vamos.<\/p>\n<h4><strong>\u201cPuede no haber candidato a gobernador\u201d<\/strong><\/h4>\n<p>Pendas elige el pragmatismo al plantear la propuesta electoral en C\u00f3rdoba: \u201cHay que ser sinceros. Los referentes del liberalismo est\u00e1n en Capital Federa. La idea es tener una propuesta propia para la provincia, pero es muy, muy probable que el escenario se polarice y nadie quiera votar una tercer opci\u00f3n. Puede no haber candidato a gobernador, pero vamos a construir para tener la mejor lista de diputados y aportar votos a Milei. El objetivo es presentar un candidato competitivo a gobernador, pero si hay mucha polarizaci\u00f3n tenemos que ser humildes y no presentarnos. Ser\u00eda contraproducente\u201d.<\/p>\n<p><img src=\"http:\/\/nuevacordoba.net\/wp-content\/uploads\/2022\/06\/quien-es-y-como-trabaja-francisco-pendas-uno-de-los-principales-armadores-de-milei-en-cordoba-1.jpg\" alt=\"05-06-22pendas3\"><\/p>\n<h4><strong>Piloto y timonel<\/strong><\/h4>\n<p>Ejecutivo y licenciado en Administraci\u00f3n de Empresas, el armador joven del liberalismo en C\u00f3rdoba no solo mira planillas con los n\u00fameros en el Roela. \u201cLe dedico mucho a la lectura, me gusta mucho la historia y estudiar los grandes imperios. Juego al golf, soy piloto de avi\u00f3n, aunque hace un tiempo que no vuelo. Y soy timonel, me gusta mucha navegar\u201d.<\/p>\n","protected":false},"excerpt":{"rendered":"<p>\u00abTenemos&nbsp;como objetivo que la presidencia del 2023 est\u00e9 ocupada por un&nbsp;liberal. Hoy quien mejor expresa eso es&nbsp;Javier Milei. Estamos construyendo eso, buscando gente, estructura, fiscalizadores,&nbsp;evangelizadores. Me gusta&nbsp;la palabra \u2018evangelizar\u2019 porque el liberalismo ha cooptado muy bien las redes, pero en&nbsp;pol\u00edtica tradicional, hablar con la gente, nos ha quedado ese agujero. Nos falta crecer en los [&hellip;]<\/p>\n","protected":false},"author":1,"featured_media":20749,"comment_status":"open","ping_status":"closed","sticky":false,"template":"","format":"standard","meta":[],"categories":[12,14],"tags":[],"_links":{"self":[{"href":"http:\/\/nuevacordoba.net\/index.php\/wp-json\/wp\/v2\/posts\/20748"}],"collection":[{"href":"http:\/\/nuevacordoba.net\/index.php\/wp-json\/wp\/v2\/posts"}],"about":[{"href":"http:\/\/nuevacordoba.net\/index.php\/wp-json\/wp\/v2\/types\/post"}],"author":[{"embeddable":true,"href":"http:\/\/nuevacordoba.net\/index.php\/wp-json\/wp\/v2\/users\/1"}],"replies":[{"embeddable":true,"href":"http:\/\/nuevacordoba.net\/index.php\/wp-json\/wp\/v2\/comments?post=20748"}],"version-history":[{"count":0,"href":"http:\/\/nuevacordoba.net\/index.php\/wp-json\/wp\/v2\/posts\/20748\/revisions"}],"wp:featuredmedia":[{"embeddable":true,"href":"http:\/\/nuevacordoba.net\/index.php\/wp-json\/wp\/v2\/media\/20749"}],"wp:attachment":[{"href":"http:\/\/nuevacordoba.net\/index.php\/wp-json\/wp\/v2\/media?parent=20748"}],"wp:term":[{"taxonomy":"category","embeddable":true,"href":"http:\/\/nuevacordoba.net\/index.php\/wp-json\/wp\/v2\/categories?post=20748"},{"taxonomy":"post_tag","embeddable":true,"href":"http:\/\/nuevacordoba.net\/index.php\/wp-json\/wp\/v2\/tags?post=20748"}],"curies":[{"name":"wp","href":"https:\/\/api.w.org\/{rel}","templated":true}]}}