{"id":20752,"date":"2022-06-12T02:45:00","date_gmt":"2022-06-12T02:45:00","guid":{"rendered":"http:\/\/nuevacordoba.net\/index.php\/2022\/06\/12\/el-guitarrista-luis-salinas-se-presento-en-rosario\/"},"modified":"2022-06-12T02:45:00","modified_gmt":"2022-06-12T02:45:00","slug":"el-guitarrista-luis-salinas-se-presento-en-rosario","status":"publish","type":"post","link":"http:\/\/nuevacordoba.net\/index.php\/2022\/06\/12\/el-guitarrista-luis-salinas-se-presento-en-rosario\/","title":{"rendered":"El guitarrista Luis Salinas se present\u00f3 en Rosario"},"content":{"rendered":"<figure class=\"mb-3\"><img loading=\"lazy\" src=\"http:\/\/nuevacordoba.net\/wp-content\/uploads\/2022\/06\/el-guitarrista-luis-salinas-se-presento-en-rosario.jpg\" width=\"100%\" height=\"100%\" alt=\"Foto archivo\"><figcaption> Foto: archivo. <\/figcaption><\/figure>\n<p>El guitarrista Luis Salinas asegur\u00f3 que Rosario fue el primer lugar que acept\u00f3 su \u00ablibertad art\u00edstica\u00bb, poco antes de un concierto que ofreci\u00f3 en el Galp\u00f3n de la M\u00fasica, de esa ciudad.<\/p>\n<p>\u00abRosario siempre me anim\u00f3 a cosas porque fue el primer lugar que acept\u00f3 mi libertad art\u00edstica, la primera vez que fui fue para hacer el disco Salinas (disco de latinjazz grabado en 1996, y presentado en el anfiteatro Humberto de Nito); en mi segunda presentaci\u00f3n hicimos m\u00fasica argentina y resulta que el p\u00fablico rosarino respondi\u00f3 muy bien, como diciendo: &#8216;Vos ven\u00ed a tocar lo que tengas ganas, nosotros estamos ac\u00e1'\u00bb, asegur\u00f3 a T\u00e9lam el guitarrista.<\/p>\n<p>El m\u00fasico formul\u00f3 sus declaraciones durante una nota previa al show que ofreci\u00f3, donde se present\u00f3 en tr\u00edo junto a su hijo Juan y el baterista Sebasti\u00e1n Peycer\u00e9.<\/p>\n<p>Salinas arranc\u00f3 el concierto solo con la guitarra, pero luego subieron al escenario Juan Salinas, quien durante la primera parte del recital ocup\u00f3 el rol de bajista, y Sebasti\u00e1n Peycer\u00e9, con quienes interpret\u00f3 distintas piezas de blues y jazz, en un concierto principalmente instrumental.<\/p>\n<p>Capaz de tocar distintos estilos, Salinas comparti\u00f3 escenario y grabaciones a lo largo de su carrera con referentes como Dino Saluzzi, Tomatito, Luis Alberto Spinetta, Chucho Valdez, Jaime Torres, Mercedes Sosa, Rodolfo Mederos y BB King, entre otros.<\/p>\n<p>\u00abLo importante es ser honesto y sincero con lo que se hace, no importa el g\u00e9nero, me gustan los m\u00fasicos que tocan lo que sienten\u00bb, asegur\u00f3 en este sentido.<\/p>\n<p>Durante el concierto Luis y Juan Salinas intercambiaron miradas y acordes a lo largo de la noche, que primero encontr\u00f3 al emblem\u00e1tico compositor a cargo de la guitarra y a su hijo en el bajo, aunque luego hicieron un enroque de instrumentos.<\/p>\n<p>As\u00ed fue que se pudo ver a Juan, quien pocos d\u00edas atr\u00e1s celebr\u00f3 con un show su cumplea\u00f1os n\u00famero 23 en el Caf\u00e9 Berl\u00edn de Buenos Aires, destacar en distintas escalas pentat\u00f3nicas con una gran versatilidad que pasaron del jazz al blues, y del blues al rock con gran soltura y madurez musical.<\/p>\n<p>Salinas considera la experiencia de poder compartir la m\u00fasica y viajes con su hijo como \u00abun regalo de Dios\u00bb.<\/p>\n<p>Luego de una pausa, el show continu\u00f3 y subi\u00f3 al escenario como invitado el bajista local Hern\u00e1n Flores, lo que permiti\u00f3 que padre e hijo se ocuparan de las guitarras, segmento del concierto que inauguraron con la canci\u00f3n \u00abY aparece tu piel\u00bb, grabada por Luis Salinas y Luis Alberto Spinetta, cantada esta vez por Juan Salinas.<\/p>\n<p>Salinas traz\u00f3 un paralelo entre la pandemia y el regreso a los escenarios y asegur\u00f3 que el parate le result\u00f3 \u00abmuy dif\u00edcil\u00bb.<\/p>\n<p>\u00abYo vivo solo, estuve cien d\u00edas sin poder ver a Juan, sumado a que se me cayeron todos los laburos siendo una persona de 63 a\u00f1os en riesgo porque tengo diabetes\u00bb, record\u00f3.<\/p>\n<p>Ante la necesidad de tocar, Salinas experiment\u00f3 por primera vez en formato digital a trav\u00e9s de plataformas de streaming.<\/p>\n<p>\u00abYo la m\u00fasica no la toco, la vivo, y si no puedo hacer lo que amo es un da\u00f1o f\u00edsico-mental y espiritual muy grande, entonces cuando me propusieron hacer un streaming fue raro, porque enfrente hay una c\u00e1mara y no un p\u00fablico, pero era la salida que ten\u00edamos los m\u00fasicos en ese momento para tocar y ganar algo de dinero\u00bb, se\u00f1al\u00f3.<\/p>\n<p>M\u00e1s tarde se produjo la vuelta a los escenarios: \u00abCuando entr\u00e9 al escenario me emocion\u00e9 como un chico porque soy un m\u00fasico que naci\u00f3 para tocar con la gente ah\u00ed, me gusta grabar, pero me siento pleno cuando comparto con los m\u00fasicos y la gente\u00bb. <\/p>\n","protected":false},"excerpt":{"rendered":"<p>Foto: archivo. El guitarrista Luis Salinas asegur\u00f3 que Rosario fue el primer lugar que acept\u00f3 su \u00ablibertad art\u00edstica\u00bb, poco antes de un concierto que ofreci\u00f3 en el Galp\u00f3n de la M\u00fasica, de esa ciudad. \u00abRosario siempre me anim\u00f3 a cosas porque fue el primer lugar que acept\u00f3 mi libertad art\u00edstica, la primera vez que fui [&hellip;]<\/p>\n","protected":false},"author":1,"featured_media":20753,"comment_status":"closed","ping_status":"closed","sticky":false,"template":"","format":"standard","meta":[],"categories":[9],"tags":[],"_links":{"self":[{"href":"http:\/\/nuevacordoba.net\/index.php\/wp-json\/wp\/v2\/posts\/20752"}],"collection":[{"href":"http:\/\/nuevacordoba.net\/index.php\/wp-json\/wp\/v2\/posts"}],"about":[{"href":"http:\/\/nuevacordoba.net\/index.php\/wp-json\/wp\/v2\/types\/post"}],"author":[{"embeddable":true,"href":"http:\/\/nuevacordoba.net\/index.php\/wp-json\/wp\/v2\/users\/1"}],"replies":[{"embeddable":true,"href":"http:\/\/nuevacordoba.net\/index.php\/wp-json\/wp\/v2\/comments?post=20752"}],"version-history":[{"count":0,"href":"http:\/\/nuevacordoba.net\/index.php\/wp-json\/wp\/v2\/posts\/20752\/revisions"}],"wp:featuredmedia":[{"embeddable":true,"href":"http:\/\/nuevacordoba.net\/index.php\/wp-json\/wp\/v2\/media\/20753"}],"wp:attachment":[{"href":"http:\/\/nuevacordoba.net\/index.php\/wp-json\/wp\/v2\/media?parent=20752"}],"wp:term":[{"taxonomy":"category","embeddable":true,"href":"http:\/\/nuevacordoba.net\/index.php\/wp-json\/wp\/v2\/categories?post=20752"},{"taxonomy":"post_tag","embeddable":true,"href":"http:\/\/nuevacordoba.net\/index.php\/wp-json\/wp\/v2\/tags?post=20752"}],"curies":[{"name":"wp","href":"https:\/\/api.w.org\/{rel}","templated":true}]}}