{"id":20772,"date":"2022-06-12T13:46:04","date_gmt":"2022-06-12T13:46:04","guid":{"rendered":"http:\/\/nuevacordoba.net\/index.php\/2022\/06\/12\/el-punk-espanol-de-ska-p-vuelve-a-la-argentina-en-noviembre\/"},"modified":"2022-06-12T13:46:04","modified_gmt":"2022-06-12T13:46:04","slug":"el-punk-espanol-de-ska-p-vuelve-a-la-argentina-en-noviembre","status":"publish","type":"post","link":"http:\/\/nuevacordoba.net\/index.php\/2022\/06\/12\/el-punk-espanol-de-ska-p-vuelve-a-la-argentina-en-noviembre\/","title":{"rendered":"El punk espa\u00f1ol de Ska-P vuelve a la Argentina en noviembre"},"content":{"rendered":"<figure class=\"mb-3\"><img loading=\"lazy\" src=\"http:\/\/nuevacordoba.net\/wp-content\/uploads\/2022\/06\/el-punk-espanol-de-ska-p-vuelve-a-la-argentina-en-noviembre.jpg\" width=\"100%\" height=\"100%\" alt=\"SkaP Foto Candelaria Lagosarchivo\"><figcaption> Ska-P Foto: Candelaria Lagos-archivo <\/figcaption><\/figure>\n<p>La banda ska y punk espa\u00f1ola Ska-P anunci\u00f3 hoy su vuelta a la Argentina para ofrecer un show en el porte\u00f1o estadio de GEBA el pr\u00f3ximo s\u00e1bado 12 de noviembre.<\/p>\n<p>El conjunto que el guitarrista Jos\u00e9 Miguel \u00abJoxemi\u00bb Redin ilidera hace 27 a\u00f1os y que integran tambi\u00e9n PulPul en voz y guitarra, Julio C\u00e9sar S\u00e1nchez en bajo, Kogote en teclado e Ivan Guevo en bater\u00eda, actu\u00f3 por \u00faltima vez en el pa\u00eds en el festival Rock en Baradero, en febrero de 2020, donde encabez\u00f3 la tercera y \u00faltima fecha del encuentro.<\/p>\n<p>\u00abEl p\u00fablico latinoamericano es m\u00e1s pasional que el europeo, pero en la Argentina se cantan hasta los solos de guitarra, eso no se vio en ning\u00fan lado\u00bb, destac\u00f3 \u00abJoxemi\u00bb a T\u00e9lam antes de su \u00faltima visita al pa\u00eds, donde el grupo vasco es uno de los preferidos del ska-punk mundial con una relaci\u00f3n de m\u00e1s de dos d\u00e9cadas e innumerables visitas.<br \/>&nbsp;<\/p>\n<figure class=\"mb-3\"><img loading=\"lazy\" src=\"http:\/\/nuevacordoba.net\/wp-content\/uploads\/2022\/06\/el-punk-espanol-de-ska-p-vuelve-a-la-argentina-en-noviembre-1.jpg\" width=\"100%\" height=\"100%\" alt=\"SkaP Foto Candelaria Lagosarchivo\"><figcaption> Ska-P Foto: Candelaria Lagos-archivo <\/figcaption><\/figure>\n<p>Con ocho registros de estudio, Ska-P se form\u00f3 en 1994 y toc\u00f3 a lo largo de 11 a\u00f1os sin parar con dos descansos en su trayectoria: 2005 a 2007 y 2014 a 2019.<\/p>\n<p>Las entradas para el show argentino en GEBA estar\u00e1n disponibles a partir del pr\u00f3ximo jueves 16 con preventa a precios diferenciales desde el martes 14.&nbsp;<\/p>\n<blockquote class=\"twitter-tweet\" readability=\"4.7009803921569\">\n<p lang=\"es\" dir=\"ltr\">CONFIRMADO, el s\u00e1bado 12 de Noviembre de 2022 volvemos a LA ARGENTINA!!<br \/>Nos vemos compas!!<a href=\"https:\/\/twitter.com\/hashtag\/Skap?src=hash&amp;ref_src=twsrc%5Etfw\">#Skap<\/a> <br \/>Entradas aqu\u00ed \ud83d\udc49 <a href=\"https:\/\/t.co\/GTAixq9Jw4\">https:\/\/t.co\/GTAixq9Jw4<\/a> <a href=\"https:\/\/t.co\/od8VF5yQPc\">pic.twitter.com\/od8VF5yQPc<\/a><\/p>\n<p>\u2014 Ska-p (@skapoficial) <a href=\"https:\/\/twitter.com\/skapoficial\/status\/1535390874368200704?ref_src=twsrc%5Etfw\">June 10, 2022<\/a><\/p><\/blockquote>\n","protected":false},"excerpt":{"rendered":"<p>Ska-P Foto: Candelaria Lagos-archivo La banda ska y punk espa\u00f1ola Ska-P anunci\u00f3 hoy su vuelta a la Argentina para ofrecer un show en el porte\u00f1o estadio de GEBA el pr\u00f3ximo s\u00e1bado 12 de noviembre. El conjunto que el guitarrista Jos\u00e9 Miguel \u00abJoxemi\u00bb Redin ilidera hace 27 a\u00f1os y que integran tambi\u00e9n PulPul en voz y [&hellip;]<\/p>\n","protected":false},"author":1,"featured_media":20773,"comment_status":"closed","ping_status":"closed","sticky":false,"template":"","format":"standard","meta":[],"categories":[9],"tags":[],"_links":{"self":[{"href":"http:\/\/nuevacordoba.net\/index.php\/wp-json\/wp\/v2\/posts\/20772"}],"collection":[{"href":"http:\/\/nuevacordoba.net\/index.php\/wp-json\/wp\/v2\/posts"}],"about":[{"href":"http:\/\/nuevacordoba.net\/index.php\/wp-json\/wp\/v2\/types\/post"}],"author":[{"embeddable":true,"href":"http:\/\/nuevacordoba.net\/index.php\/wp-json\/wp\/v2\/users\/1"}],"replies":[{"embeddable":true,"href":"http:\/\/nuevacordoba.net\/index.php\/wp-json\/wp\/v2\/comments?post=20772"}],"version-history":[{"count":0,"href":"http:\/\/nuevacordoba.net\/index.php\/wp-json\/wp\/v2\/posts\/20772\/revisions"}],"wp:featuredmedia":[{"embeddable":true,"href":"http:\/\/nuevacordoba.net\/index.php\/wp-json\/wp\/v2\/media\/20773"}],"wp:attachment":[{"href":"http:\/\/nuevacordoba.net\/index.php\/wp-json\/wp\/v2\/media?parent=20772"}],"wp:term":[{"taxonomy":"category","embeddable":true,"href":"http:\/\/nuevacordoba.net\/index.php\/wp-json\/wp\/v2\/categories?post=20772"},{"taxonomy":"post_tag","embeddable":true,"href":"http:\/\/nuevacordoba.net\/index.php\/wp-json\/wp\/v2\/tags?post=20772"}],"curies":[{"name":"wp","href":"https:\/\/api.w.org\/{rel}","templated":true}]}}