{"id":20780,"date":"2022-06-12T19:55:57","date_gmt":"2022-06-12T19:55:57","guid":{"rendered":"http:\/\/nuevacordoba.net\/index.php\/2022\/06\/12\/legislativas-en-francia-empatan-el-oficialismo-y-la-izquierda\/"},"modified":"2022-06-12T19:55:57","modified_gmt":"2022-06-12T19:55:57","slug":"legislativas-en-francia-empatan-el-oficialismo-y-la-izquierda","status":"publish","type":"post","link":"http:\/\/nuevacordoba.net\/index.php\/2022\/06\/12\/legislativas-en-francia-empatan-el-oficialismo-y-la-izquierda\/","title":{"rendered":"Legislativas en Francia: empatan el oficialismo y la izquierda"},"content":{"rendered":"<figure class=\"mb-3\"><img loading=\"lazy\" src=\"http:\/\/nuevacordoba.net\/wp-content\/uploads\/2022\/06\/legislativas-en-francia-empatan-el-oficialismo-y-la-izquierda.jpg\" width=\"100%\" height=\"100%\" alt=\"Un total de 48 millones de electores estn convocados a elegir 577 diputados en el mismo nmero de circunscripciones Foto AFP\"><figcaption> Un total de 48 millones de electores est\u00e1n convocados a elegir 577 diputados en el mismo n\u00famero de circunscripciones. Foto: AFP. <\/figcaption><\/figure>\n<p>La primera vuelta de las elecciones legislativas en Francia cerr\u00f3 hoy la votaci\u00f3n con un empate en torno al 25% de votos entre el frente de izquierda y la alianza de centro del presidente, Emmanuel Macron, que no tiene asegurada una mayor\u00eda parlamentaria, seg\u00fan las primeras estimaciones.<\/p>\n<p>La alianza Juntos de Macron lograr\u00eda entre un 25% y un 25,8% de votos, mientras que la Nueva Uni\u00f3n Popular Ecol\u00f3gica y Social (Nupes) cosechar\u00eda de 25% a 26,2%, seg\u00fan los institutos de opini\u00f3n tras el cierre de las urnas.<\/p>\n<p><strong>Un total de 48 millones de electores estban convocados a elegir 577 diputados en el mismo n\u00famero de circunscripciones.<\/strong><\/p>\n<p>La abstenci\u00f3n se anunciaba clave, sobre todo para la izquierda radical y la extrema derecha, cuyos votantes son m\u00e1s proclives a no acudir a las urnas. M\u00e1s de la mitad de los electores podr\u00eda abstenerse el domingo, seg\u00fan las encuestas.<\/p>\n<p>Al mediod\u00eda local, la participaci\u00f3n era del 18,43%, 0,8 puntos por debajo de la que se registr\u00f3 a la misma hora en las legislativas de 2017 (y 2,5 puntos menos que en las de 2012).<\/p>\n<p>Los colegios electorales abrieron a las 8 (3 de Argentina) y cerrar\u00e1n a las 18, salvo en las grandes ciudades, donde quedar\u00e1n abiertos hasta las 20, tras lo cual se conocer\u00e1n los primeros resultados y estimaciones.<\/p>\n<p><strong>Casi dos meses despu\u00e9s de su reelecci\u00f3n, Macron ve amenazada la gobernabilidad de su segundo mandato con la \u00abtercera vuelta<\/strong>\u00bb impulsada por M\u00e9lenchon, de 70 a\u00f1os, quien tras quedarse a un paso del balotaje presidencial logr\u00f3 reunir al arco pol\u00edtico de izquierda en la Nueva Uni\u00f3n Popular Ecologista y Social (Nupes).<\/p>\n<p>Esta alianza, in\u00e9dita en 25 a\u00f1os, busca alzarse con la mayor\u00eda parlamentaria para erigir a su l\u00edder, que no compite en estos comicios, como primer ministro y forzar as\u00ed una \u00abcohabitaci\u00f3n\u00bb que impida al oficialismo seguir \u00abcon su pol\u00edtica injusta y brutal\u00bb.<\/p>\n<p>Si bien tradicionalmente las elecciones legislativas en Francia son una formalidad para el partido oficialista, que suele aprovechar la racha electoral de las presidenciales para hacerse con la mayor\u00eda absoluta en el Parlamento, esta vez los sondeos anuncian una tendencia distinta.<\/p>\n<p>Las \u00faltimas encuestas publicadas pronostican un resultado ajustado en la primera vuelta de este domingo entre el oficialista Juntos (24,5 a 28% de los votos) y Nupes (24 a 28%), que se traducir\u00eda en un mayor n\u00famero de diputados oficialistas (entre 250 y 335 esca\u00f1os) en el balotaje de la pr\u00f3xima semana, pero sin la certeza de lograr la mayor\u00eda absoluta de 289 legisladores.<\/p>\n<p><strong>Estas proyecciones muestran un panorama muy distinto para la coalici\u00f3n oficialista en comparaci\u00f3n con 2017, cuando obtuvo 360 esca\u00f1os, y demuestran el desgaste sufrido por Macron en estos a\u00f1os en el poder.<\/strong><\/p>\n<p>Tras un primer Gobierno marcado por el malestar social, <strong>su reciente reelecci\u00f3n frente a la aspirante de ultraderecha Marine Le Pen tuvo m\u00e1s que ver con evitar un triunfo de la extrema derecha que con una adhesi\u00f3n a su programa<\/strong>, en medio de un contexto de preocupaci\u00f3n por la econom\u00eda ante el alza de precios vinculada a la guerra en Ucrania.<\/p>\n<p>Aunque en un principio el oficialismo rest\u00f3 importancia a la amenaza de Nupes, los ataques contra el \u00abCh\u00e1vez galo\u00bb, como lo tild\u00f3 d\u00edas atr\u00e1s el ministro de Econom\u00eda, Bruno Le Maire, se multiplicaron en las \u00faltimas semanas.<\/p>\n<p>\u00abNos lo tomamos en serio, porque tanto en los medios como en las encuestas M\u00e9lenchon es el \u00fanico que existe actualmente m\u00e1s all\u00e1 de la mayor\u00eda presidencial\u00bb, explic\u00f3 la diputada oficialista Aurore Berg\u00e9 en di\u00e1logo con la cadena p\u00fablica France 2.<\/p>\n<p>La preocupaci\u00f3n se hizo patente tras conocerse <strong>los resultados de la primera vuelta de las legislativas para los franceses del extranjero<\/strong>, celebrada el pasado fin de semana, en los que<strong> Nupes logr\u00f3 pasar al balotaje frente a Juntos en diez de las 11 circunscripciones, el doble con respecto a 2017.<\/strong><\/p>\n<p>Si bien el oficialismo encabez\u00f3 las intenciones de voto en ocho de esos territorios, esta din\u00e1mica llev\u00f3 al l\u00edder parlamentario del Movimiento Dem\u00f3crata -socio de la alianza gubernamental-, Patrick Mignola, a \u00abtemer un accidente electoral\u00bb, consign\u00f3 el vespertino Le Monde.<\/p>\n<p>Incluso el propio Macron, quien se hab\u00eda mantenido al margen de la campa\u00f1a y hab\u00eda retrasado su inicio al nombrar su nuevo Gobierno dos d\u00edas antes de la fecha l\u00edmite, reanud\u00f3 los desplazamientos en el terreno para fortalecer a su formaci\u00f3n.<\/p>\n<p>Tal como sucedi\u00f3 en la recta final previa a los comicios presidenciales, el jefe de Estado volvi\u00f3 a multiplicar los gui\u00f1os hacia la izquierda en sus actos, donde se centr\u00f3 en temas predilectos de este electorado -como salud, educaci\u00f3n y juventud-, y releg\u00f3 su agenda liberal, principalmente su pol\u00e9mica reforma previsional, que pospuso a 2023. <\/p>\n","protected":false},"excerpt":{"rendered":"<p>Un total de 48 millones de electores est\u00e1n convocados a elegir 577 diputados en el mismo n\u00famero de circunscripciones. Foto: AFP. La primera vuelta de las elecciones legislativas en Francia cerr\u00f3 hoy la votaci\u00f3n con un empate en torno al 25% de votos entre el frente de izquierda y la alianza de centro del presidente, [&hellip;]<\/p>\n","protected":false},"author":1,"featured_media":20781,"comment_status":"closed","ping_status":"closed","sticky":false,"template":"","format":"standard","meta":[],"categories":[13],"tags":[],"_links":{"self":[{"href":"http:\/\/nuevacordoba.net\/index.php\/wp-json\/wp\/v2\/posts\/20780"}],"collection":[{"href":"http:\/\/nuevacordoba.net\/index.php\/wp-json\/wp\/v2\/posts"}],"about":[{"href":"http:\/\/nuevacordoba.net\/index.php\/wp-json\/wp\/v2\/types\/post"}],"author":[{"embeddable":true,"href":"http:\/\/nuevacordoba.net\/index.php\/wp-json\/wp\/v2\/users\/1"}],"replies":[{"embeddable":true,"href":"http:\/\/nuevacordoba.net\/index.php\/wp-json\/wp\/v2\/comments?post=20780"}],"version-history":[{"count":0,"href":"http:\/\/nuevacordoba.net\/index.php\/wp-json\/wp\/v2\/posts\/20780\/revisions"}],"wp:featuredmedia":[{"embeddable":true,"href":"http:\/\/nuevacordoba.net\/index.php\/wp-json\/wp\/v2\/media\/20781"}],"wp:attachment":[{"href":"http:\/\/nuevacordoba.net\/index.php\/wp-json\/wp\/v2\/media?parent=20780"}],"wp:term":[{"taxonomy":"category","embeddable":true,"href":"http:\/\/nuevacordoba.net\/index.php\/wp-json\/wp\/v2\/categories?post=20780"},{"taxonomy":"post_tag","embeddable":true,"href":"http:\/\/nuevacordoba.net\/index.php\/wp-json\/wp\/v2\/tags?post=20780"}],"curies":[{"name":"wp","href":"https:\/\/api.w.org\/{rel}","templated":true}]}}