{"id":20792,"date":"2022-06-12T22:49:53","date_gmt":"2022-06-12T22:49:53","guid":{"rendered":"https:\/\/puntoapunto.com.ar\/?p=334375"},"modified":"2022-06-12T22:49:53","modified_gmt":"2022-06-12T22:49:53","slug":"passerini-estoy-preparado-para-ser-candidato-a-intendente-de-cordoba","status":"publish","type":"post","link":"http:\/\/nuevacordoba.net\/index.php\/2022\/06\/12\/passerini-estoy-preparado-para-ser-candidato-a-intendente-de-cordoba\/","title":{"rendered":"Passerini: \u00abEstoy preparado para ser candidato a intendente de C\u00f3rdoba\u00bb"},"content":{"rendered":"<p>El viceintendente de la ciudad de C\u00f3rdoba, Daniel Passerini, habl\u00f3 sobre el escenario 2023 para Hacemos por C\u00f3rdoba, tanto a nivel provincial como municipal. En ese sentido, puso de manifiesto que ante la imposibilidad de que Juan Schiaretti sea reelecto, el mejor preparado para sucederlo es el actual intendente, Mart\u00edn Llaryora.<\/p>\n<div class=\"g g-35\">\n<div class=\"g-single a-29\"><a class=\"gofollow\" data-track=\"MjksMzUsMSw2MA==\" href=\"https:\/\/www.harmoniechateau.com.ar\/\" target=\"_blank\" rel=\"noopener\"><img src=\"http:\/\/nuevacordoba.net\/wp-content\/uploads\/2022\/06\/passerini-estoy-preparado-para-ser-candidato-a-intendente-de-cordoba.gif\"><\/a><\/div>\n<\/div>\n<p>Consultado en <strong>\u2018Con el diario del lunes\u2019,<\/strong> el programa que se emite los lunes a las 20 por <strong>Canal 10<\/strong>, Passerini no dud\u00f3 en afirmar que est\u00e1 \u201cpreparado para ser candidato a intendente de la ciudad de C\u00f3rdoba\u201d. Inclusive, fue m\u00e1s all\u00e1 al afirmar que \u201ccon Mart\u00edn estamos demostrando que tenemos experiencia de gesti\u00f3n. Adem\u00e1s, C\u00f3rdoba nos dio la oportunidad de demostrar que un intendente pod\u00eda trabajar con el gobierno provincial y la gente est\u00e1 viviendo los resultados de la transformaci\u00f3n de la ciudad. Este proyecto merece continuar y yo soy garante de esa continuidad\u201d.<\/p>\n<p>Las declaraciones de Passerini causaron sorpresa no solo por la contundencia de las mismas, sino porque hasta el momento quienes tambi\u00e9n aspiran a suceder a Llaryora en el Palacio 6 de Julio se mostraron m\u00e1s cautelosos.<\/p>\n<p>En ese sentido, Miguel Siciliano sostuvo que no era tiempo de hablar de candidaturas, aunque su esposa, Victoria Flores, en declaraciones en un programa de TV sostuvo que \u201cMiguel ser\u00eda el mejor candidato a intendente\u201d. En tanto, Marcelo Rodio, presidente de Tamse, blanque\u00f3 su intenci\u00f3n de ser candidato a intendente. Inclusive, en la danza de nombres tambi\u00e9n hay que sumar a la actual senadora nacional Alejandra Vigo, aunque desde su entorno no confirman ni desmienten los rumores.<\/p>\n<p>A fines de mayo se conoci\u00f3 una encuesta encargada por Hacemos por C\u00f3rdoba en la que se med\u00edan diferentes escenarios tanto a nivel provincial como municipal. As\u00ed, se realiz\u00f3 un mapeo con cuatro escenarios distintos, enfrentando a los mismos probables rivales (en este caso Luis Juez, candidato a gobernador y Rodrigo De Loredo como candidato a intendente de Juntos por el Cambio).<\/p>\n<p>Seg\u00fan la encuesta, Llaryora gobernador y Passerini intendente arroja una intenci\u00f3n de voto de 39,6% frente a un 27,6% que registrar\u00edan Juez-De Loredo. Si bien los cuatro potenciales candidatos medidos mostraron n\u00fameros favorables (adem\u00e1s de Passerini, tambi\u00e9n se midi\u00f3 a Siciliano, Vigo y Rodio), la conclusi\u00f3n en Hacemos por C\u00f3rdoba es que \u201clo que arrastra es la gesti\u00f3n y en eso es en lo que hay que enfocarse\u201d.<\/p>\n<p><strong>Distribuci\u00f3n de subsidios.&nbsp;<\/strong>En otro tramo del programa, el viceintendente habl\u00f3 sobre el debate por el transporte y sostuvo que \u201cse atraviesa un momento hist\u00f3rico\u201d. \u201cPor primera vez, Llaryora no est\u00e1 solo en el planteo, ha logrado sumar otras voluntades, como los intendentes de Rosario, Santa Fe, Mendoza y Bariloche. Y ahora hay diecis\u00e9is gobernadores acompa\u00f1ando el proyecto\u201d, puntualiz\u00f3.<\/p>\n<p>Seg\u00fan el funcionario este problema no podr\u00e1 resolverse si no se avanza con la distribuci\u00f3n equitativa de los subsidios. \u201cEn Argentina hay una desproporcionalidad en la distribuci\u00f3n de los fondos del transporte que no soporta m\u00e1s. En C\u00f3rdoba tenemos que detraer recursos para sostener el sistema de transporte p\u00fablico, un desembolso que no estaba en los planes pero que es necesario para garantizar el servicio. Es injusto que solo el 15% se reparta entre las provincias y el resto se concentre en Buenos Aires\u201d.<\/p>\n<p>Para eso, se mostr\u00f3 confiando en que el proyecto de Boleto \u00danico Federal, impulsado por Alejandra Vigo en la C\u00e1mara de Senadores y por el bloque de Hacemos por C\u00f3rdoba en Diputados, pueda concretarse.<\/p>\n","protected":false},"excerpt":{"rendered":"<p>El viceintendente de la ciudad de C\u00f3rdoba, Daniel Passerini, habl\u00f3 sobre el escenario 2023 para Hacemos por C\u00f3rdoba, tanto a nivel provincial como municipal. En ese sentido, puso de manifiesto que ante la imposibilidad de que Juan Schiaretti sea reelecto, el mejor preparado para sucederlo es el actual intendente, Mart\u00edn Llaryora. Consultado en \u2018Con el [&hellip;]<\/p>\n","protected":false},"author":1,"featured_media":20793,"comment_status":"open","ping_status":"closed","sticky":false,"template":"","format":"standard","meta":[],"categories":[12,14],"tags":[],"_links":{"self":[{"href":"http:\/\/nuevacordoba.net\/index.php\/wp-json\/wp\/v2\/posts\/20792"}],"collection":[{"href":"http:\/\/nuevacordoba.net\/index.php\/wp-json\/wp\/v2\/posts"}],"about":[{"href":"http:\/\/nuevacordoba.net\/index.php\/wp-json\/wp\/v2\/types\/post"}],"author":[{"embeddable":true,"href":"http:\/\/nuevacordoba.net\/index.php\/wp-json\/wp\/v2\/users\/1"}],"replies":[{"embeddable":true,"href":"http:\/\/nuevacordoba.net\/index.php\/wp-json\/wp\/v2\/comments?post=20792"}],"version-history":[{"count":0,"href":"http:\/\/nuevacordoba.net\/index.php\/wp-json\/wp\/v2\/posts\/20792\/revisions"}],"wp:featuredmedia":[{"embeddable":true,"href":"http:\/\/nuevacordoba.net\/index.php\/wp-json\/wp\/v2\/media\/20793"}],"wp:attachment":[{"href":"http:\/\/nuevacordoba.net\/index.php\/wp-json\/wp\/v2\/media?parent=20792"}],"wp:term":[{"taxonomy":"category","embeddable":true,"href":"http:\/\/nuevacordoba.net\/index.php\/wp-json\/wp\/v2\/categories?post=20792"},{"taxonomy":"post_tag","embeddable":true,"href":"http:\/\/nuevacordoba.net\/index.php\/wp-json\/wp\/v2\/tags?post=20792"}],"curies":[{"name":"wp","href":"https:\/\/api.w.org\/{rel}","templated":true}]}}