{"id":21060,"date":"2022-06-20T23:55:06","date_gmt":"2022-06-20T23:55:06","guid":{"rendered":"https:\/\/www.bbc.com\/mundo\/noticias-america-latina-61861077"},"modified":"2022-06-20T23:55:06","modified_gmt":"2022-06-20T23:55:06","slug":"gustavo-petro-5-contrapesos-que-enfrenta-el-primer-gobierno-de-izquierda-en-colombia","status":"publish","type":"post","link":"http:\/\/nuevacordoba.net\/index.php\/2022\/06\/20\/gustavo-petro-5-contrapesos-que-enfrenta-el-primer-gobierno-de-izquierda-en-colombia\/","title":{"rendered":"Gustavo Petro: 5 contrapesos que enfrenta el primer gobierno de izquierda en Colombia"},"content":{"rendered":"<div dir=\"ltr\" class=\"e1j2237y6 bbc-q4ibpr essoxwk0\">\n<div class=\"bbc-1atl7vu e11nzto4\">\n<ul role=\"list\" class=\"bbc-k0l9bd e11nzto2\">\n<li role=\"listitem\" class=\"bbc-1a3w4ok e11nzto1\">Natalia Guerrero @nnguerrero<\/li>\n<li role=\"listitem\" class=\"bbc-1p92jtu e11nzto0\">BBC News Mundo<\/li>\n<\/ul>\n<\/div>\n<\/div>\n<p><time datetime=\"2022-06-20\" class=\"bbc-14xtggo exyigsi0\">20 junio 2022, 13:21 GMT<\/time><\/p>\n<div dir=\"ltr\" class=\"bbc-1ka88fa essoxwk0\">\n<figure class=\"bbc-1qdcvv9 e170cyvj0\">\n<div dir=\"ltr\" class=\"bbc-172p16q essoxwk0\">\n<div dir=\"ltr\" class=\"bbc-189y18v essoxwk0\" readability=\"6.5\">\n<div data-e2e=\"image-placeholder\" class=\"bbc-997y1y ezb2r2b0\" readability=\"8\"><picture class=\"bbc-yfiktt e11uq3261\"><source srcset=\"https:\/\/ichef.bbci.co.uk\/news\/240\/cpsprodpb\/A07B\/production\/_125538014_gettyimages-1241409022.jpg.webp 240w, https:\/\/ichef.bbci.co.uk\/news\/320\/cpsprodpb\/A07B\/production\/_125538014_gettyimages-1241409022.jpg.webp 320w, https:\/\/ichef.bbci.co.uk\/news\/480\/cpsprodpb\/A07B\/production\/_125538014_gettyimages-1241409022.jpg.webp 480w, https:\/\/ichef.bbci.co.uk\/news\/624\/cpsprodpb\/A07B\/production\/_125538014_gettyimages-1241409022.jpg.webp 624w, https:\/\/ichef.bbci.co.uk\/news\/800\/cpsprodpb\/A07B\/production\/_125538014_gettyimages-1241409022.jpg.webp 800w\" type=\"image\/webp\" sizes=\"(min-width: 1008px) 645px, 100vw\"><source srcset=\"https:\/\/ichef.bbci.co.uk\/news\/240\/cpsprodpb\/A07B\/production\/_125538014_gettyimages-1241409022.jpg 240w, https:\/\/ichef.bbci.co.uk\/news\/320\/cpsprodpb\/A07B\/production\/_125538014_gettyimages-1241409022.jpg 320w, https:\/\/ichef.bbci.co.uk\/news\/480\/cpsprodpb\/A07B\/production\/_125538014_gettyimages-1241409022.jpg 480w, https:\/\/ichef.bbci.co.uk\/news\/624\/cpsprodpb\/A07B\/production\/_125538014_gettyimages-1241409022.jpg 624w, https:\/\/ichef.bbci.co.uk\/news\/800\/cpsprodpb\/A07B\/production\/_125538014_gettyimages-1241409022.jpg 800w\" type=\"image\/jpeg\" sizes=\"(min-width: 1008px) 645px, 100vw\"><img loading=\"lazy\" src=\"http:\/\/nuevacordoba.net\/wp-content\/uploads\/2022\/06\/gustavo-petro-5-contrapesos-que-enfrenta-el-primer-gobierno-de-izquierda-en-colombia.jpg\" alt=\"Gustavo Petro.\" width=\"976\" height=\"549\" class=\"eehpdyc0 bbc-rb7xa0 e11uq3260\"><\/picture>\n<p role=\"text\" class=\"bbc-1s1cxbv eynndk20\"><span class=\"bbc-1gnhmg2 evnljr50\">Fuente de la imagen, <\/span><span lang=\"en-GB\">Getty Images<\/span><\/p>\n<\/div>\n<\/div>\n<div dir=\"ltr\" class=\"bbc-3edg7g essoxwk0\" readability=\"6\"><figcaption dir=\"ltr\" class=\"bbc-rhuvwm epgcavl0\" readability=\"2\"><span class=\"bbc-1gnhmg2 evnljr50\">Pie de foto, <\/span><\/p>\n<p>Gustavo Petro es el primer presidente de izquierda elegido en la historia reciente de Colombia.<\/p>\n<\/figcaption><\/div>\n<\/div>\n<\/figure>\n<\/div>\n<div dir=\"ltr\" class=\"bbc-19j92fr essoxwk0\" readability=\"8\">\n<p dir=\"ltr\" class=\"bbc-bm53ic e1cc2ql70\"><b>Colombia vivi\u00f3 este domingo un d\u00eda in\u00e9dito: el exguerrillero Gustavo Petro Urrego se convirti\u00f3 en <\/b><b><b>el primer presidente de la izquierda en la historia de Colombia.<\/b><\/b><\/p>\n<\/div>\n<div dir=\"ltr\" class=\"bbc-19j92fr essoxwk0\" readability=\"15\">\n<p dir=\"ltr\" class=\"bbc-bm53ic e1cc2ql70\">Oriundo de Ci\u00e9naga de Oro, un peque\u00f1o municipio de C\u00f3rdoba, en el norte del pa\u00eds, y l\u00edder de la coalici\u00f3n <b>Pacto Hist\u00f3rico<\/b>, Petro venci\u00f3 a su contrincante, Rodolfo Hern\u00e1ndez, en una re\u00f1ida elecci\u00f3n presidencial.<\/p>\n<\/div>\n<div dir=\"ltr\" class=\"bbc-19j92fr essoxwk0\" readability=\"11\">\n<p dir=\"ltr\" class=\"bbc-bm53ic e1cc2ql70\">Aunque la victoria ocurri\u00f3 en segunda vuelta con un estrecho porcentaje sobre Hern\u00e1ndez (50,44% por 47,31%), Petro protagoniza un irrefutable hito pol\u00edtico. <\/p>\n<\/div>\n<div dir=\"ltr\" class=\"bbc-19j92fr essoxwk0\" readability=\"10\">\n<p dir=\"ltr\" class=\"bbc-bm53ic e1cc2ql70\">Adem\u00e1s de ganar en su tercera campa\u00f1a presidencial, es el primero de los ocho candidatos izquierdistas en la historia reciente de Colombia en lograrlo. Y vale se\u00f1alar que tres de ellos fueron asesinados en sus intentos.<\/p>\n<\/div>\n<div dir=\"ltr\" class=\"bbc-19j92fr essoxwk0\" readability=\"9\">\n<p dir=\"ltr\" class=\"bbc-bm53ic e1cc2ql70\">Y Petro triunf\u00f3 con <b>Francia M\u00e1rquez, su f\u00f3rmula a la vicepresidencia y la primera mujer negra elegida para el cargo en el pa\u00eds<\/b>. <\/p>\n<\/div>\n<div dir=\"ltr\" class=\"bbc-19j92fr essoxwk0\" readability=\"13\">\n<p dir=\"ltr\" class=\"bbc-bm53ic e1cc2ql70\">Como cualquier presidente de la naci\u00f3n tendr\u00e1 limitaciones derivadas de la Constituci\u00f3n Pol\u00edtica de Colombia y la estructura del Estado, pero tambi\u00e9n podr\u00eda encontrarse con frenos que probablemente en su caso estar\u00e1n m\u00e1s tensados por su pasado beligerante de izquierda radical y por algunas de sus propuestas, que han sido calificadas como audaces, populistas e irresponsables y generan nerviosismo en parte del pa\u00eds. <\/p>\n<\/div>\n<div dir=\"ltr\" class=\"bbc-1ka88fa essoxwk0\">\n<figure class=\"bbc-1qdcvv9 e170cyvj0\">\n<div dir=\"ltr\" class=\"bbc-172p16q essoxwk0\">\n<div dir=\"ltr\" class=\"bbc-189y18v essoxwk0\" readability=\"6.5\">\n<div data-e2e=\"image-placeholder\" class=\"bbc-997y1y ezb2r2b0\" readability=\"8\"><noscript><picture class=\"bbc-yfiktt e11uq3261\"><source srcset=\"http:\/\/nuevacordoba.net\/wp-content\/uploads\/2022\/06\/gustavo-petro-5-contrapesos-que-enfrenta-el-primer-gobierno-de-izquierda-en-colombia.webp 240w, http:\/\/nuevacordoba.net\/wp-content\/uploads\/2022\/06\/gustavo-petro-5-contrapesos-que-enfrenta-el-primer-gobierno-de-izquierda-en-colombia-1.webp 320w, http:\/\/nuevacordoba.net\/wp-content\/uploads\/2022\/06\/gustavo-petro-5-contrapesos-que-enfrenta-el-primer-gobierno-de-izquierda-en-colombia-2.webp 480w, http:\/\/nuevacordoba.net\/wp-content\/uploads\/2022\/06\/gustavo-petro-5-contrapesos-que-enfrenta-el-primer-gobierno-de-izquierda-en-colombia-3.webp 624w, http:\/\/nuevacordoba.net\/wp-content\/uploads\/2022\/06\/gustavo-petro-5-contrapesos-que-enfrenta-el-primer-gobierno-de-izquierda-en-colombia-4.webp 800w\" type=\"image\/webp\" sizes=\"(min-width: 1008px) 645px, 100vw\"><source srcset=\"https:\/\/ichef.bbci.co.uk\/news\/240\/cpsprodpb\/7515\/production\/_125537992_gettyimages-1241408897.jpg 240w, https:\/\/ichef.bbci.co.uk\/news\/320\/cpsprodpb\/7515\/production\/_125537992_gettyimages-1241408897.jpg 320w, https:\/\/ichef.bbci.co.uk\/news\/480\/cpsprodpb\/7515\/production\/_125537992_gettyimages-1241408897.jpg 480w, https:\/\/ichef.bbci.co.uk\/news\/624\/cpsprodpb\/7515\/production\/_125537992_gettyimages-1241408897.jpg 624w, https:\/\/ichef.bbci.co.uk\/news\/800\/cpsprodpb\/7515\/production\/_125537992_gettyimages-1241408897.jpg 800w\" type=\"image\/jpeg\" sizes=\"(min-width: 1008px) 645px, 100vw\"><img loading=\"lazy\" src=\"http:\/\/nuevacordoba.net\/wp-content\/uploads\/2022\/06\/gustavo-petro-5-contrapesos-que-enfrenta-el-primer-gobierno-de-izquierda-en-colombia-1.jpg\" alt=\"Seguidores de Petro en un carro celebran.\" width=\"976\" height=\"549\" class=\"eehpdyc0 bbc-rb7xa0 e11uq3260\"><\/picture><\/noscript><\/p>\n<p role=\"text\" class=\"bbc-1s1cxbv eynndk20\"><span class=\"bbc-1gnhmg2 evnljr50\">Fuente de la imagen, <\/span><span lang=\"en-GB\">Getty Images<\/span><\/p>\n<\/div>\n<\/div>\n<div dir=\"ltr\" class=\"bbc-3edg7g essoxwk0\" readability=\"6.5\"><figcaption dir=\"ltr\" class=\"bbc-rhuvwm epgcavl0\" readability=\"3\"><span class=\"bbc-1gnhmg2 evnljr50\">Pie de foto, <\/span><\/p>\n<p>A pesar del entusiasmo de sus seguidores con su triunfo, Petro afrontar\u00e1 varios contrapesos.<\/p>\n<\/figcaption><\/div>\n<\/div>\n<\/figure>\n<\/div>\n<div dir=\"ltr\" class=\"bbc-19j92fr essoxwk0\" readability=\"8\">\n<p dir=\"ltr\" class=\"bbc-bm53ic e1cc2ql70\">BBC Mundo convers\u00f3 con varios analistas para saber cu\u00e1les son algunos contrapesos que pueden moderar la ambici\u00f3n de las reformas pol\u00edticas y econ\u00f3micas que pretende Petro.<\/p>\n<\/div>\n<p><h2 id=\"1-La-Corte-Constitucional\" tabindex=\"-1\" class=\"bbc-l3e97o e1hixjf30\">1. La Corte Constitucional<\/h2>\n<\/p>\n<div dir=\"ltr\" class=\"bbc-19j92fr essoxwk0\" readability=\"14\">\n<p dir=\"ltr\" class=\"bbc-bm53ic e1cc2ql70\">\u00abLos contrapesos son bastantes\u00bb, le dice a BBC Mundo Sandra Botero, profesora de Ciencia Pol\u00edtica de la Universidad del Rosario, en Bogot\u00e1. \u00abEn t\u00e9rminos institucionales est\u00e1n los que contempla nuestra Constituci\u00f3n, en particular el (contrapeso) que en Colombia funciona de forma m\u00e1s eficiente para controlar a los presidentes es la Corte Constitucional\u00bb.<\/p>\n<\/div>\n<div dir=\"ltr\" class=\"bbc-19j92fr essoxwk0\" readability=\"16\">\n<p dir=\"ltr\" class=\"bbc-bm53ic e1cc2ql70\">\u00abPetro entra con una Corte Constitucional que, a diferencia, por ejemplo, de la corte de Estados Unidos, el presidente colombiano no controla completamente. El presidente estadounidense nomina a todas las personas que est\u00e1n en la Corte, as\u00ed pase por el control del Senado. Ese no es el caso en Colombia\u00bb, explica. <\/p>\n<\/div>\n<div dir=\"ltr\" class=\"bbc-19j92fr essoxwk0\" readability=\"13\">\n<p dir=\"ltr\" class=\"bbc-bm53ic e1cc2ql70\">Efectivamente, durante su periodo, Petro podr\u00e1 nominar a dos magistrados que completar\u00e1n su periodo, de un total de nueve. Es decir, al menos siete de los togados ser\u00e1n completamente independientes del presidente electo.<\/p>\n<\/div>\n<div dir=\"ltr\" class=\"bbc-19j92fr essoxwk0\" readability=\"12\">\n<p dir=\"ltr\" class=\"bbc-bm53ic e1cc2ql70\">La catedr\u00e1tica recuerda que, por ejemplo, Petro expres\u00f3 durante la campa\u00f1a presidencial su intenci\u00f3n de <b>declarar la emergencia econ\u00f3mica<\/b> que le conferir\u00eda poderes excepcionales, pero no podr\u00eda declararla sin la aprobaci\u00f3n de la Corte Constitucional.<\/p>\n<\/div>\n<div dir=\"ltr\" class=\"bbc-19j92fr essoxwk0\" readability=\"10\">\n<p dir=\"ltr\" class=\"bbc-bm53ic e1cc2ql70\">\u00abEl dise\u00f1o de nuestra Corte es algo ch\u00e9vere de nuestra Constituci\u00f3n. Es una garant\u00eda, juega un rol s\u00faper importante en mantener el control frente al Ejecutivo\u00bb, complementa Botero. <\/p>\n<\/div>\n<div class=\"bbc-sffzb7 e8v25yx0\">\n<div dir=\"ltr\" class=\"bbc-1ka88fa essoxwk0\">\n<figure class=\"bbc-1qdcvv9 e170cyvj0\">\n<div dir=\"ltr\" class=\"bbc-172p16q essoxwk0\">\n<div dir=\"ltr\" class=\"bbc-189y18v essoxwk0\" readability=\"6.5\">\n<div data-e2e=\"image-placeholder\" class=\"bbc-997y1y ezb2r2b0\" readability=\"8\"><noscript><picture class=\"bbc-yfiktt e11uq3261\"><source srcset=\"http:\/\/nuevacordoba.net\/wp-content\/uploads\/2022\/06\/gustavo-petro-5-contrapesos-que-enfrenta-el-primer-gobierno-de-izquierda-en-colombia-5.webp 240w, http:\/\/nuevacordoba.net\/wp-content\/uploads\/2022\/06\/gustavo-petro-5-contrapesos-que-enfrenta-el-primer-gobierno-de-izquierda-en-colombia-6.webp 320w, http:\/\/nuevacordoba.net\/wp-content\/uploads\/2022\/06\/gustavo-petro-5-contrapesos-que-enfrenta-el-primer-gobierno-de-izquierda-en-colombia-7.webp 480w, http:\/\/nuevacordoba.net\/wp-content\/uploads\/2022\/06\/gustavo-petro-5-contrapesos-que-enfrenta-el-primer-gobierno-de-izquierda-en-colombia-8.webp 624w, http:\/\/nuevacordoba.net\/wp-content\/uploads\/2022\/06\/gustavo-petro-5-contrapesos-que-enfrenta-el-primer-gobierno-de-izquierda-en-colombia-9.webp 800w\" type=\"image\/webp\" sizes=\"(min-width: 1008px) 645px, 100vw\"><source srcset=\"https:\/\/ichef.bbci.co.uk\/news\/240\/cpsprodpb\/11155\/production\/_125537996_gettyimages-1241403553.jpg 240w, https:\/\/ichef.bbci.co.uk\/news\/320\/cpsprodpb\/11155\/production\/_125537996_gettyimages-1241403553.jpg 320w, https:\/\/ichef.bbci.co.uk\/news\/480\/cpsprodpb\/11155\/production\/_125537996_gettyimages-1241403553.jpg 480w, https:\/\/ichef.bbci.co.uk\/news\/624\/cpsprodpb\/11155\/production\/_125537996_gettyimages-1241403553.jpg 624w, https:\/\/ichef.bbci.co.uk\/news\/800\/cpsprodpb\/11155\/production\/_125537996_gettyimages-1241403553.jpg 800w\" type=\"image\/jpeg\" sizes=\"(min-width: 1008px) 645px, 100vw\"><img loading=\"lazy\" src=\"http:\/\/nuevacordoba.net\/wp-content\/uploads\/2022\/06\/gustavo-petro-5-contrapesos-que-enfrenta-el-primer-gobierno-de-izquierda-en-colombia-2.jpg\" alt=\"Francia M\u00e1rquez vota\" width=\"976\" height=\"549\" class=\"eehpdyc0 bbc-rb7xa0 e11uq3260\"><\/picture><\/noscript><\/p>\n<p role=\"text\" class=\"bbc-1s1cxbv eynndk20\"><span class=\"bbc-1gnhmg2 evnljr50\">Fuente de la imagen, <\/span><span lang=\"en-GB\">Getty Images<\/span><\/p>\n<\/div>\n<\/div>\n<div dir=\"ltr\" class=\"bbc-3edg7g essoxwk0\" readability=\"6\"><figcaption dir=\"ltr\" class=\"bbc-rhuvwm epgcavl0\" readability=\"2\"><span class=\"bbc-1gnhmg2 evnljr50\">Pie de foto, <\/span><\/p>\n<p>Francia M\u00e1rquez ser\u00e1 la primera mujer negra elegida como vicepresidencia de Colombia.<\/p>\n<\/figcaption><\/div>\n<\/div>\n<\/figure>\n<\/div>\n<\/div>\n<p><h2 id=\"2-El-Congreso\" tabindex=\"-1\" class=\"bbc-l3e97o e1hixjf30\">2. El Congreso<\/h2>\n<\/p>\n<div dir=\"ltr\" class=\"bbc-19j92fr essoxwk0\" readability=\"11\">\n<p dir=\"ltr\" class=\"bbc-bm53ic e1cc2ql70\">Otro sustancial freno que tendr\u00e1 Petro cuando se posesione es el Congreso de la Rep\u00fablica. A diferencia de sus vecinos Per\u00fa y Ecuador, en Colombia es bicameral, est\u00e1 conformado por el Senado y la C\u00e1mara de Representantes.<\/p>\n<\/div>\n<div dir=\"ltr\" class=\"bbc-19j92fr essoxwk0\" readability=\"8\">\n<p dir=\"ltr\" class=\"bbc-bm53ic e1cc2ql70\">El nuevo Congreso fue elegido en marzo y entrar\u00e1 en funcionamiento en julio de este a\u00f1o por el periodo 2022-2026. <\/p>\n<\/div>\n<div dir=\"ltr\" class=\"bbc-19j92fr essoxwk0\" readability=\"13\">\n<p dir=\"ltr\" class=\"bbc-bm53ic e1cc2ql70\"><b>El Pacto Hist\u00f3rico consigui\u00f3 20 esca\u00f1os en el Senado<\/b> y, adem\u00e1s, varias circunscripciones en la C\u00e1mara de Representantes, que se elige a nivel departamental, en lugares donde la izquierda nunca hab\u00eda ganado. <\/p>\n<\/div>\n<div dir=\"ltr\" class=\"bbc-19j92fr essoxwk0\" readability=\"12\">\n<p dir=\"ltr\" class=\"bbc-bm53ic e1cc2ql70\">\u00abPetro tiene un n\u00famero de congresistas de su partido con quienes seguramente puede trabajar, pero no tiene la mayor\u00eda, entonces va a tener que entrar a negociar su ambicioso paquete reformas con el Congreso\u00bb, afirma Botero.<\/p>\n<\/div>\n<div dir=\"ltr\" class=\"bbc-19j92fr essoxwk0\" readability=\"12\">\n<p dir=\"ltr\" class=\"bbc-bm53ic e1cc2ql70\">\u00abY yo creo que en esa negociaci\u00f3n muchas de las cosas necesariamente se moderar\u00e1n. Es decir, a pesar de todos los problemas que tiene nuestro Congreso, la negociaci\u00f3n tambi\u00e9n funciona como un freno para quienquiera que sea el presidente\u00bb, a\u00f1ade.<\/p>\n<\/div>\n<div dir=\"ltr\" class=\"bbc-1ka88fa essoxwk0\">\n<figure class=\"bbc-1qdcvv9 e170cyvj0\">\n<div dir=\"ltr\" class=\"bbc-172p16q essoxwk0\">\n<div dir=\"ltr\" class=\"bbc-189y18v essoxwk0\" readability=\"6.5\">\n<div data-e2e=\"image-placeholder\" class=\"bbc-997y1y ezb2r2b0\" readability=\"8\"><noscript><picture class=\"bbc-yfiktt e11uq3261\"><source srcset=\"http:\/\/nuevacordoba.net\/wp-content\/uploads\/2022\/06\/gustavo-petro-5-contrapesos-que-enfrenta-el-primer-gobierno-de-izquierda-en-colombia-10.webp 240w, http:\/\/nuevacordoba.net\/wp-content\/uploads\/2022\/06\/gustavo-petro-5-contrapesos-que-enfrenta-el-primer-gobierno-de-izquierda-en-colombia-11.webp 320w, http:\/\/nuevacordoba.net\/wp-content\/uploads\/2022\/06\/gustavo-petro-5-contrapesos-que-enfrenta-el-primer-gobierno-de-izquierda-en-colombia-12.webp 480w, http:\/\/nuevacordoba.net\/wp-content\/uploads\/2022\/06\/gustavo-petro-5-contrapesos-que-enfrenta-el-primer-gobierno-de-izquierda-en-colombia-13.webp 624w, http:\/\/nuevacordoba.net\/wp-content\/uploads\/2022\/06\/gustavo-petro-5-contrapesos-que-enfrenta-el-primer-gobierno-de-izquierda-en-colombia-14.webp 800w\" type=\"image\/webp\" sizes=\"(min-width: 1008px) 645px, 100vw\"><source srcset=\"https:\/\/ichef.bbci.co.uk\/news\/240\/cpsprodpb\/13926\/production\/_125366108_gettyimages-1241407866.jpg 240w, https:\/\/ichef.bbci.co.uk\/news\/320\/cpsprodpb\/13926\/production\/_125366108_gettyimages-1241407866.jpg 320w, https:\/\/ichef.bbci.co.uk\/news\/480\/cpsprodpb\/13926\/production\/_125366108_gettyimages-1241407866.jpg 480w, https:\/\/ichef.bbci.co.uk\/news\/624\/cpsprodpb\/13926\/production\/_125366108_gettyimages-1241407866.jpg 624w, https:\/\/ichef.bbci.co.uk\/news\/800\/cpsprodpb\/13926\/production\/_125366108_gettyimages-1241407866.jpg 800w\" type=\"image\/jpeg\" sizes=\"(min-width: 1008px) 645px, 100vw\"><img loading=\"lazy\" src=\"http:\/\/nuevacordoba.net\/wp-content\/uploads\/2022\/06\/gustavo-petro-5-contrapesos-que-enfrenta-el-primer-gobierno-de-izquierda-en-colombia-3.jpg\" alt=\"P\u00f3ster Gustavo Petro y Francia M\u00e1rquez\" width=\"976\" height=\"549\" class=\"eehpdyc0 bbc-rb7xa0 e11uq3260\"><\/picture><\/noscript><\/p>\n<p role=\"text\" class=\"bbc-1s1cxbv eynndk20\"><span class=\"bbc-1gnhmg2 evnljr50\">Fuente de la imagen, <\/span><span lang=\"en-GB\">Getty Images<\/span><\/p>\n<\/div>\n<\/div>\n<div dir=\"ltr\" class=\"bbc-3edg7g essoxwk0\" readability=\"7.5\"><figcaption dir=\"ltr\" class=\"bbc-rhuvwm epgcavl0\" readability=\"5\"><span class=\"bbc-1gnhmg2 evnljr50\">Pie de foto, <\/span><\/p>\n<p>Gustavo Petro lidera la coalici\u00f3n de izquierda Pacto Hist\u00f3rico, que logr\u00f3 20 esca\u00f1os en el Senado de Colombia, en las elecciones de marzo pasado.<\/p>\n<\/figcaption><\/div>\n<\/div>\n<\/figure>\n<\/div>\n<div dir=\"ltr\" class=\"bbc-19j92fr essoxwk0\" readability=\"11\">\n<p dir=\"ltr\" class=\"bbc-bm53ic e1cc2ql70\">Botero explica que el Congreso de Colombia no est\u00e1 \u00abh\u00edper fragmentado\u00bb como el de Brasil, donde hay m\u00e1s de 30 partidos, pero cuenta con al menos ocho fuerzas pol\u00edticas y ninguna tiene una mayor\u00eda abrumadora.<\/p>\n<\/div>\n<div dir=\"ltr\" class=\"bbc-19j92fr essoxwk0\" readability=\"13\">\n<p dir=\"ltr\" class=\"bbc-bm53ic e1cc2ql70\">\u00abLos partidos equiparables a la bancada del Pacto Hist\u00f3rico son dos de los partidos viejos de Colombia, el [partido] Liberal y el [partido] Conservador. Son partidos muy pragm\u00e1ticos, de maquinaria, no tanto de una posici\u00f3n ideol\u00f3gica fuerte como ser\u00edan los dos en los extremos\u00bb, expone Botero.<\/p>\n<\/div>\n<div dir=\"ltr\" class=\"bbc-19j92fr essoxwk0\" readability=\"16\">\n<p dir=\"ltr\" class=\"bbc-bm53ic e1cc2ql70\">\u00abHubo otros cambios interesantes (tras las \u00faltimas elecciones): por ejemplo, el partido de derecha, Centro Democr\u00e1tico, que es un partido de mucha fuerza en las \u00faltimas d\u00e9cadas en Colombia con el expresidente \u00c1lvaro Uribe, sigue teniendo un contingente no despreciable, pero sufri\u00f3 un golpe muy importante\u00bb, asevera.<\/p>\n<\/div>\n<div dir=\"ltr\" class=\"bbc-19j92fr essoxwk0\" readability=\"9\">\n<p dir=\"ltr\" class=\"bbc-bm53ic e1cc2ql70\">Y debajo quedan el partido Verde, que representa al centro y otros grupos peque\u00f1os a quienes todos intentar\u00e1n cooptar para sumar.<\/p>\n<\/div>\n<div dir=\"ltr\" class=\"bbc-19j92fr essoxwk0\" readability=\"12\">\n<p dir=\"ltr\" class=\"bbc-bm53ic e1cc2ql70\">\u00abPetro tendr\u00e1 que armar grupitos con diferentes fuerzas para poder tener las mayor\u00edas y poder pasar sus reformas\u00bb, agrega la profesora, que es doctora en Ciencias Pol\u00edticas de la Universidad de Notre Dame, Estados Unidos. <\/p>\n<\/div>\n<div dir=\"ltr\" class=\"bbc-1ka88fa essoxwk0\">\n<figure class=\"bbc-1qdcvv9 e170cyvj0\">\n<div dir=\"ltr\" class=\"bbc-172p16q essoxwk0\">\n<div dir=\"ltr\" class=\"bbc-189y18v essoxwk0\" readability=\"6.5\">\n<div data-e2e=\"image-placeholder\" class=\"bbc-997y1y ezb2r2b0\" readability=\"8\"><noscript><picture class=\"bbc-yfiktt e11uq3261\"><source srcset=\"http:\/\/nuevacordoba.net\/wp-content\/uploads\/2022\/06\/gustavo-petro-5-contrapesos-que-enfrenta-el-primer-gobierno-de-izquierda-en-colombia-15.webp 240w, http:\/\/nuevacordoba.net\/wp-content\/uploads\/2022\/06\/gustavo-petro-5-contrapesos-que-enfrenta-el-primer-gobierno-de-izquierda-en-colombia-16.webp 320w, http:\/\/nuevacordoba.net\/wp-content\/uploads\/2022\/06\/gustavo-petro-5-contrapesos-que-enfrenta-el-primer-gobierno-de-izquierda-en-colombia-17.webp 480w, http:\/\/nuevacordoba.net\/wp-content\/uploads\/2022\/06\/gustavo-petro-5-contrapesos-que-enfrenta-el-primer-gobierno-de-izquierda-en-colombia-18.webp 624w, http:\/\/nuevacordoba.net\/wp-content\/uploads\/2022\/06\/gustavo-petro-5-contrapesos-que-enfrenta-el-primer-gobierno-de-izquierda-en-colombia-19.webp 800w\" type=\"image\/webp\" sizes=\"(min-width: 1008px) 645px, 100vw\"><source srcset=\"https:\/\/ichef.bbci.co.uk\/news\/240\/cpsprodpb\/15B8D\/production\/_125537988_gettyimages-1241408492.jpg 240w, https:\/\/ichef.bbci.co.uk\/news\/320\/cpsprodpb\/15B8D\/production\/_125537988_gettyimages-1241408492.jpg 320w, https:\/\/ichef.bbci.co.uk\/news\/480\/cpsprodpb\/15B8D\/production\/_125537988_gettyimages-1241408492.jpg 480w, https:\/\/ichef.bbci.co.uk\/news\/624\/cpsprodpb\/15B8D\/production\/_125537988_gettyimages-1241408492.jpg 624w, https:\/\/ichef.bbci.co.uk\/news\/800\/cpsprodpb\/15B8D\/production\/_125537988_gettyimages-1241408492.jpg 800w\" type=\"image\/jpeg\" sizes=\"(min-width: 1008px) 645px, 100vw\"><img loading=\"lazy\" src=\"http:\/\/nuevacordoba.net\/wp-content\/uploads\/2022\/06\/gustavo-petro-5-contrapesos-que-enfrenta-el-primer-gobierno-de-izquierda-en-colombia-4.jpg\" alt=\"Manifestaci\u00f3n\" width=\"976\" height=\"549\" class=\"eehpdyc0 bbc-rb7xa0 e11uq3260\"><\/picture><\/noscript><\/p>\n<p role=\"text\" class=\"bbc-1s1cxbv eynndk20\"><span class=\"bbc-1gnhmg2 evnljr50\">Fuente de la imagen, <\/span><span lang=\"en-GB\">Getty Images<\/span><\/p>\n<\/div>\n<\/div>\n<div dir=\"ltr\" class=\"bbc-3edg7g essoxwk0\" readability=\"6\"><figcaption dir=\"ltr\" class=\"bbc-rhuvwm epgcavl0\" readability=\"2\"><span class=\"bbc-1gnhmg2 evnljr50\">Pie de foto, <\/span><\/p>\n<p>Los seguidores de Petro salieron a la calle por todo el pa\u00eds para celebrar su triunfo.<\/p>\n<\/figcaption><\/div>\n<\/div>\n<\/figure>\n<\/div>\n<p><h2 id=\"3-Organismos-de-Control\" tabindex=\"-1\" class=\"bbc-l3e97o e1hixjf30\">3. Organismos de Control<\/h2>\n<\/p>\n<div dir=\"ltr\" class=\"bbc-19j92fr essoxwk0\" readability=\"13\">\n<p dir=\"ltr\" class=\"bbc-bm53ic e1cc2ql70\">La Constituci\u00f3n Pol\u00edtica de Colombia de 1991 dispuso que los organismos de control son la Procuradur\u00eda General, que investiga las faltas disciplinarias de los funcionarios p\u00fablicos; la Defensor\u00eda del pueblo, que se ocupa de la protecci\u00f3n de los derechos fundamentales; y la Contralor\u00eda General, que hace control fiscal sobre quienes manejan fondos o bienes de la naci\u00f3n.<\/p>\n<\/div>\n<div dir=\"ltr\" class=\"bbc-19j92fr essoxwk0\" readability=\"13\">\n<p dir=\"ltr\" class=\"bbc-bm53ic e1cc2ql70\">Y aunque, como las cortes, hace parte de la rama judicial, una cuarta entidad que cabe para este an\u00e1lisis entre los \u00f3rganos de control es la Fiscal\u00eda General, un ente aut\u00f3nomo que investiga delitos e infracciones.<\/p>\n<\/div>\n<div dir=\"ltr\" class=\"bbc-19j92fr essoxwk0\" readability=\"12\">\n<p dir=\"ltr\" class=\"bbc-bm53ic e1cc2ql70\">No s\u00f3lo Petro iniciar\u00e1 su mandato con organismos que \u00e9l no nombra inmediatamente, sino que el gobierno saliente logr\u00f3 dejar en cabeza de las cuatro entidades a amigos personales y exsubordinados del actual presidente, Iv\u00e1n Duque, de la derecha colombiana.<\/p>\n<\/div>\n<div dir=\"ltr\" class=\"bbc-19j92fr essoxwk0\" readability=\"16\">\n<p dir=\"ltr\" class=\"bbc-bm53ic e1cc2ql70\">\u00ab[Petro] Tendr\u00e1 la posibilidad de nombrar al Defensor del Pueblo, pero hay que pensar que, a la Procuradora [y exministra de Justicia], la puso su predecesor Duque; que tendr\u00e1 de fiscal a [Francisco] Barbosa, que tambi\u00e9n fue puesto por Duque; y que en Colombia el presidente no tiene ning\u00fan control sobre el contralor, que se elige en un proceso meritocr\u00e1tico\u00bb, afirma Botero.<\/p>\n<\/div>\n<div dir=\"ltr\" class=\"bbc-19j92fr essoxwk0\" readability=\"12\">\n<p dir=\"ltr\" class=\"bbc-bm53ic e1cc2ql70\">\u00abEstoy segura de que van a hacer una labor supremamente brillante, que ni siquiera han hecho hasta el momento en el caso de Duque. Har\u00e1n control pol\u00edtico muy intenso, de un nivel de puntillosidad que no me los imagino teniendo a estos tres \u00faltimos en otro escenario\u00bb, explica. <\/p>\n<\/div>\n<div dir=\"ltr\" class=\"bbc-1ka88fa essoxwk0\">\n<figure class=\"bbc-1qdcvv9 e170cyvj0\">\n<div dir=\"ltr\" class=\"bbc-172p16q essoxwk0\">\n<div dir=\"ltr\" class=\"bbc-189y18v essoxwk0\" readability=\"6.5\">\n<div data-e2e=\"image-placeholder\" class=\"bbc-997y1y ezb2r2b0\" readability=\"8\"><noscript><picture class=\"bbc-yfiktt e11uq3261\"><source srcset=\"http:\/\/nuevacordoba.net\/wp-content\/uploads\/2022\/06\/gustavo-petro-5-contrapesos-que-enfrenta-el-primer-gobierno-de-izquierda-en-colombia-20.webp 240w, http:\/\/nuevacordoba.net\/wp-content\/uploads\/2022\/06\/gustavo-petro-5-contrapesos-que-enfrenta-el-primer-gobierno-de-izquierda-en-colombia-21.webp 320w, http:\/\/nuevacordoba.net\/wp-content\/uploads\/2022\/06\/gustavo-petro-5-contrapesos-que-enfrenta-el-primer-gobierno-de-izquierda-en-colombia-22.webp 480w, http:\/\/nuevacordoba.net\/wp-content\/uploads\/2022\/06\/gustavo-petro-5-contrapesos-que-enfrenta-el-primer-gobierno-de-izquierda-en-colombia-23.webp 624w, http:\/\/nuevacordoba.net\/wp-content\/uploads\/2022\/06\/gustavo-petro-5-contrapesos-que-enfrenta-el-primer-gobierno-de-izquierda-en-colombia-24.webp 800w\" type=\"image\/webp\" sizes=\"(min-width: 1008px) 645px, 100vw\"><source srcset=\"https:\/\/ichef.bbci.co.uk\/news\/240\/cpsprodpb\/61FB\/production\/_125538052_gettyimages-1238715796.jpg 240w, https:\/\/ichef.bbci.co.uk\/news\/320\/cpsprodpb\/61FB\/production\/_125538052_gettyimages-1238715796.jpg 320w, https:\/\/ichef.bbci.co.uk\/news\/480\/cpsprodpb\/61FB\/production\/_125538052_gettyimages-1238715796.jpg 480w, https:\/\/ichef.bbci.co.uk\/news\/624\/cpsprodpb\/61FB\/production\/_125538052_gettyimages-1238715796.jpg 624w, https:\/\/ichef.bbci.co.uk\/news\/800\/cpsprodpb\/61FB\/production\/_125538052_gettyimages-1238715796.jpg 800w\" type=\"image\/jpeg\" sizes=\"(min-width: 1008px) 645px, 100vw\"><img loading=\"lazy\" src=\"http:\/\/nuevacordoba.net\/wp-content\/uploads\/2022\/06\/gustavo-petro-5-contrapesos-que-enfrenta-el-primer-gobierno-de-izquierda-en-colombia-5.jpg\" alt=\"Una madre soltera pide limosna en una calle de Bogot\u00e1 con sus hijos.\" width=\"976\" height=\"549\" class=\"eehpdyc0 bbc-rb7xa0 e11uq3260\"><\/picture><\/noscript><\/p>\n<p role=\"text\" class=\"bbc-1s1cxbv eynndk20\"><span class=\"bbc-1gnhmg2 evnljr50\">Fuente de la imagen, <\/span><span lang=\"en-GB\">Getty Images<\/span><\/p>\n<\/div>\n<\/div>\n<div dir=\"ltr\" class=\"bbc-3edg7g essoxwk0\" readability=\"7.5\"><figcaption dir=\"ltr\" class=\"bbc-rhuvwm epgcavl0\" readability=\"5\"><span class=\"bbc-1gnhmg2 evnljr50\">Pie de foto, <\/span><\/p>\n<p>La pobreza monetaria en Colombia alcanz\u00f3 el 39% en 2021. Cambiar las condiciones de vida de los m\u00e1s pobres es una de las banderas de Petro, pero sus propuestas para lograrlo han estresado a industriales y empresarios.<\/p>\n<\/figcaption><\/div>\n<\/div>\n<\/figure>\n<\/div>\n<p><h2 id=\"4-Los-mercados\" tabindex=\"-1\" class=\"bbc-l3e97o e1hixjf30\">4. Los mercados<\/h2>\n<\/p>\n<div dir=\"ltr\" class=\"bbc-19j92fr essoxwk0\" readability=\"10\">\n<p dir=\"ltr\" class=\"bbc-bm53ic e1cc2ql70\">Para Ricardo \u00c1vila, analista s\u00e9nior del peri\u00f3dico El Tiempo, hay otro contrapeso que enfrenta el presidente electo de Colombia.<\/p>\n<\/div>\n<div dir=\"ltr\" class=\"bbc-19j92fr essoxwk0\" readability=\"11\">\n<p dir=\"ltr\" class=\"bbc-bm53ic e1cc2ql70\">\u00abEl cuarto [contrapeso] es lo que uno podr\u00eda llamar de manera gen\u00e9rica <b>los mercados<\/b>. Son los que obligan a los gobiernos a tomar decisiones para que no haya gran alteraci\u00f3n, como por ejemplo en la tasa de cambio o el costo de endeudarse del pa\u00eds\u00bb, expone.<\/p>\n<\/div>\n<div dir=\"ltr\" class=\"bbc-19j92fr essoxwk0\" readability=\"15\">\n<p dir=\"ltr\" class=\"bbc-bm53ic e1cc2ql70\">\u00abLo que vimos en el caso de Per\u00fa y de Chile [con las elecciones de <b>Pe<\/b><b>d<\/b><b>ro Castillo<\/b> en 2021 y <b>Gabriel Boric<\/b> en 2022, respectivamente] fueron devaluaciones importantes que en su mayor\u00eda se revirtieron y muy probablemente en el caso de Colombia, si el nuevo gobierno act\u00faa de manera relativamente responsable, despu\u00e9s de un episodio de nerviosismo, la cosa se tranquiliza\u00bb, agrega \u00c1vila.<\/p>\n<\/div>\n<div dir=\"ltr\" class=\"bbc-19j92fr essoxwk0\" readability=\"10\">\n<p dir=\"ltr\" class=\"bbc-bm53ic e1cc2ql70\">\u00ab\u00bfQu\u00e9 fue lo que hicieron en el caso de Per\u00fa y Chile? Nombraron de ministro de Hacienda a una persona que era considerada como seria y que iba a mantener la casa en orden. Ese es el tema fundamental\u00bb, explica el analista colombiano.<\/p>\n<\/div>\n<div dir=\"ltr\" class=\"bbc-19j92fr essoxwk0\" readability=\"12\">\n<p dir=\"ltr\" class=\"bbc-bm53ic e1cc2ql70\">\u00abSi algunas de las pol\u00edticas de Petro tienen \u00e9xito, como por ejemplo golpear la exploraci\u00f3n de petr\u00f3leo y eventualmente hacer que la explotaci\u00f3n del petr\u00f3leo caiga -el petr\u00f3leo es el principal rengl\u00f3n de exportaciones de Colombia-, lo que muestran los an\u00e1lisis es que claramente habr\u00eda una afectaci\u00f3n\u00bb.<\/p>\n<\/div>\n<div dir=\"ltr\" class=\"bbc-19j92fr essoxwk0\" readability=\"11\">\n<p dir=\"ltr\" class=\"bbc-bm53ic e1cc2ql70\">\u00abEl gran seguro a la larga a los gobernantes es el clima interno. Si en lugar de una situaci\u00f3n de prosperidad percibida entramos en una situaci\u00f3n de crisis econ\u00f3mica, obviamente el p\u00e9ndulo de la opini\u00f3n se voltea y se voltea en contra del gobernante\u00bb, afirma.<\/p>\n<\/div>\n<div dir=\"ltr\" class=\"bbc-19j92fr essoxwk0\" readability=\"13\">\n<p dir=\"ltr\" class=\"bbc-bm53ic e1cc2ql70\">\u00abSi la gente siente que todo es mucho m\u00e1s costoso, que hay mucha m\u00e1s pobreza, que no hay oportunidades de empleo, claramente la favorabilidad del gobierno se va al suelo y eso le quita margen de maniobra a cualquier administraci\u00f3n. Por esa raz\u00f3n es que es tan importante mantener la buena salud de la econom\u00eda\u00bb.<\/p>\n<\/div>\n<div dir=\"ltr\" class=\"bbc-1ka88fa essoxwk0\">\n<figure class=\"bbc-1qdcvv9 e170cyvj0\">\n<div dir=\"ltr\" class=\"bbc-172p16q essoxwk0\">\n<div dir=\"ltr\" class=\"bbc-189y18v essoxwk0\" readability=\"6.5\">\n<div data-e2e=\"image-placeholder\" class=\"bbc-997y1y ezb2r2b0\" readability=\"8\"><noscript><picture class=\"bbc-yfiktt e11uq3261\"><source srcset=\"http:\/\/nuevacordoba.net\/wp-content\/uploads\/2022\/06\/gustavo-petro-5-contrapesos-que-enfrenta-el-primer-gobierno-de-izquierda-en-colombia-25.webp 240w, http:\/\/nuevacordoba.net\/wp-content\/uploads\/2022\/06\/gustavo-petro-5-contrapesos-que-enfrenta-el-primer-gobierno-de-izquierda-en-colombia-26.webp 320w, http:\/\/nuevacordoba.net\/wp-content\/uploads\/2022\/06\/gustavo-petro-5-contrapesos-que-enfrenta-el-primer-gobierno-de-izquierda-en-colombia-27.webp 480w, http:\/\/nuevacordoba.net\/wp-content\/uploads\/2022\/06\/gustavo-petro-5-contrapesos-que-enfrenta-el-primer-gobierno-de-izquierda-en-colombia-28.webp 624w, http:\/\/nuevacordoba.net\/wp-content\/uploads\/2022\/06\/gustavo-petro-5-contrapesos-que-enfrenta-el-primer-gobierno-de-izquierda-en-colombia-29.webp 800w\" type=\"image\/webp\" sizes=\"(min-width: 1008px) 645px, 100vw\"><source srcset=\"https:\/\/ichef.bbci.co.uk\/news\/240\/cpsprodpb\/043B\/production\/_125538010_gettyimages-1241194227.jpg 240w, https:\/\/ichef.bbci.co.uk\/news\/320\/cpsprodpb\/043B\/production\/_125538010_gettyimages-1241194227.jpg 320w, https:\/\/ichef.bbci.co.uk\/news\/480\/cpsprodpb\/043B\/production\/_125538010_gettyimages-1241194227.jpg 480w, https:\/\/ichef.bbci.co.uk\/news\/624\/cpsprodpb\/043B\/production\/_125538010_gettyimages-1241194227.jpg 624w, https:\/\/ichef.bbci.co.uk\/news\/800\/cpsprodpb\/043B\/production\/_125538010_gettyimages-1241194227.jpg 800w\" type=\"image\/jpeg\" sizes=\"(min-width: 1008px) 645px, 100vw\"><img loading=\"lazy\" src=\"http:\/\/nuevacordoba.net\/wp-content\/uploads\/2022\/06\/gustavo-petro-5-contrapesos-que-enfrenta-el-primer-gobierno-de-izquierda-en-colombia-6.jpg\" alt=\"Dos soldados en un tanque de guerra, San Vicente del Cagu\u00e1n, 2022.\" width=\"976\" height=\"549\" class=\"eehpdyc0 bbc-rb7xa0 e11uq3260\"><\/picture><\/noscript><\/p>\n<p role=\"text\" class=\"bbc-1s1cxbv eynndk20\"><span class=\"bbc-1gnhmg2 evnljr50\">Fuente de la imagen, <\/span><span lang=\"en-GB\">Getty Images<\/span><\/p>\n<\/div>\n<\/div>\n<div dir=\"ltr\" class=\"bbc-3edg7g essoxwk0\" readability=\"6\"><figcaption dir=\"ltr\" class=\"bbc-rhuvwm epgcavl0\" readability=\"2\"><span class=\"bbc-1gnhmg2 evnljr50\">Pie de foto, <\/span><\/p>\n<p>La relaci\u00f3n de los militares con Gustavo Petro ha suscitado especulaciones.<\/p>\n<\/figcaption><\/div>\n<\/div>\n<\/figure>\n<\/div>\n<p><h2 id=\"5-Los-militares\" tabindex=\"-1\" class=\"bbc-l3e97o e1hixjf30\">5. Los militares<\/h2>\n<\/p>\n<div dir=\"ltr\" class=\"bbc-19j92fr essoxwk0\" readability=\"12\">\n<p dir=\"ltr\" class=\"bbc-bm53ic e1cc2ql70\">La llegada de Petro a la presidencia de Colombia ha generado mucha curiosidad y especulaci\u00f3n sobre la relaci\u00f3n que tendr\u00e1 con la Fuerza P\u00fablica (Ej\u00e9rcito, Polic\u00eda Nacional, Armada y Fuerza A\u00e9rea), una vez se posesione en el cargo.<\/p>\n<\/div>\n<div dir=\"ltr\" class=\"bbc-19j92fr essoxwk0\" readability=\"11\">\n<p dir=\"ltr\" class=\"bbc-bm53ic e1cc2ql70\">El mayor general Eduardo Zapateiro, jefe del Ej\u00e9rcito colombiano, mantuvo en campa\u00f1a una disputa por twitter con el ahora presidente electo, al que critic\u00f3 con dureza.<\/p>\n<\/div>\n<div dir=\"ltr\" class=\"bbc-19j92fr essoxwk0\" readability=\"11\">\n<p dir=\"ltr\" class=\"bbc-bm53ic e1cc2ql70\">El domingo en la noche, ante el triunfo de Petro, ya se rumoreaba con la renuncia de Zapateiro, representante m\u00e1s notable del ala dura y conservadora de los militares.<\/p>\n<\/div>\n<div dir=\"ltr\" class=\"bbc-19j92fr essoxwk0\" readability=\"8\">\n<p dir=\"ltr\" class=\"bbc-bm53ic e1cc2ql70\">Algunas voces han incluso sugerido la posibilidad de un golpe de Estado. \u00bfQu\u00e9 tan determinantes ser\u00e1n los militares en la gobernabilidad de Petro? <b>\u00bfEs viable un golpe de Estado?<\/b><\/p>\n<\/div>\n<div dir=\"ltr\" class=\"bbc-19j92fr essoxwk0\" readability=\"14\">\n<p dir=\"ltr\" class=\"bbc-bm53ic e1cc2ql70\">\u00abYo no lo veo. Primero porque se han dividido; segundo, no tienen una figura que eventualmente hubiera podido tener alg\u00fan respaldo pol\u00edtico. Y en los militares y en los polic\u00edas no es f\u00e1cil que alguien en retiro vuelva y lo respeten\u00bb, dice Andr\u00e9s D\u00e1vila, profesor titular de Ciencia Pol\u00edtica de la Universidad Javeriana, en Bogot\u00e1.<\/p>\n<\/div>\n<div dir=\"ltr\" class=\"bbc-19j92fr essoxwk0\" readability=\"11\">\n<p dir=\"ltr\" class=\"bbc-bm53ic e1cc2ql70\">\u00abTienen adem\u00e1s unas reglas que hay que respetar por encima de todo. Y los casi 500.000 miembros de la fuerza p\u00fablica est\u00e1n m\u00e1s preocupados por mantener su salario, sus primas y no se van a meter en una aventura\u00bb, a\u00f1ade.<\/p>\n<\/div>\n<div dir=\"ltr\" class=\"bbc-19j92fr essoxwk0\" readability=\"14\">\n<p dir=\"ltr\" class=\"bbc-bm53ic e1cc2ql70\">\u00ab\u00bfQu\u00e9 es lo que se encuentra el presidente? Unas fuerzas que se cayeron en las encuestas, que est\u00e1n deslegitimadas, que est\u00e1n divididas internamente y por eso hay tanto esc\u00e1ndalo de corrupci\u00f3n\u00bb, ilustra D\u00e1vila, que ha investigado ampliamente las relaciones civiles-militares y el conflicto armado en Colombia.<\/p>\n<\/div>\n<div dir=\"ltr\" class=\"bbc-1ka88fa essoxwk0\">\n<figure class=\"bbc-1qdcvv9 e170cyvj0\">\n<div dir=\"ltr\" class=\"bbc-172p16q essoxwk0\">\n<div dir=\"ltr\" class=\"bbc-189y18v essoxwk0\" readability=\"6.5\">\n<div data-e2e=\"image-placeholder\" class=\"bbc-997y1y ezb2r2b0\" readability=\"8\"><noscript><picture class=\"bbc-yfiktt e11uq3261\"><source srcset=\"http:\/\/nuevacordoba.net\/wp-content\/uploads\/2022\/06\/gustavo-petro-5-contrapesos-que-enfrenta-el-primer-gobierno-de-izquierda-en-colombia-30.webp 240w, http:\/\/nuevacordoba.net\/wp-content\/uploads\/2022\/06\/gustavo-petro-5-contrapesos-que-enfrenta-el-primer-gobierno-de-izquierda-en-colombia-31.webp 320w, http:\/\/nuevacordoba.net\/wp-content\/uploads\/2022\/06\/gustavo-petro-5-contrapesos-que-enfrenta-el-primer-gobierno-de-izquierda-en-colombia-32.webp 480w, http:\/\/nuevacordoba.net\/wp-content\/uploads\/2022\/06\/gustavo-petro-5-contrapesos-que-enfrenta-el-primer-gobierno-de-izquierda-en-colombia-33.webp 624w, http:\/\/nuevacordoba.net\/wp-content\/uploads\/2022\/06\/gustavo-petro-5-contrapesos-que-enfrenta-el-primer-gobierno-de-izquierda-en-colombia-34.webp 800w\" type=\"image\/webp\" sizes=\"(min-width: 1008px) 645px, 100vw\"><source srcset=\"https:\/\/ichef.bbci.co.uk\/news\/240\/cpsprodpb\/7713\/production\/_125538403_zapateiro.jpg 240w, https:\/\/ichef.bbci.co.uk\/news\/320\/cpsprodpb\/7713\/production\/_125538403_zapateiro.jpg 320w, https:\/\/ichef.bbci.co.uk\/news\/480\/cpsprodpb\/7713\/production\/_125538403_zapateiro.jpg 480w, https:\/\/ichef.bbci.co.uk\/news\/624\/cpsprodpb\/7713\/production\/_125538403_zapateiro.jpg 624w, https:\/\/ichef.bbci.co.uk\/news\/800\/cpsprodpb\/7713\/production\/_125538403_zapateiro.jpg 800w\" type=\"image\/jpeg\" sizes=\"(min-width: 1008px) 645px, 100vw\"><img loading=\"lazy\" src=\"http:\/\/nuevacordoba.net\/wp-content\/uploads\/2022\/06\/gustavo-petro-5-contrapesos-que-enfrenta-el-primer-gobierno-de-izquierda-en-colombia-7.jpg\" alt=\"Mayor General Eduardo Zapateiro.\" width=\"976\" height=\"549\" class=\"eehpdyc0 bbc-rb7xa0 e11uq3260\"><\/picture><\/noscript><\/p>\n<p role=\"text\" class=\"bbc-1s1cxbv eynndk20\"><span class=\"bbc-1gnhmg2 evnljr50\">Fuente de la imagen, <\/span><span lang=\"en-GB\">Getty Images<\/span><\/p>\n<\/div>\n<\/div>\n<\/div>\n<\/figure>\n<\/div>\n<div dir=\"ltr\" class=\"bbc-19j92fr essoxwk0\" readability=\"14\">\n<p dir=\"ltr\" class=\"bbc-bm53ic e1cc2ql70\">Un elemento que ha fracturado enormemente a los militares, particularmente al ej\u00e9rcito, seg\u00fan D\u00e1vila, es que algunos se han sometido al tribunal de justicia transicional, JEP, despu\u00e9s de que se firm\u00f3 el proceso de paz con las FARC durante el gobierno de Juan Manuel Santos.<\/p>\n<\/div>\n<div dir=\"ltr\" class=\"bbc-19j92fr essoxwk0\" readability=\"14\">\n<p dir=\"ltr\" class=\"bbc-bm53ic e1cc2ql70\">\u00abUno podr\u00eda decir que la divisi\u00f3n, por ejemplo, en el Ej\u00e9rcito es de santistas versus uribistas, pero cuando uno conoce un poquito m\u00e1s adentro sabe que no son solo dos bandos, son muchos bandos\u00bb, sostiene D\u00e1vila.<\/p>\n<\/div>\n<div dir=\"ltr\" class=\"bbc-19j92fr essoxwk0\" readability=\"14\">\n<p dir=\"ltr\" class=\"bbc-bm53ic e1cc2ql70\">\u00abSin duda debe haber muchos militares a los que internamente les parece terrible que un exguerrillero sea el presidente y su comandante en jefe y como en cualquier ejercicio, pues puede ser que algunos pedir\u00e1n la baja y se ir\u00e1n (\u2026) Pero para muchos estar en el ej\u00e9rcito, es \u00abla papita\u00bb del d\u00eda a d\u00eda, la salud, la pensi\u00f3n\u00bb.<\/p>\n<\/div>\n<div dir=\"ltr\" class=\"bbc-19j92fr essoxwk0\" readability=\"13\">\n<p dir=\"ltr\" class=\"bbc-bm53ic e1cc2ql70\">\u00abY, adem\u00e1s, ellos creen en defender la institucionalidad, respetar la democracia y de subordinarse al poder civil\u00bb, destaca D\u00e1vila que estuvo al frente de los planes de desarrollo y pol\u00edtica de seguridad de las Fuerza P\u00fablica entre 2001 y 2007. <\/p>\n<\/div>\n<div dir=\"ltr\" class=\"bbc-19j92fr essoxwk0\" readability=\"10\">\n<p dir=\"ltr\" class=\"bbc-bm53ic e1cc2ql70\">Al igual que en el tema de la econom\u00eda, la relaci\u00f3n con los militares y la polic\u00eda depende de c\u00f3mo lo maneje el presidente electo, seg\u00fan D\u00e1vila.<\/p>\n<\/div>\n<div dir=\"ltr\" class=\"bbc-19j92fr essoxwk0\" readability=\"10\">\n<p dir=\"ltr\" class=\"bbc-bm53ic e1cc2ql70\">\u00abDepender\u00e1 de la inteligencia de Petro porque no encontrar\u00e1 un monolito. Hay unos oficiales que lo han respaldado y lo que he o\u00eddo es que quiere poner a un general retirado en el ministerio de Defensa\u00bb, agrega D\u00e1vila.<\/p>\n<\/div>\n<div dir=\"ltr\" class=\"bbc-1ka88fa essoxwk0\">\n<figure class=\"bbc-1qdcvv9 e170cyvj0\">\n<div dir=\"ltr\" class=\"bbc-172p16q essoxwk0\">\n<div dir=\"ltr\" class=\"bbc-189y18v essoxwk0\" readability=\"6.5\">\n<div data-e2e=\"image-placeholder\" class=\"bbc-997y1y ezb2r2b0\" readability=\"8\"><noscript><picture class=\"bbc-yfiktt e11uq3261\"><source srcset=\"http:\/\/nuevacordoba.net\/wp-content\/uploads\/2022\/06\/gustavo-petro-5-contrapesos-que-enfrenta-el-primer-gobierno-de-izquierda-en-colombia-35.webp 240w, http:\/\/nuevacordoba.net\/wp-content\/uploads\/2022\/06\/gustavo-petro-5-contrapesos-que-enfrenta-el-primer-gobierno-de-izquierda-en-colombia-36.webp 320w, http:\/\/nuevacordoba.net\/wp-content\/uploads\/2022\/06\/gustavo-petro-5-contrapesos-que-enfrenta-el-primer-gobierno-de-izquierda-en-colombia-37.webp 480w, http:\/\/nuevacordoba.net\/wp-content\/uploads\/2022\/06\/gustavo-petro-5-contrapesos-que-enfrenta-el-primer-gobierno-de-izquierda-en-colombia-38.webp 624w, http:\/\/nuevacordoba.net\/wp-content\/uploads\/2022\/06\/gustavo-petro-5-contrapesos-que-enfrenta-el-primer-gobierno-de-izquierda-en-colombia-39.webp 800w\" type=\"image\/webp\" sizes=\"(min-width: 1008px) 645px, 100vw\"><source srcset=\"https:\/\/ichef.bbci.co.uk\/news\/240\/cpsprodpb\/52AE\/production\/_125366112_gettyimages-1241401152.jpg 240w, https:\/\/ichef.bbci.co.uk\/news\/320\/cpsprodpb\/52AE\/production\/_125366112_gettyimages-1241401152.jpg 320w, https:\/\/ichef.bbci.co.uk\/news\/480\/cpsprodpb\/52AE\/production\/_125366112_gettyimages-1241401152.jpg 480w, https:\/\/ichef.bbci.co.uk\/news\/624\/cpsprodpb\/52AE\/production\/_125366112_gettyimages-1241401152.jpg 624w, https:\/\/ichef.bbci.co.uk\/news\/800\/cpsprodpb\/52AE\/production\/_125366112_gettyimages-1241401152.jpg 800w\" type=\"image\/jpeg\" sizes=\"(min-width: 1008px) 645px, 100vw\"><img loading=\"lazy\" src=\"http:\/\/nuevacordoba.net\/wp-content\/uploads\/2022\/06\/gustavo-petro-5-contrapesos-que-enfrenta-el-primer-gobierno-de-izquierda-en-colombia-8.jpg\" alt=\"Gustavo Petro vota con su hija.\" width=\"976\" height=\"549\" class=\"eehpdyc0 bbc-rb7xa0 e11uq3260\"><\/picture><\/noscript><\/p>\n<p role=\"text\" class=\"bbc-1s1cxbv eynndk20\"><span class=\"bbc-1gnhmg2 evnljr50\">Fuente de la imagen, <\/span><span lang=\"en-GB\">Getty Images<\/span><\/p>\n<\/div>\n<\/div>\n<div dir=\"ltr\" class=\"bbc-3edg7g essoxwk0\" readability=\"6\"><figcaption dir=\"ltr\" class=\"bbc-rhuvwm epgcavl0\" readability=\"2\"><span class=\"bbc-1gnhmg2 evnljr50\">Pie de foto, <\/span><\/p>\n<p>Petro gan\u00f3 la presidencia en su tercer intento.<\/p>\n<\/figcaption><\/div>\n<\/div>\n<\/figure>\n<\/div>\n<div dir=\"ltr\" class=\"bbc-1ka88fa essoxwk0\">\n<figure class=\"bbc-1qdcvv9 e170cyvj0\">\n<div dir=\"ltr\" class=\"bbc-172p16q essoxwk0\">\n<div dir=\"ltr\" class=\"bbc-189y18v essoxwk0\">\n<div data-e2e=\"image-placeholder\" class=\"bbc-997y1y ezb2r2b0\"><noscript><picture class=\"bbc-yfiktt e11uq3261\"><source srcset=\"http:\/\/nuevacordoba.net\/wp-content\/uploads\/2022\/06\/gustavo-petro-5-contrapesos-que-enfrenta-el-primer-gobierno-de-izquierda-en-colombia-40.webp 240w, http:\/\/nuevacordoba.net\/wp-content\/uploads\/2022\/06\/gustavo-petro-5-contrapesos-que-enfrenta-el-primer-gobierno-de-izquierda-en-colombia-41.webp 320w, http:\/\/nuevacordoba.net\/wp-content\/uploads\/2022\/06\/gustavo-petro-5-contrapesos-que-enfrenta-el-primer-gobierno-de-izquierda-en-colombia-42.webp 464w\" type=\"image\/webp\" sizes=\"(min-width: 1008px) 645px, 100vw\"><source srcset=\"https:\/\/ichef.bbci.co.uk\/news\/240\/cpsprodpb\/11338\/production\/_112765407_line976.jpg 240w, https:\/\/ichef.bbci.co.uk\/news\/320\/cpsprodpb\/11338\/production\/_112765407_line976.jpg 320w, https:\/\/ichef.bbci.co.uk\/news\/464\/cpsprodpb\/11338\/production\/_112765407_line976.jpg 464w\" type=\"image\/jpeg\" sizes=\"(min-width: 1008px) 645px, 100vw\"><img loading=\"lazy\" src=\"http:\/\/nuevacordoba.net\/wp-content\/uploads\/2022\/06\/gustavo-petro-5-contrapesos-que-enfrenta-el-primer-gobierno-de-izquierda-en-colombia-9.jpg\" alt=\"L\u00ednea\" width=\"464\" height=\"2\" class=\"eehpdyc0 bbc-rb7xa0 e11uq3260\"><\/picture><\/noscript><\/div>\n<\/div>\n<\/div>\n<\/figure>\n<\/div>\n<div dir=\"ltr\" class=\"bbc-19j92fr essoxwk0\" readability=\"8\">\n<p dir=\"ltr\" class=\"bbc-bm53ic e1cc2ql70\"><i class=\"bbc-h1y5j7 ewc4zcb0\">Recuerda que <\/i><i class=\"bbc-h1y5j7 ewc4zcb0\">puedes recibir notificaciones de BBC Mundo. Descarga la nueva versi\u00f3n de nuestra app y act\u00edvalas para no perderte nuestro mejor contenido.<\/i><\/p>\n<\/div>\n","protected":false},"excerpt":{"rendered":"<p>Natalia Guerrero @nnguerrero BBC News Mundo 20 junio 2022, 13:21 GMT Fuente de la imagen, Getty Images Pie de foto, Gustavo Petro es el primer presidente de izquierda elegido en la historia reciente de Colombia. Colombia vivi\u00f3 este domingo un d\u00eda in\u00e9dito: el exguerrillero Gustavo Petro Urrego se convirti\u00f3 en el primer presidente de la [&hellip;]<\/p>\n","protected":false},"author":1,"featured_media":21061,"comment_status":"closed","ping_status":"closed","sticky":false,"template":"","format":"standard","meta":[],"categories":[13],"tags":[],"_links":{"self":[{"href":"http:\/\/nuevacordoba.net\/index.php\/wp-json\/wp\/v2\/posts\/21060"}],"collection":[{"href":"http:\/\/nuevacordoba.net\/index.php\/wp-json\/wp\/v2\/posts"}],"about":[{"href":"http:\/\/nuevacordoba.net\/index.php\/wp-json\/wp\/v2\/types\/post"}],"author":[{"embeddable":true,"href":"http:\/\/nuevacordoba.net\/index.php\/wp-json\/wp\/v2\/users\/1"}],"replies":[{"embeddable":true,"href":"http:\/\/nuevacordoba.net\/index.php\/wp-json\/wp\/v2\/comments?post=21060"}],"version-history":[{"count":0,"href":"http:\/\/nuevacordoba.net\/index.php\/wp-json\/wp\/v2\/posts\/21060\/revisions"}],"wp:featuredmedia":[{"embeddable":true,"href":"http:\/\/nuevacordoba.net\/index.php\/wp-json\/wp\/v2\/media\/21061"}],"wp:attachment":[{"href":"http:\/\/nuevacordoba.net\/index.php\/wp-json\/wp\/v2\/media?parent=21060"}],"wp:term":[{"taxonomy":"category","embeddable":true,"href":"http:\/\/nuevacordoba.net\/index.php\/wp-json\/wp\/v2\/categories?post=21060"},{"taxonomy":"post_tag","embeddable":true,"href":"http:\/\/nuevacordoba.net\/index.php\/wp-json\/wp\/v2\/tags?post=21060"}],"curies":[{"name":"wp","href":"https:\/\/api.w.org\/{rel}","templated":true}]}}