{"id":21080,"date":"2022-06-21T07:26:11","date_gmt":"2022-06-21T07:26:11","guid":{"rendered":"http:\/\/nuevacordoba.net\/index.php\/2022\/06\/21\/mas-de-130-civiles-muertos-por-ataques-terroristas-en-mali\/"},"modified":"2022-06-21T07:26:11","modified_gmt":"2022-06-21T07:26:11","slug":"mas-de-130-civiles-muertos-por-ataques-terroristas-en-mali","status":"publish","type":"post","link":"http:\/\/nuevacordoba.net\/index.php\/2022\/06\/21\/mas-de-130-civiles-muertos-por-ataques-terroristas-en-mali\/","title":{"rendered":"M\u00e1s de 130 civiles muertos por ataques terroristas en Mal\u00ed"},"content":{"rendered":"<figure class=\"mb-3\"><img loading=\"lazy\" src=\"http:\/\/nuevacordoba.net\/wp-content\/uploads\/2022\/06\/mas-de-130-civiles-muertos-por-ataques-terroristas-en-mali.jpg\" width=\"100%\" height=\"100%\" alt=\"Sigue la violencia terrorista en Mal con ms de un centenar de vctimas\"><figcaption> Sigue la violencia terrorista en Mal\u00ed con m\u00e1s de un centenar de v\u00edctimas <\/figcaption><\/figure>\n<p>M\u00e1s de 130 personas fueron asesinadas en los \u00faltimos tres d\u00edas en ciudades del centro de Mal\u00ed en ataques atribuidos por el gobierno del pa\u00eds africano a yihadistas afiliados a Al Qaida, informaron hoy fuentes locales. <strong>\u00abMilitantes del grupo Katiba Macina, grupo yihadista aliado a la organizaci\u00f3n terrorista Al Qaeda, asesinaron a sangre fr\u00eda a 132 civiles\u00bb<\/strong>, dice un comunicado, citado por la agencia AFP.<\/p>\n<p><strong>Los ataques se produjeron contra la ciudad de Diallassagou,<\/strong> en la regi\u00f3n de Mopti, as\u00ed como en los asentamientos cercanos de Diaveli y Dessagou, en el centro de Mali, ex colonia francesa.<\/p>\n<p>Nouhoum Togo, un concejal de Bankass, principal localidad del sector, inform\u00f3 en las redes sociales de que el n\u00famero de v\u00edctimas era mucho mayor al balance oficial del gobierno, de 132 muertos.&nbsp;<\/p>\n<p>Seg\u00fan explic\u00f3 Togo, hace dos semanas el ej\u00e9rcito fue desplegado en la zona, lo cual dio lugar a enfrentamientos con los yihadistas.<\/p>\n<p>Varias decenas de estos \u00faltimos habr\u00edan regresado en moto el viernes, explic\u00f3 el representante electo, para vengarse de la poblaci\u00f3n.<\/p>\n<p><strong>\u00abLlegaron y le dijeron a la gente: &#8216;ustedes no son musulmanes&#8217;, en lengua peul, y se llevaron a los hombres, a un centenar. A unos dos kil\u00f3metros, mataron a la gente de forma sistem\u00e1tica\u00bb<\/strong>, afirm\u00f3.<\/p>\n<p>El gobierno acus\u00f3 al grupo Katiba Macina, liderado por el predicador Amadou Kouffa, de los ataques.<\/p>\n<blockquote class=\"twitter-tweet\" readability=\"6.4657534246575\">\n<p lang=\"es\" dir=\"ltr\">Al menos 132 civiles murieron en los ataques perpetrados por presuntos yihadistas este fin de semana en tres localidades del centro de <a href=\"https:\/\/twitter.com\/hashtag\/Mali?src=hash&amp;ref_src=twsrc%5Etfw\">#Mali<\/a>, inform\u00f3 hoy el gobierno transitorio maliense en un comunicado. M\u00e1s en <a href=\"https:\/\/twitter.com\/EFEnoticias?ref_src=twsrc%5Etfw\">@EFEnoticias<\/a> <a href=\"https:\/\/t.co\/YJTX0hAMx9\">pic.twitter.com\/YJTX0hAMx9<\/a><\/p>\n<p>\u2014 EFE Rabat (@eferabat) <a href=\"https:\/\/twitter.com\/eferabat\/status\/1538963269351882754?ref_src=twsrc%5Etfw\">June 20, 2022<\/a><\/p><\/blockquote>\n<p><strong>El conflicto armado, en Mal\u00ed, entre las fuerzas gubernamentales y los militantes de varios grupos separatistas e islamistas comenz\u00f3 en 2012.<\/strong><\/p>\n<p>Para contener la confrontaci\u00f3n, se despleg\u00f3 una misi\u00f3n de paz de la ONU, que es atacada regularmente por militantes.<\/p>\n<p>Desde que en 2015 apareci\u00f3 en el centro de Mal\u00ed esta organizaci\u00f3n afiliada al grupo Al Qaida, la regi\u00f3n ha sido escenario de agresiones yihadistas, de milicias autoproclamadas de autodefensa y de combates intercomunitarios. Gran parte del \u00e1rea escapa al control del Gobierno central. &nbsp;<\/p>\n<p><strong>Mal\u00ed est\u00e1 sumido en una profunda crisis de seguridad, pol\u00edtica y humanitaria <\/strong>desde el estallido de insurgencias independentista y yihadista en 2012.&nbsp;<\/p>\n<p>La propagaci\u00f3n del yihadismo se ha extendido al centro de Mal\u00ed y a los pa\u00edses vecinos, Burkina Faso y N\u00edger.<\/p>\n<p>En este contexto,sentido, <strong>la Uni\u00f3n Europea (UE) incorpor\u00f3 este lunes a tres comandantes yihadistas vinculados a Al-Qaeda en \u00c1frica occidental a su lista de sanciones<\/strong>, por su vinculaci\u00f3n con ataques perpetrados en Mal\u00ed y Burkina Faso<\/p>\n<p>Sidan Ag-Hitta&nbsp;y Salem ould Breihmatt, altos comandantes de Jama&#8217;at Nusrat al-Islam Wal-Muslimin (JNIM).fueron a\u00f1adidos a la lista del bloque,.<\/p>\n<p>Tambi\u00e9n fueron sancionados la rama de esa organizaci\u00f3n en Burkina Faso, Ansarul Islam, as\u00ed como su principal l\u00edder, Jafar Dicko.<\/p>\n<p>\u00abEl grupo y las personas sancionadas son responsables de varios ataques terroristas, incluso contra civiles, la misi\u00f3n de mantenimiento de la paz de la ONU en Mal\u00ed y las fuerzas de defensa y seguridad en Burkina Faso\u00bb, se\u00f1al\u00f3 la UE en un comunicado. <\/p>\n","protected":false},"excerpt":{"rendered":"<p>Sigue la violencia terrorista en Mal\u00ed con m\u00e1s de un centenar de v\u00edctimas M\u00e1s de 130 personas fueron asesinadas en los \u00faltimos tres d\u00edas en ciudades del centro de Mal\u00ed en ataques atribuidos por el gobierno del pa\u00eds africano a yihadistas afiliados a Al Qaida, informaron hoy fuentes locales. \u00abMilitantes del grupo Katiba Macina, grupo [&hellip;]<\/p>\n","protected":false},"author":1,"featured_media":21081,"comment_status":"closed","ping_status":"closed","sticky":false,"template":"","format":"standard","meta":[],"categories":[13],"tags":[],"_links":{"self":[{"href":"http:\/\/nuevacordoba.net\/index.php\/wp-json\/wp\/v2\/posts\/21080"}],"collection":[{"href":"http:\/\/nuevacordoba.net\/index.php\/wp-json\/wp\/v2\/posts"}],"about":[{"href":"http:\/\/nuevacordoba.net\/index.php\/wp-json\/wp\/v2\/types\/post"}],"author":[{"embeddable":true,"href":"http:\/\/nuevacordoba.net\/index.php\/wp-json\/wp\/v2\/users\/1"}],"replies":[{"embeddable":true,"href":"http:\/\/nuevacordoba.net\/index.php\/wp-json\/wp\/v2\/comments?post=21080"}],"version-history":[{"count":0,"href":"http:\/\/nuevacordoba.net\/index.php\/wp-json\/wp\/v2\/posts\/21080\/revisions"}],"wp:featuredmedia":[{"embeddable":true,"href":"http:\/\/nuevacordoba.net\/index.php\/wp-json\/wp\/v2\/media\/21081"}],"wp:attachment":[{"href":"http:\/\/nuevacordoba.net\/index.php\/wp-json\/wp\/v2\/media?parent=21080"}],"wp:term":[{"taxonomy":"category","embeddable":true,"href":"http:\/\/nuevacordoba.net\/index.php\/wp-json\/wp\/v2\/categories?post=21080"},{"taxonomy":"post_tag","embeddable":true,"href":"http:\/\/nuevacordoba.net\/index.php\/wp-json\/wp\/v2\/tags?post=21080"}],"curies":[{"name":"wp","href":"https:\/\/api.w.org\/{rel}","templated":true}]}}