{"id":21090,"date":"2022-06-21T03:04:07","date_gmt":"2022-06-21T03:04:07","guid":{"rendered":"https:\/\/puntoapunto.com.ar\/?p=334626"},"modified":"2022-06-21T03:04:07","modified_gmt":"2022-06-21T03:04:07","slug":"kikuchi-en-cordoba-a-que-vino-el-armador-nacional-de-milei","status":"publish","type":"post","link":"http:\/\/nuevacordoba.net\/index.php\/2022\/06\/21\/kikuchi-en-cordoba-a-que-vino-el-armador-nacional-de-milei\/","title":{"rendered":"Kikuchi en C\u00f3rdoba: a qu\u00e9 vino el armador nacional de Milei"},"content":{"rendered":"<div class=\"g g-35\">\n<div class=\"g-single a-29\"><a class=\"gofollow\" data-track=\"MjksMzUsMSw2MA==\" href=\"https:\/\/www.harmoniechateau.com.ar\/\" target=\"_blank\" rel=\"noopener\"><img src=\"http:\/\/nuevacordoba.net\/wp-content\/uploads\/2022\/06\/kikuchi-en-cordoba-a-que-vino-el-armador-nacional-de-milei.gif\"><\/a><\/div>\n<\/div>\n<p>Se trata de uno de los principales distritos, despu\u00e9s de Buenos Aires, para las aspiraciones presidenciales de Javier Milei en 2023 y no quieren sorpresas. Por ese motivo, el l\u00edder de La Libertad Avanza envi\u00f3 a esta provincia a su principal armador, Carlos Kikuchi a \u201cponer un poco de orden\u201d y \u201cacercar las partes\u201d que van conformando la fuerza del espacio libertario.<\/p>\n<p>Kikuchi, hombre de extrema confianza de Milei, lleg\u00f3 para sentar las bases para el armado de una mesa pol\u00edtica que estar\u00e1 conformada por Rodolfo Eiben (l\u00edder del Partido Dem\u00f3crata en C\u00f3rdoba), Cecilia Ib\u00e1\u00f1ez (MID) y Abelardo Losano, el exconcejal del PRO, que ocupar\u00e1 el lugar de Agust\u00edn Spacessi, quien agredi\u00f3 a un automovilista, fue imputado y baj\u00f3 su nivel de exposici\u00f3n.<\/p>\n<p>La conformaci\u00f3n de la mesa fue uno de los puntos de tensi\u00f3n, ya que algunos no quieren la presencia de Spacessi. \u201cPor ahora no est\u00e1. Su lugar lo va a ocupar Losano y m\u00e1s adelante se ver\u00e1\u201d, sostuvo una fuente consultada por este medio.<\/p>\n<p>En una de las reuniones en las que encabez\u00f3 Kikuchi participaron unos 120 dirigentes del interior. \u201cEso es muy bueno, porque se arm\u00f3 en poco tiempo y esto nos permite vislumbrar que vamos a tener presencia en toda la Provincia\u201d, sostuvo Eiben, dejando en claro que Kikuchi se fue muy conforme, y de hecho as\u00ed lo manifest\u00f3 en Twitter.<\/p>\n<p><strong>Qu\u00e9 falta.&nbsp;<\/strong>Uno de los principales pedidos que se llev\u00f3 el asesor de Milei fue el armado de un equipo de campa\u00f1a para el candidato libertario. \u201cHay que hablar de los temas que le interesan a la gente. Milei es muy honesto y frontal y eso a veces le va a jugar en contra, como pas\u00f3 con el tema de la portaci\u00f3n de armas y la venta de \u00f3rganos\u201d, sostuvo Eiben.<\/p>\n<p>Desde C\u00f3rdoba, donde consideran que el l\u00edder libertario tiene una de las estructuras mejor armadas del pa\u00eds, junto a Mendoza, hicieron saber su preocupaci\u00f3n por la ca\u00edda en la imagen de Milei a partir de esas declaraciones. \u201cIgual, falta mucho y en los temas que est\u00e1n en agenda, Javier se mueve como pez en el agua. Ya pas\u00f3 lo de la ca\u00edda de imagen\u201d, dicen.<\/p>\n<p>El armado del equipo de campa\u00f1a tiene adem\u00e1s otro objetivo: neutralizar los ataques que est\u00e1 recibiendo Milei \u201cdesde los que pidieron su historia cl\u00ednica, hasta los que se preguntan qui\u00e9n lo financia. Estar\u00eda bueno saber c\u00f3mo se financia Rodr\u00edguez Larreta y Patricia Bullrich: hay que ver si ellos lo pueden explicar\u201d.<\/p>\n<p>Respecto a una potencial alianza con Macri, Eiben precis\u00f3 que \u201cahora es el momento de hablar con todos. Despu\u00e9s se ver\u00e1 qu\u00e9 sucede, falta mucho. Javier ya lo dijo: si tiene que participar de unas Paso lo va a hacer\u201d.<\/p>\n","protected":false},"excerpt":{"rendered":"<p>Se trata de uno de los principales distritos, despu\u00e9s de Buenos Aires, para las aspiraciones presidenciales de Javier Milei en 2023 y no quieren sorpresas. Por ese motivo, el l\u00edder de La Libertad Avanza envi\u00f3 a esta provincia a su principal armador, Carlos Kikuchi a \u201cponer un poco de orden\u201d y \u201cacercar las partes\u201d que [&hellip;]<\/p>\n","protected":false},"author":1,"featured_media":21091,"comment_status":"open","ping_status":"closed","sticky":false,"template":"","format":"standard","meta":[],"categories":[12,14],"tags":[],"_links":{"self":[{"href":"http:\/\/nuevacordoba.net\/index.php\/wp-json\/wp\/v2\/posts\/21090"}],"collection":[{"href":"http:\/\/nuevacordoba.net\/index.php\/wp-json\/wp\/v2\/posts"}],"about":[{"href":"http:\/\/nuevacordoba.net\/index.php\/wp-json\/wp\/v2\/types\/post"}],"author":[{"embeddable":true,"href":"http:\/\/nuevacordoba.net\/index.php\/wp-json\/wp\/v2\/users\/1"}],"replies":[{"embeddable":true,"href":"http:\/\/nuevacordoba.net\/index.php\/wp-json\/wp\/v2\/comments?post=21090"}],"version-history":[{"count":0,"href":"http:\/\/nuevacordoba.net\/index.php\/wp-json\/wp\/v2\/posts\/21090\/revisions"}],"wp:featuredmedia":[{"embeddable":true,"href":"http:\/\/nuevacordoba.net\/index.php\/wp-json\/wp\/v2\/media\/21091"}],"wp:attachment":[{"href":"http:\/\/nuevacordoba.net\/index.php\/wp-json\/wp\/v2\/media?parent=21090"}],"wp:term":[{"taxonomy":"category","embeddable":true,"href":"http:\/\/nuevacordoba.net\/index.php\/wp-json\/wp\/v2\/categories?post=21090"},{"taxonomy":"post_tag","embeddable":true,"href":"http:\/\/nuevacordoba.net\/index.php\/wp-json\/wp\/v2\/tags?post=21090"}],"curies":[{"name":"wp","href":"https:\/\/api.w.org\/{rel}","templated":true}]}}