{"id":21100,"date":"2022-06-21T18:17:29","date_gmt":"2022-06-21T18:17:29","guid":{"rendered":"https:\/\/cordoba.gob.ar\/?p=26892"},"modified":"2022-06-21T18:17:29","modified_gmt":"2022-06-21T18:17:29","slug":"llaryora-inauguro-el-aula-21-y-encabezo-la-promesa-a-la-bandera-en-la-escuela-santiago-del-castillo","status":"publish","type":"post","link":"http:\/\/nuevacordoba.net\/index.php\/2022\/06\/21\/llaryora-inauguro-el-aula-21-y-encabezo-la-promesa-a-la-bandera-en-la-escuela-santiago-del-castillo\/","title":{"rendered":"LLaryora inaugur\u00f3 el aula 21 y encabez\u00f3 la promesa a la bandera en la escuela Santiago del Castillo"},"content":{"rendered":"<div><img src=\"http:\/\/nuevacordoba.net\/wp-content\/uploads\/2022\/06\/llaryora-inauguro-el-aula-21-y-encabezo-la-promesa-a-la-bandera-en-la-escuela-santiago-del-castillo.jpg\" class=\"ff-og-image-inserted\"><\/div>\n<ul>\n<li><strong>Fue en el acto por el D\u00eda de la Bandera realizado por la Municipalidad de C\u00f3rdoba en la instituci\u00f3n de barrio Rosedal Anexo.<\/strong><\/li>\n<li><strong>En 2020 el intendente hab\u00eda anunciado la ampliaci\u00f3n del edificio escolar y su incorporaci\u00f3n al programa PIEnsA.<\/strong><\/li>\n<li><strong>\u201cEsta escuela pas\u00f3 de no tener gas a tener wifi, tablets, robots y un programa educativo de los mejores de la provincia y del interior de Argentina\u201d, destac\u00f3 el intendente.<\/strong><\/li>\n<\/ul>\n<hr>\n<p>El intendente Mart\u00edn Llaryora encabez\u00f3 este martes el acto de promesa a la bandera de alumnos de cuarto grado la escuela municipal Santiago del Castillo, en barrio Rosedal Anexo.<\/p>\n<p>En el mismo acto qued\u00f3 formalmente inaugurada una nueva aula que ampl\u00eda la capacidad de la instituci\u00f3n, concretando as\u00ed el anuncio realizado por el intendente Mart\u00edn Llaryora en marzo de 2020, cuando abri\u00f3 el ciclo lectivo desde el patio de la mencionada escuela.<\/p>\n<p>Adem\u00e1s, el establecimiento integra el programa PIEnsA, por el que los ni\u00f1os acceden a educaci\u00f3n en educaci\u00f3n digital, programaci\u00f3n y rob\u00f3tica.<\/p>\n<p><em>\u201cEs importante estar aqu\u00ed cumpliendo\u201d, afirm\u00f3 Llaryora. \u201cEsta escuela pas\u00f3 de no tener gas a tener wifi, tablets, robots y un programa educativo de los mejores de la provincia y del interior de Argentina. Con el cambio educativo tienen elementos que son un orgullo para una escuela p\u00fablica\u201d.<\/em><\/p>\n<p>De esta manera, la Municipalidad de C\u00f3rdoba ya lleva inauguradas 21 nuevas aulas para el sistema educativo de la ciudad y en el marco del Programa Construir Futuro.<\/p>\n<p><em>\u201cNuestro intendente no solo dej\u00f3 entrever que vendr\u00edan obras, sino tambi\u00e9n una propuesta educativa y la necesidad de generar condiciones, porque las instituciones educativas municipales necesitaban mantenimiento, arreglos, reparaciones, pero para ampliar el tiempo escolar deb\u00edamos tener m\u00e1s aulas\u201d<\/em>, reflexion\u00f3 a su turno el secretario de Educaci\u00f3n, Horacio Ferreyra.<\/p>\n","protected":false},"excerpt":{"rendered":"<p>Fue en el acto por el D\u00eda de la Bandera realizado por la Municipalidad de C\u00f3rdoba en la instituci\u00f3n de barrio Rosedal Anexo. En 2020 el intendente hab\u00eda anunciado la ampliaci\u00f3n del edificio escolar y su incorporaci\u00f3n al programa PIEnsA. \u201cEsta escuela pas\u00f3 de no tener gas a tener wifi, tablets, robots y un programa [&hellip;]<\/p>\n","protected":false},"author":1,"featured_media":21101,"comment_status":"closed","ping_status":"closed","sticky":false,"template":"","format":"standard","meta":[],"categories":[14],"tags":[],"_links":{"self":[{"href":"http:\/\/nuevacordoba.net\/index.php\/wp-json\/wp\/v2\/posts\/21100"}],"collection":[{"href":"http:\/\/nuevacordoba.net\/index.php\/wp-json\/wp\/v2\/posts"}],"about":[{"href":"http:\/\/nuevacordoba.net\/index.php\/wp-json\/wp\/v2\/types\/post"}],"author":[{"embeddable":true,"href":"http:\/\/nuevacordoba.net\/index.php\/wp-json\/wp\/v2\/users\/1"}],"replies":[{"embeddable":true,"href":"http:\/\/nuevacordoba.net\/index.php\/wp-json\/wp\/v2\/comments?post=21100"}],"version-history":[{"count":0,"href":"http:\/\/nuevacordoba.net\/index.php\/wp-json\/wp\/v2\/posts\/21100\/revisions"}],"wp:featuredmedia":[{"embeddable":true,"href":"http:\/\/nuevacordoba.net\/index.php\/wp-json\/wp\/v2\/media\/21101"}],"wp:attachment":[{"href":"http:\/\/nuevacordoba.net\/index.php\/wp-json\/wp\/v2\/media?parent=21100"}],"wp:term":[{"taxonomy":"category","embeddable":true,"href":"http:\/\/nuevacordoba.net\/index.php\/wp-json\/wp\/v2\/categories?post=21100"},{"taxonomy":"post_tag","embeddable":true,"href":"http:\/\/nuevacordoba.net\/index.php\/wp-json\/wp\/v2\/tags?post=21100"}],"curies":[{"name":"wp","href":"https:\/\/api.w.org\/{rel}","templated":true}]}}