{"id":21102,"date":"2022-06-21T19:54:56","date_gmt":"2022-06-21T19:54:56","guid":{"rendered":"http:\/\/nuevacordoba.net\/index.php\/2022\/06\/21\/la-devocion-por-la-mona-jimenez-tuvo-su-lugar-en-la-noche-mas-larga\/"},"modified":"2022-06-21T19:54:56","modified_gmt":"2022-06-21T19:54:56","slug":"la-devocion-por-la-mona-jimenez-tuvo-su-lugar-en-la-noche-mas-larga","status":"publish","type":"post","link":"http:\/\/nuevacordoba.net\/index.php\/2022\/06\/21\/la-devocion-por-la-mona-jimenez-tuvo-su-lugar-en-la-noche-mas-larga\/","title":{"rendered":"La devoci\u00f3n por la Mona Jim\u00e9nez tuvo su lugar en la \u00abNoche M\u00e1s Larga\u00bb"},"content":{"rendered":"<figure class=\"mb-3\"><img loading=\"lazy\" src=\"http:\/\/nuevacordoba.net\/wp-content\/uploads\/2022\/06\/la-devocion-por-la-mona-jimenez-tuvo-su-lugar-en-la-noche-mas-larga.jpg\" width=\"100%\" height=\"100%\" alt=\"Carlos La Mona Jimnez brind el lunes a la noche el show de cierre de la dcima jornada de la Fiesta Nacional de la Noche Ms Larga Foto Cristian Urrutia\"><figcaption> Carlos \u201cLa Mona\u201d Jim\u00e9nez brind\u00f3 el lunes a la noche el show de cierre de la d\u00e9cima jornada de la \u201cFiesta Nacional de la Noche M\u00e1s Larga\u201d \/ Foto: Cristian Urrutia. <\/figcaption><\/figure>\n<p>Carlos \u201cLa Mona\u201d Jim\u00e9nez brind\u00f3 el lunes a la noche el show de cierre de la d\u00e9cima jornada de la \u201cFiesta Nacional de la Noche M\u00e1s Larga\u201d en la ciudad de Ushuaia, y demostr\u00f3 por qu\u00e9 sigue siendo el mayor \u00edcono nacional de la m\u00fasica cuartetera.<\/p>\n<p><strong>Jim\u00e9nez se asom\u00f3 al escenario del polideportivo municipal \u201cJos\u00e9 Cochocho Vargas\u201d pasadas las 21.30 para darle el broche de oro a la ante\u00faltima velada<\/strong> del evento de m\u00e1s de mil artistas y diez g\u00e9neros musicales organizado por el municipio local para darle la bienvenida al invierno en el Fin del Mundo.<\/p>\n<figure class=\"mb-3\"><img loading=\"lazy\" src=\"http:\/\/nuevacordoba.net\/wp-content\/uploads\/2022\/06\/la-devocion-por-la-mona-jimenez-tuvo-su-lugar-en-la-noche-mas-larga-1.jpg\" width=\"100%\" height=\"100%\" alt=\"La Mona empez un recital repleto de energa complementado con la verdadera devocin que sus fanticos le prodigan en cualquier circunstancia Foto Cristian Urrutia\"><figcaption> La Mona empez\u00f3 un recital repleto de energ\u00eda complementado con la verdadera devoci\u00f3n que sus fan\u00e1ticos le prodigan en cualquier circunstancia \/ Foto: Cristian Urrutia. <\/figcaption><\/figure>\n<p>Vestido con una capa plateada y al ritmo de su popular hit <strong>\u201cBeso a beso\u201d<\/strong>, La Mona empez\u00f3 un recital repleto de energ\u00eda complementado con la verdadera devoci\u00f3n que sus fan\u00e1ticos le prodigan en cualquier circunstancia.<\/p>\n<p>Es que <strong>Jim\u00e9nez arm\u00f3 un revuelo desde el avi\u00f3n que lo traslad\u00f3 a Ushuaia, donde le cant\u00f3 a los pasajeros <\/strong>y los videos de ese momento se volvieron virales, hasta su arribo a Tierra del Fuego donde fue recibido por fan\u00e1ticos en el aeropuerto, incluyendo un encuentro con el intendente Walter Vuoto en el que ambos terminaron cantando y bailando cuarteto.<\/p>\n<figure class=\"mb-3\"><img loading=\"lazy\" src=\"http:\/\/nuevacordoba.net\/wp-content\/uploads\/2022\/06\/la-devocion-por-la-mona-jimenez-tuvo-su-lugar-en-la-noche-mas-larga-2.jpg\" width=\"100%\" height=\"100%\" alt=\"Jimnez se asom al escenario del polideportivo municipal Jos Cochocho Vargas pasadas las 2130 Foto Cristian Urrutia\"><figcaption> Jim\u00e9nez se asom\u00f3 al escenario del polideportivo municipal \u201cJos\u00e9 Cochocho Vargas\u201d pasadas las 21.30 \/ Foto: Cristian Urrutia. <\/figcaption><\/figure>\n<p>Sobre el escenario, mientras pasaban canciones como<strong> \u201cMuchacho de barrio\u201d, \u201cRamito de violetas\u201d y \u201cGoma de mascar\u201d <\/strong>el artista logr\u00f3 lo de siempre: que hinchas de los principales clubes de f\u00fatbol de C\u00f3rdoba, como Talleres, Belgrano, Instituto y Racing convivieran pac\u00edficamente, mezclados con otros cientos sin identificaci\u00f3n futbolera pero obnubilados por las interpretaciones y por el inigualable carisma del \u00edcono cordob\u00e9s.<\/p>\n<p>\u201cMomento, vamos a hacer un censo:<strong> \u00bfCu\u00e1ntos vinieron de C\u00f3rdoba? Levanten la mano\u201d, pregunt\u00f3 Jim\u00e9nez durante el recital,<\/strong> asombrado por la cantidad de asistentes que hab\u00edan llegado en micros, viajando m\u00e1s de tres mil kil\u00f3metros en invierno y pasando por Chile, solamente para presenciar su actuaci\u00f3n.<\/p>\n<figure class=\"mb-3\"><img loading=\"lazy\" src=\"http:\/\/nuevacordoba.net\/wp-content\/uploads\/2022\/06\/la-devocion-por-la-mona-jimenez-tuvo-su-lugar-en-la-noche-mas-larga-3.jpg\" width=\"100%\" height=\"100%\" alt=\"Carlos La Mona Jimnez Foto Cristian Urrutia\"><figcaption> Carlos \u201cLa Mona\u201d Jim\u00e9nez \/ Foto: Cristian Urrutia. <\/figcaption><\/figure>\n<p><strong>\u201cDespierta coraz\u00f3n\u201d, \u201cMe muero por ella\u201d<\/strong> y el cl\u00e1sico <strong>\u201cMe mata\u201d<\/strong> continuaron la catarata de hits que \u201cLa Mona\u201d despleg\u00f3 en escena durante un show en el que fue acompa\u00f1ado por una docena de m\u00fasicos.<\/p>\n<p>Con nieve en las calles y una sensaci\u00f3n t\u00e9rmica de siete grados bajo cero, el cuartetero logr\u00f3 que un pu\u00f1ado de seguidores se quitara hasta la remera para agitarla en su honor, mientras otros arrojaban agua o desplegaban banderas con el nombre de barrios o localidades a los que Jim\u00e9nez salud\u00f3 uno por uno, en otro tramo caracter\u00edstico de sus presentaciones.<\/p>\n<figure class=\"mb-3\"><img loading=\"lazy\" src=\"http:\/\/nuevacordoba.net\/wp-content\/uploads\/2022\/06\/la-devocion-por-la-mona-jimenez-tuvo-su-lugar-en-la-noche-mas-larga-4.jpg\" width=\"100%\" height=\"100%\" alt=\"Carlos La Mona Jimnez Foto Cristian Urrutia\"><figcaption> Carlos \u201cLa Mona\u201d Jim\u00e9nez \/ Foto: Cristian Urrutia. <\/figcaption><\/figure>\n<p><strong>La \u201cNoche M\u00e1s Larga\u201d, que alude al momento del a\u00f1o en que el d\u00eda tiene menos tiempo de luz solar,<\/strong> lo que en Tierra del Fuego (debido a su ubicaci\u00f3n geogr\u00e1fica) se traduce en jornadas donde amanece cerca de las 10 de la ma\u00f1ana y oscurece poco despu\u00e9s de las 17, concluir\u00e1 hoy con la actuaci\u00f3n de \u201cDivididos\u201d, la legendaria banda de rock nacional.<\/p>\n<p><strong>El 21 de junio, considerado el d\u00eda m\u00e1s corto del a\u00f1o, y por lo tanto la \u201cNoche M\u00e1s Larga\u201d, celebra la llegada de la temporada invernal y tambi\u00e9n el consecuente alargamiento de las horas de luz solar a partir de entonces.<\/strong><\/p>\n<p>La fiesta fueguina acaba de ser reconocida con la Marca Pa\u00eds que otorga el Ministerio de Turismo, y en la presente edici\u00f3n est\u00e1 siendo transmitida en vivo por diferentes plataformas. <\/p>\n","protected":false},"excerpt":{"rendered":"<p>Carlos \u201cLa Mona\u201d Jim\u00e9nez brind\u00f3 el lunes a la noche el show de cierre de la d\u00e9cima jornada de la \u201cFiesta Nacional de la Noche M\u00e1s Larga\u201d \/ Foto: Cristian Urrutia. Carlos \u201cLa Mona\u201d Jim\u00e9nez brind\u00f3 el lunes a la noche el show de cierre de la d\u00e9cima jornada de la \u201cFiesta Nacional de la [&hellip;]<\/p>\n","protected":false},"author":1,"featured_media":21103,"comment_status":"closed","ping_status":"closed","sticky":false,"template":"","format":"standard","meta":[],"categories":[9],"tags":[],"_links":{"self":[{"href":"http:\/\/nuevacordoba.net\/index.php\/wp-json\/wp\/v2\/posts\/21102"}],"collection":[{"href":"http:\/\/nuevacordoba.net\/index.php\/wp-json\/wp\/v2\/posts"}],"about":[{"href":"http:\/\/nuevacordoba.net\/index.php\/wp-json\/wp\/v2\/types\/post"}],"author":[{"embeddable":true,"href":"http:\/\/nuevacordoba.net\/index.php\/wp-json\/wp\/v2\/users\/1"}],"replies":[{"embeddable":true,"href":"http:\/\/nuevacordoba.net\/index.php\/wp-json\/wp\/v2\/comments?post=21102"}],"version-history":[{"count":0,"href":"http:\/\/nuevacordoba.net\/index.php\/wp-json\/wp\/v2\/posts\/21102\/revisions"}],"wp:featuredmedia":[{"embeddable":true,"href":"http:\/\/nuevacordoba.net\/index.php\/wp-json\/wp\/v2\/media\/21103"}],"wp:attachment":[{"href":"http:\/\/nuevacordoba.net\/index.php\/wp-json\/wp\/v2\/media?parent=21102"}],"wp:term":[{"taxonomy":"category","embeddable":true,"href":"http:\/\/nuevacordoba.net\/index.php\/wp-json\/wp\/v2\/categories?post=21102"},{"taxonomy":"post_tag","embeddable":true,"href":"http:\/\/nuevacordoba.net\/index.php\/wp-json\/wp\/v2\/tags?post=21102"}],"curies":[{"name":"wp","href":"https:\/\/api.w.org\/{rel}","templated":true}]}}