{"id":21104,"date":"2022-06-21T20:39:27","date_gmt":"2022-06-21T20:39:27","guid":{"rendered":"https:\/\/puntoapunto.com.ar\/?p=334685"},"modified":"2022-06-21T20:39:27","modified_gmt":"2022-06-21T20:39:27","slug":"los-detalles-del-proximo-evento-de-milei-en-cordoba","status":"publish","type":"post","link":"http:\/\/nuevacordoba.net\/index.php\/2022\/06\/21\/los-detalles-del-proximo-evento-de-milei-en-cordoba\/","title":{"rendered":"Los detalles del pr\u00f3ximo evento de Milei en C\u00f3rdoba"},"content":{"rendered":"<p>El actual diputado nacional participar\u00e1 de un acto el s\u00e1bado25, desde las 15 en Studio Theater. Junto a \u00e9l estar\u00e1n otros referentes del espacio libertario.<\/p>\n<div class=\"g g-35\">\n<div class=\"g-single a-29\"><a class=\"gofollow\" data-track=\"MjksMzUsMSw2MA==\" href=\"https:\/\/www.harmoniechateau.com.ar\/\" target=\"_blank\" rel=\"noopener\"><img src=\"http:\/\/nuevacordoba.net\/wp-content\/uploads\/2022\/06\/los-detalles-del-proximo-evento-de-milei-en-cordoba.gif\"><\/a><\/div>\n<\/div>\n<p>Por caso, ser\u00e1n de la partida el ejecutivo cordob\u00e9s Francisco Pendas, la economista Romaina Diez, el legislador riojano Mart\u00edn Menem, la diputada porte\u00f1a Rebeca Fleitas, entre otros. Tambi\u00e9n se sumar\u00eda la economista cordobesa Diana Mondino y la abogada laboral Ver\u00f3nica Sikora.<\/p>\n<p>Seg\u00fan comentaron los organizadores, la entrada ser\u00e1 gratuita, pero con inscripci\u00f3n previa.<\/p>\n<p>La presencia de Milei se concretar\u00e1 en un momento muy sensible para el auto proclamado pre candidato a presidente. En sus \u00faltimas apariciones p\u00fablicas Milei no qued\u00f3 muy bien parado: luego de pol\u00e9micas declaraciones tras hablar de dinamitar el Banco Central, o promover la dolarizaci\u00f3n de la econom\u00eda piso el acelerador con cuestiones incluso m\u00e1s sensibles: habl\u00f3 de liberar el mercado de los \u00f3rganos y se mostr\u00f3 a favor de la libre portaci\u00f3n de armas.<\/p>\n<p>Recientemente reivindic\u00f3 la figura de Margaret Thatcher: \u00abCuando tuvo que ir a una guerra, fue y la gan\u00f3, aunque del otro lado est\u00e1bamos nosotros\u201d, afirm\u00f3 en declaraciones a Radio 10. Tambi\u00e9n se\u00f1al\u00f3 que \u201clogr\u00f3 bajar la inflaci\u00f3n\u201d e \u201chizo reformas que hicieron caer el muro de Berl\u00edn\u201d.<\/p>\n<p>Otra aparici\u00f3n muy grave fue la referida a su vinculaci\u00f3n con la firma Coinx, investigada por la CNV por promover un esquema Ponzi y que cerr\u00f3 la plataforma con la que operaba dejando miles de damnificados. Milei reconoci\u00f3 que lo llamaron para asesor a la empresa y que luego se apart\u00f3.<\/p>\n<p>La semana pasada estuvo en C\u00f3rdoba Carlos Kikuchi, uno de los referentes principales del armado pol\u00edtica de La Libertad Avanza, quien lleg\u00f3 a esta plaza para \u00abordenar, armar el equipo de campa\u00f1a y evitar los errores que se vienen cometiendo\u00bb.<\/p>\n","protected":false},"excerpt":{"rendered":"<p>El actual diputado nacional participar\u00e1 de un acto el s\u00e1bado25, desde las 15 en Studio Theater. Junto a \u00e9l estar\u00e1n otros referentes del espacio libertario. Por caso, ser\u00e1n de la partida el ejecutivo cordob\u00e9s Francisco Pendas, la economista Romaina Diez, el legislador riojano Mart\u00edn Menem, la diputada porte\u00f1a Rebeca Fleitas, entre otros. Tambi\u00e9n se sumar\u00eda [&hellip;]<\/p>\n","protected":false},"author":1,"featured_media":21105,"comment_status":"open","ping_status":"closed","sticky":false,"template":"","format":"standard","meta":[],"categories":[12,14],"tags":[],"_links":{"self":[{"href":"http:\/\/nuevacordoba.net\/index.php\/wp-json\/wp\/v2\/posts\/21104"}],"collection":[{"href":"http:\/\/nuevacordoba.net\/index.php\/wp-json\/wp\/v2\/posts"}],"about":[{"href":"http:\/\/nuevacordoba.net\/index.php\/wp-json\/wp\/v2\/types\/post"}],"author":[{"embeddable":true,"href":"http:\/\/nuevacordoba.net\/index.php\/wp-json\/wp\/v2\/users\/1"}],"replies":[{"embeddable":true,"href":"http:\/\/nuevacordoba.net\/index.php\/wp-json\/wp\/v2\/comments?post=21104"}],"version-history":[{"count":0,"href":"http:\/\/nuevacordoba.net\/index.php\/wp-json\/wp\/v2\/posts\/21104\/revisions"}],"wp:featuredmedia":[{"embeddable":true,"href":"http:\/\/nuevacordoba.net\/index.php\/wp-json\/wp\/v2\/media\/21105"}],"wp:attachment":[{"href":"http:\/\/nuevacordoba.net\/index.php\/wp-json\/wp\/v2\/media?parent=21104"}],"wp:term":[{"taxonomy":"category","embeddable":true,"href":"http:\/\/nuevacordoba.net\/index.php\/wp-json\/wp\/v2\/categories?post=21104"},{"taxonomy":"post_tag","embeddable":true,"href":"http:\/\/nuevacordoba.net\/index.php\/wp-json\/wp\/v2\/tags?post=21104"}],"curies":[{"name":"wp","href":"https:\/\/api.w.org\/{rel}","templated":true}]}}