{"id":21124,"date":"2022-06-21T22:50:02","date_gmt":"2022-06-21T22:50:02","guid":{"rendered":"https:\/\/www.ole.com.ar\/autos\/accidente-tn-bustos-blasig-video-auto_0_jkaLky27Uo.html"},"modified":"2022-06-21T22:50:02","modified_gmt":"2022-06-21T22:50:02","slug":"video-el-tremendo-accidente-del-tn-desde-adentro","status":"publish","type":"post","link":"http:\/\/nuevacordoba.net\/index.php\/2022\/06\/21\/video-el-tremendo-accidente-del-tn-desde-adentro\/","title":{"rendered":"Video: el tremendo accidente del TN desde adentro"},"content":{"rendered":"<p>La final de la Clase 2 del <a alt=\"turismo-nacional\" class=\"slug\" href=\"https:\/\/www.ole.com.ar\/tema\/turismo-nacional.html\" target=\"_blank\" title=\"turismo-nacional\" rel=\"noopener\">Turismo Nacional<\/a> en Neuqu\u00e9n, el domingo, no cumpli\u00f3 con su primer giro que ya sufri\u00f3 el accidente m\u00e1s impactante para el fin de semana del automovilismo. Ese d\u00eda se vieron las im\u00e1genes generales de la transmisi\u00f3n, <strong>pero este martes se conoci\u00f3 el video desde dentro del auto. Impactante.<\/strong><\/p>\n<div class=\"sp__Normal\">\n<div class=\"image-embeb image-trigger\" readability=\"6\">\n<picture><source media=\"(min-width: 720px)\" srcset=\"http:\/\/nuevacordoba.net\/wp-content\/uploads\/2022\/06\/video-el-tremendo-accidente-del-tn-desde-adentro.jpg\"><img itemprop=\"image\" src=\"http:\/\/nuevacordoba.net\/wp-content\/uploads\/2022\/06\/video-el-tremendo-accidente-del-tn-desde-adentro.jpg\" loading=\"lazy\" alt=\"As\u00ed qued\u00f3 el Nissan de Blasig.\">\n<\/picture><figcaption readability=\"2\">\n<p>As\u00ed qued\u00f3 el Nissan de Blasig.\n<\/p>\n<\/figcaption><\/div>\n<\/div>\n<p>De entrada nom\u00e1s, <strong>Nazareno Beguiristain rompi\u00f3 el motor de su auto y debi\u00f3 ser eludido por sus rivales<\/strong>, los cuales apenas hab\u00edan largado, por lo que se encontraban api\u00f1ados en el circuito Centenario. En los intentos por esquivarlos se dieron golpes,<strong> con la peor parte para&nbsp;Facundo Bustos y Mart\u00edn Blasig.<\/strong><\/p>\n<div class=\"sp__SM\">\n<div class=\"content-new \">\n<span class=\"tit-mobile\">Mir\u00e1 tambi\u00e9n<\/span><\/p>\n<div class=\"mg\">\n<div class=\"wrap-figure\">\n<picture>\n<a href=\"https:\/\/www.ole.com.ar\/fuera-de-juego\/checo-perez-cansar-bronca_0_vGY8SXbk4e.html\" target=\"_self\" rel=\"noopener\"><br \/>\n<img class=\"img-responsive\" alt=\"La bronca de Checo P\u00e9rez: &quot;Me empiezo a cansar un poco&quot;\" src=\"http:\/\/nuevacordoba.net\/wp-content\/uploads\/2022\/06\/video-el-tremendo-accidente-del-tn-desde-adentro-1.jpg\" loading=\"lazy\"><br \/>\n<\/a>\n<\/picture>\n<\/div>\n<\/div><\/div>\n<\/div>\n<p>El incidente ocurri\u00f3 en el giro inicial cuando el auto de Facundo Rotondo se cruz\u00f3 tras aquel incidente de Beguiristain y, para evitarlo, los nombrados misioneros se tiraron a la banquina. Bustos fue el primero en irse a la izquierda de la pista, pero qued\u00f3 mal ubicado y Blasig, que ven\u00eda m\u00e1s atr\u00e1s y en plena velocidad, para no pegarle a Rotondo, <strong>se dirigi\u00f3 adonde estaba ubicado el Gol Trend de su coprovinciano y le dio de lleno con su Nissan March.<\/strong><\/p>\n<div class=\"sp__SM\">\n<div class=\"content-new \">\n<span class=\"tit-mobile\">Mir\u00e1 tambi\u00e9n<\/span><\/p>\n<div class=\"mg\">\n<div class=\"wrap-figure\">\n<picture>\n<a href=\"https:\/\/www.ole.com.ar\/autos\/furlan-hablo-escuderia-carburando_0_8ZCucLEUc1.html\" target=\"_self\" rel=\"noopener\"><br \/>\n<img class=\"img-responsive\" alt=\"&quot;El ACA no cuida al automovilismo&quot;\" src=\"http:\/\/nuevacordoba.net\/wp-content\/uploads\/2022\/06\/video-el-tremendo-accidente-del-tn-desde-adentro-2.jpg\" loading=\"lazy\"><br \/>\n<\/a>\n<\/picture>\n<\/div>\n<\/div><\/div>\n<\/div>\n<p>Debido al golpe y la desaceleraci\u00f3n, <strong>Bustos y Blasig fueron trasladados primero al hospital del Aut\u00f3dromo y luego al Policl\u00ednico Neuqu\u00e9n<\/strong> donde se le realizaron los primeros estudios. Blasig pas\u00f3 la noche internado, mientras que Bustos fue dado de alta.<\/p>\n<h2>El accidente del TN<\/h2>\n<p>Bustos, ante la preocupaci\u00f3n que se manifest\u00f3 en las redes, difundi\u00f3 un video con estas palabras: \u00abQuer\u00eda hacer este video para mandarle saludos y agradecer a la gente que se preocup\u00f3 por mi. Estamos bien, en Buenos Aires, dados de alta con dolores t\u00edpicos del golpe\u00bb.<\/p>\n<p>Con respecto al palo, agreg\u00f3: \u00abDel accidente recuerdo muy poco, fue un golpe muy fuerte. Una l\u00e1stima lo que pas\u00f3 con el auto, pero estamos expuestos a que nos pase esto. Estoy bien, ya estamos pensando en c\u00f3mo volver, sabemos que no ser\u00e1 f\u00e1cil. De nuevo le agradezco a todos. Y espero que nos veamos pronto en alguna pista\u00bb.<\/p>\n<div class=\"sp__SM\">\n<div class=\"content-new \">\n<span class=\"tit-mobile\">Mir\u00e1 tambi\u00e9n<\/span><\/p>\n<div class=\"mg\">\n<div class=\"wrap-figure\">\n<picture>\n<a href=\"https:\/\/www.ole.com.ar\/fuera-de-juego\/euros-familia-vacaciones-mallorca-choque-chocaron_0_A90gJ8r1Gw.html\" target=\"_self\" rel=\"noopener\"><br \/>\n<img class=\"img-responsive\" alt=\"Sufre Cristiano: chocaron su Bugatti de casi dos millones de euros\" src=\"http:\/\/nuevacordoba.net\/wp-content\/uploads\/2022\/06\/video-el-tremendo-accidente-del-tn-desde-adentro-3.jpg\" loading=\"lazy\"><br \/>\n<\/a>\n<\/picture>\n<\/div>\n<\/div><\/div>\n<\/div>\n<div class=\"entry-tags\">\n<h2>TEMAS QUE APARECEN EN ESTA NOTA<\/h2>\n<\/p><\/div>\n","protected":false},"excerpt":{"rendered":"<p>La final de la Clase 2 del Turismo Nacional en Neuqu\u00e9n, el domingo, no cumpli\u00f3 con su primer giro que ya sufri\u00f3 el accidente m\u00e1s impactante para el fin de semana del automovilismo. Ese d\u00eda se vieron las im\u00e1genes generales de la transmisi\u00f3n, pero este martes se conoci\u00f3 el video desde dentro del auto. Impactante. [&hellip;]<\/p>\n","protected":false},"author":1,"featured_media":21125,"comment_status":"closed","ping_status":"closed","sticky":false,"template":"","format":"standard","meta":[],"categories":[10],"tags":[],"_links":{"self":[{"href":"http:\/\/nuevacordoba.net\/index.php\/wp-json\/wp\/v2\/posts\/21124"}],"collection":[{"href":"http:\/\/nuevacordoba.net\/index.php\/wp-json\/wp\/v2\/posts"}],"about":[{"href":"http:\/\/nuevacordoba.net\/index.php\/wp-json\/wp\/v2\/types\/post"}],"author":[{"embeddable":true,"href":"http:\/\/nuevacordoba.net\/index.php\/wp-json\/wp\/v2\/users\/1"}],"replies":[{"embeddable":true,"href":"http:\/\/nuevacordoba.net\/index.php\/wp-json\/wp\/v2\/comments?post=21124"}],"version-history":[{"count":0,"href":"http:\/\/nuevacordoba.net\/index.php\/wp-json\/wp\/v2\/posts\/21124\/revisions"}],"wp:featuredmedia":[{"embeddable":true,"href":"http:\/\/nuevacordoba.net\/index.php\/wp-json\/wp\/v2\/media\/21125"}],"wp:attachment":[{"href":"http:\/\/nuevacordoba.net\/index.php\/wp-json\/wp\/v2\/media?parent=21124"}],"wp:term":[{"taxonomy":"category","embeddable":true,"href":"http:\/\/nuevacordoba.net\/index.php\/wp-json\/wp\/v2\/categories?post=21124"},{"taxonomy":"post_tag","embeddable":true,"href":"http:\/\/nuevacordoba.net\/index.php\/wp-json\/wp\/v2\/tags?post=21124"}],"curies":[{"name":"wp","href":"https:\/\/api.w.org\/{rel}","templated":true}]}}