{"id":2127,"date":"2021-03-16T23:37:40","date_gmt":"2021-03-16T23:37:40","guid":{"rendered":"http:\/\/nuevacordoba.net\/index.php\/2021\/03\/16\/los-oscar-tendran-dos-sedes-y-estrictos-protocolos-sanitarios\/"},"modified":"2021-03-16T23:37:40","modified_gmt":"2021-03-16T23:37:40","slug":"los-oscar-tendran-dos-sedes-y-estrictos-protocolos-sanitarios","status":"publish","type":"post","link":"http:\/\/nuevacordoba.net\/index.php\/2021\/03\/16\/los-oscar-tendran-dos-sedes-y-estrictos-protocolos-sanitarios\/","title":{"rendered":"Los Oscar tendr\u00e1n dos sedes y estrictos protocolos sanitarios"},"content":{"rendered":"<div class=\"image\" id=\"image\" readability=\"7\"> <img src=\"http:\/\/nuevacordoba.net\/wp-content\/uploads\/2021\/03\/los-oscar-tendran-dos-sedes-y-estrictos-protocolos-sanitarios.jpg\" alt=\"El c\u00e9lebre Dolby Theatre\" title=\"El c\u00e9lebre Dolby Theatre\"><\/p>\n<p>El c\u00e9lebre Dolby Theatre<\/p>\n<\/div>\n<p><strong>La gala de la 93ra entrega de los premios Oscar del 25 de abril se desarrollar\u00e1 en dos sedes<\/strong>, tendr\u00e1 una estricta y m\u00ednima participaci\u00f3n y anular\u00e1 las fiestas y celebraciones en su derredor, para as\u00ed llegar a una ceremonia presencial que evite la virtualidad a partir de puntillosos protocolos sanitarios.<\/p>\n<p>El presidente de la Academia de las Artes y las Ciencias Cinematogr\u00e1ficas de Hollywood, <strong>David Rubin<\/strong>, revel\u00f3 algunos detalles sobre c\u00f3mo ser\u00e1 la gala que <strong>se celebrar\u00e1 en dos lugares, el tradicional escenario del Dolby Theatre y la ic\u00f3nica estaci\u00f3n de autobuses de Los \u00c1ngeles Union<\/strong>.<\/p>\n<p><strong>\u00abEstamos a menos de dos meses de un espect\u00e1culo de los Oscar que se celebrar\u00e1 en Los \u00c1ngeles Union Station y en teatro Dolby. \u00a1Un espect\u00e1culo que sin duda ser\u00e1 \u00fanico y memorable!\u00bb<\/strong>, se\u00f1ala Rubin al inicio de una carta dirigida a los miembros de la Academia publicada por el sitio especializado Variety.<\/p>\n<p>De acuerdo a datos recabados por la agencia espa\u00f1ola Europa Press, <strong>a la ceremonia solamente asistir\u00e1n los nominados, sus acompa\u00f1antes y los presentadores y no se celebrar\u00e1 su tradicional fiesta, The Governors Ball<\/strong>, despu\u00e9s de la entrega de premios.<\/p>\n<p>Este a\u00f1o la Academia <strong>tampoco sortear\u00e1 entradas a la ceremonia entre los miembros de la Academia ni celebrar\u00e1 emblem\u00e1ticos eventos presenciales como el tradicional Almuerzo de los Nominados o las proyecciones de las pel\u00edculas que aspiran a estatuillas<\/strong>.<\/p>\n<div class=\"image\" id=\"image\" readability=\"7\"> <img src=\"http:\/\/nuevacordoba.net\/wp-content\/uploads\/2021\/03\/los-oscar-tendran-dos-sedes-y-estrictos-protocolos-sanitarios-1.jpg\" alt=\"La estaci\u00f3n Los \u00c1ngeles Union.\" title=\"La estaci\u00f3n Los \u00c1ngeles Union.\"><\/p>\n<p>La estaci\u00f3n Los \u00c1ngeles Union.<\/p>\n<\/div>\n<p>Rubin concluy\u00f3 su misiva destacando que <strong>\u00aben un a\u00f1o marcado por tanta incertidumbre\u00bb<\/strong> lo \u00fanico \u00abincuestionable\u00bb es que <strong>Jesse Collins, Stacey Sher y Steven Soderbergh son \u00abel tr\u00edo ideal de productores para montar una gala de los Oscar como ning\u00fan otra\u00bb<\/strong> y <strong>\u00abhonrar las pel\u00edculas extraordinarias, memorables actuaciones y logros en la realizaci\u00f3n cinematogr\u00e1fica del pasado a\u00f1o\u00bb<\/strong>.<\/p>\n<p>En Argentina la ceremonia podr\u00e1 verse a trav\u00e9s del canal de cable TNT (en espa\u00f1ol) y por medio de TNT Series (en idioma original). La cobertura comenzar\u00e1 con la previa \u201cPunto de Encuentro TNT\u201d, desde las 19.30 y a partir de las 21 empezar\u00e1n a develarse ganadores.<\/p>\n<p>A ese momento y de acuerdo a los anuncios efectuados ayer, <strong>parte como favorita \u201cMank\u201d de David Fincher, con 10 nominaciones, seguida por \u00abNomadland\u00bb, \u00abEl juicio de los 7 de Chicago\u00bb, \u00abJudas y el mes\u00edas negro\u00bb, \u00abMinari\u00bb, \u00abEl sonido del metal\u00bb y \u00abEl padre\u00bb, todas ellas con seis.<\/strong><\/p>\n<p>En esa larga lista de aspirantes se cuenta la cantautora italiana <strong>Laura Pausini<\/strong>, co-autora e int\u00e9rprete de \u00ablo S\u00ec\u00bb (\u00abLa vida ante s\u00ed\u00bb), tema principal de \u00abLa vita davanti a s\u00e9\u00bb, de Edoardo Ponti, que marc\u00f3 la vuelta al cine de Sophia Loren.<\/p>\n<p>\u00abMam\u00e1 te quiere mucho\u00bb, le escribi\u00f3 Ponti, hijo de la m\u00edtica actriz y protagonista de la pel\u00edcula, a Pausini para felicitarla por su candidatura, como mostr\u00f3 la cantante en una rueda de prensa virtual con la prensa internacional.<\/p>\n<p>Con \u00abIo S\u00ed\u00bb Pausini obtuvo dos semanas atr\u00e1s su primer Globo de Oro, una situaci\u00f3n que, reflexion\u00f3 la m\u00fasica, \u00abes opuesta a la realidad que estamos viviendo en Italia y en el mundo. Esta dicha, esta suerte, casi me produce desequilibrios y no se exactamente c\u00f3mo vivirlo\u201d. <\/p>\n","protected":false},"excerpt":{"rendered":"<p>El c\u00e9lebre Dolby Theatre La gala de la 93ra entrega de los premios Oscar del 25 de abril se desarrollar\u00e1 en dos sedes, tendr\u00e1 una estricta y m\u00ednima participaci\u00f3n y anular\u00e1 las fiestas y celebraciones en su derredor, para as\u00ed llegar a una ceremonia presencial que evite la virtualidad a partir de puntillosos protocolos sanitarios. [&hellip;]<\/p>\n","protected":false},"author":1,"featured_media":2128,"comment_status":"closed","ping_status":"closed","sticky":false,"template":"","format":"standard","meta":[],"categories":[9],"tags":[],"_links":{"self":[{"href":"http:\/\/nuevacordoba.net\/index.php\/wp-json\/wp\/v2\/posts\/2127"}],"collection":[{"href":"http:\/\/nuevacordoba.net\/index.php\/wp-json\/wp\/v2\/posts"}],"about":[{"href":"http:\/\/nuevacordoba.net\/index.php\/wp-json\/wp\/v2\/types\/post"}],"author":[{"embeddable":true,"href":"http:\/\/nuevacordoba.net\/index.php\/wp-json\/wp\/v2\/users\/1"}],"replies":[{"embeddable":true,"href":"http:\/\/nuevacordoba.net\/index.php\/wp-json\/wp\/v2\/comments?post=2127"}],"version-history":[{"count":0,"href":"http:\/\/nuevacordoba.net\/index.php\/wp-json\/wp\/v2\/posts\/2127\/revisions"}],"wp:featuredmedia":[{"embeddable":true,"href":"http:\/\/nuevacordoba.net\/index.php\/wp-json\/wp\/v2\/media\/2128"}],"wp:attachment":[{"href":"http:\/\/nuevacordoba.net\/index.php\/wp-json\/wp\/v2\/media?parent=2127"}],"wp:term":[{"taxonomy":"category","embeddable":true,"href":"http:\/\/nuevacordoba.net\/index.php\/wp-json\/wp\/v2\/categories?post=2127"},{"taxonomy":"post_tag","embeddable":true,"href":"http:\/\/nuevacordoba.net\/index.php\/wp-json\/wp\/v2\/tags?post=2127"}],"curies":[{"name":"wp","href":"https:\/\/api.w.org\/{rel}","templated":true}]}}