{"id":2129,"date":"2021-03-17T02:53:51","date_gmt":"2021-03-17T02:53:51","guid":{"rendered":"http:\/\/www.bbc.com\/mundo\/noticias-america-latina-56412203"},"modified":"2021-03-17T02:53:51","modified_gmt":"2021-03-17T02:53:51","slug":"como-uruguay-paso-de-ser-una-excepcion-en-la-pandemia-de-coronavirus-al-pais-con-mayor-tasa-de-casos-nuevos-en-america-latina","status":"publish","type":"post","link":"http:\/\/nuevacordoba.net\/index.php\/2021\/03\/17\/como-uruguay-paso-de-ser-una-excepcion-en-la-pandemia-de-coronavirus-al-pais-con-mayor-tasa-de-casos-nuevos-en-america-latina\/","title":{"rendered":"C\u00f3mo Uruguay pas\u00f3 de ser una excepci\u00f3n en la pandemia de coronavirus al pa\u00eds con mayor tasa de casos nuevos en Am\u00e9rica Latina"},"content":{"rendered":"<div dir=\"ltr\" class=\"e1j2237y6 bbc-1amf61q-GridComponent e57qer20\">\n<div class=\"bbc-um5zo-Container e1c9i7u14\">\n<ul role=\"list\" class=\"bbc-182pkjt-Person e1c9i7u12\">\n<li role=\"listitem\" class=\"bbc-dvly96-Name e1c9i7u11\">Gerardo Lissardy<\/li>\n<li role=\"listitem\" class=\"bbc-1942rtw-Title e1c9i7u10\">BBC News Mundo<\/li>\n<\/ul>\n<\/div>\n<\/div>\n<p><time datetime=\"2021-03-16\" class=\"bbc-eihuha-StyledTimestamp e4zesg50\">16 marzo 2021<\/time><\/p>\n<div dir=\"ltr\" class=\"bbc-1ufkmt5-GridComponent e57qer20\">\n<figure class=\"bbc-m91nxa-Figure e6bmn90\">\n<div dir=\"ltr\" class=\"bbc-1gx5b6l-GridComponent e57qer20\">\n<div dir=\"ltr\" class=\"bbc-bqg5er-GridComponent e57qer20\" readability=\"6.5\">\n<div class=\"bbc-8q39gi-ImagePlaceholder e1whu0\" readability=\"8\"><img srcset=\"http:\/\/nuevacordoba.net\/wp-content\/uploads\/2021\/03\/como-uruguay-paso-de-ser-una-excepcion-en-la-pandemia-de-coronavirus-al-pais-con-mayor-tasa-de-casos-nuevos-en-america-latina-6.jpg 240w, http:\/\/nuevacordoba.net\/wp-content\/uploads\/2021\/03\/como-uruguay-paso-de-ser-una-excepcion-en-la-pandemia-de-coronavirus-al-pais-con-mayor-tasa-de-casos-nuevos-en-america-latina-7.jpg 320w, http:\/\/nuevacordoba.net\/wp-content\/uploads\/2021\/03\/como-uruguay-paso-de-ser-una-excepcion-en-la-pandemia-de-coronavirus-al-pais-con-mayor-tasa-de-casos-nuevos-en-america-latina-8.jpg 480w, http:\/\/nuevacordoba.net\/wp-content\/uploads\/2021\/03\/como-uruguay-paso-de-ser-una-excepcion-en-la-pandemia-de-coronavirus-al-pais-con-mayor-tasa-de-casos-nuevos-en-america-latina-9.jpg 624w, http:\/\/nuevacordoba.net\/wp-content\/uploads\/2021\/03\/como-uruguay-paso-de-ser-una-excepcion-en-la-pandemia-de-coronavirus-al-pais-con-mayor-tasa-de-casos-nuevos-en-america-latina-10.jpg 800w\" alt=\"Miembro del personal sanitario en Uruguay.\" src=\"http:\/\/nuevacordoba.net\/wp-content\/uploads\/2021\/03\/como-uruguay-paso-de-ser-una-excepcion-en-la-pandemia-de-coronavirus-al-pais-con-mayor-tasa-de-casos-nuevos-en-america-latina.jpg\" width=\"976\" class=\"bbc-1suxhxy-StyledImg e1enwo3v0\"><\/p>\n<p role=\"text\" class=\"bbc-iif8qe-Copyright etq3yw90\"><span class=\"bbc-ow3j0s-VisuallyHiddenText e1yt7oin0\">Fuente de la imagen, <\/span><span lang=\"en-GB\">Ernesto Ryan<\/span><\/p>\n<\/div>\n<\/div>\n<div dir=\"ltr\" class=\"bbc-1cx6mr7-GridComponent e57qer20\" readability=\"6.5\"><figcaption dir=\"ltr\" class=\"bbc-1mhipbm-Caption eede9f50\" readability=\"3\"><span class=\"bbc-ow3j0s-VisuallyHiddenText e1yt7oin0\">Pie de foto, <\/span><\/p>\n<p>Hasta ahora, el sistema sanitario uruguayo no ha sido desbordado.<\/p>\n<\/figcaption><\/div>\n<\/div>\n<\/figure>\n<\/div>\n<div dir=\"ltr\" class=\"bbc-1unnq9o-GridComponent e57qer20\" readability=\"9\">\n<p dir=\"ltr\" class=\"bbc-1kju7ke-Paragraph e1cc2ql70\"><b>Cuando muchos en el mundo a\u00fan ve\u00edan a Uruguay como una excepci\u00f3n latinoamericana en el control de contagios de covid-19, el doctor Julio Medina lanz\u00f3 una advertencia desde all\u00ed. <\/b><\/p>\n<\/div>\n<div dir=\"ltr\" class=\"bbc-1unnq9o-GridComponent e57qer20\" readability=\"12\">\n<p dir=\"ltr\" class=\"bbc-1kju7ke-Paragraph e1cc2ql70\">\u00abInexorablemente vamos perdiendo nuestro lugar de privilegio. Debemos restringir nuestra movilidad e interacci\u00f3n f\u00edsica para desacelerar la propagaci\u00f3n del virus\u00bb, tuite\u00f3 Medina, catedr\u00e1tico de enfermedades infecciosas en la Universidad de la Rep\u00fablica (Udelar), el 29 de noviembre.<\/p>\n<\/div>\n<div dir=\"ltr\" class=\"bbc-1unnq9o-GridComponent e57qer20\" readability=\"8\">\n<p dir=\"ltr\" class=\"bbc-1kju7ke-Paragraph e1cc2ql70\">Menos de cuatro meses m\u00e1s tarde, la situaci\u00f3n del pa\u00eds ha dado un giro en la peor direcci\u00f3n.<\/p>\n<\/div>\n<div dir=\"ltr\" class=\"bbc-1unnq9o-GridComponent e57qer20\" readability=\"10\">\n<p dir=\"ltr\" class=\"bbc-1kju7ke-Paragraph e1cc2ql70\"><b>Uruguay pas\u00f3 a Brasil el domingo como la naci\u00f3n latinoamericana con mayor n\u00famero de casos nuevos de covid-19<\/b> por cada mill\u00f3n de habitantes, seg\u00fan el promedio m\u00f3vil de siete d\u00edas de Our World in Data.<\/p>\n<\/div>\n<div dir=\"ltr\" class=\"bbc-1unnq9o-GridComponent e57qer20\" readability=\"9\">\n<p dir=\"ltr\" class=\"bbc-1kju7ke-Paragraph e1cc2ql70\">Si bien las posiciones en este ranking pueden variar de un d\u00eda al otro, los expertos observan preocupados el panorama uruguayo.<\/p>\n<\/div>\n<div dir=\"ltr\" class=\"bbc-1unnq9o-GridComponent e57qer20\" readability=\"9\">\n<p dir=\"ltr\" class=\"bbc-1kju7ke-Paragraph e1cc2ql70\">El pa\u00eds marc\u00f3 el domingo su r\u00e9cord de contagios diarios, casos activos y pacientes en terapia intensiva desde el inicio de la pandemia hace un a\u00f1o.<\/p>\n<\/div>\n<div dir=\"ltr\" class=\"bbc-1unnq9o-GridComponent e57qer20\" readability=\"10\">\n<p dir=\"ltr\" class=\"bbc-1kju7ke-Paragraph e1cc2ql70\">Con 33,51 casos de promedio por cada 100 mil personas en una semana, Uruguay est\u00e1 en zona roja de riesgo seg\u00fan los par\u00e1metros de la Universidad de Harvard (a partir de 25 casos).<\/p>\n<\/div>\n<div dir=\"ltr\" class=\"bbc-1unnq9o-GridComponent e57qer20\" readability=\"9\">\n<p dir=\"ltr\" class=\"bbc-1kju7ke-Paragraph e1cc2ql70\">\u00abEstamos en <b>el peor momento de la epidemia en nuestro pa\u00eds<\/b> y las pr\u00f3ximas semanas van a ser muy dif\u00edciles\u00bb, anticipa Medina en di\u00e1logo con BBC Mundo. <\/p>\n<\/div>\n<div dir=\"ltr\" class=\"bbc-1unnq9o-GridComponent e57qer20\" readability=\"7\">\n<p dir=\"ltr\" class=\"bbc-1kju7ke-Paragraph e1cc2ql70\">Entonces \u00bfa qu\u00e9 se debe esto?<\/p>\n<\/div>\n<div dir=\"ltr\" class=\"bbc-1ufkmt5-GridComponent e57qer20\">\n<figure class=\"bbc-m91nxa-Figure e6bmn90\">\n<div dir=\"ltr\" class=\"bbc-1gx5b6l-GridComponent e57qer20\">\n<div dir=\"ltr\" class=\"bbc-bqg5er-GridComponent e57qer20\" readability=\"6.5\">\n<div class=\"bbc-8q39gi-ImagePlaceholder e1whu0\" readability=\"8\"><noscript><img srcset=\"http:\/\/nuevacordoba.net\/wp-content\/uploads\/2021\/03\/como-uruguay-paso-de-ser-una-excepcion-en-la-pandemia-de-coronavirus-al-pais-con-mayor-tasa-de-casos-nuevos-en-america-latina-11.jpg 240w, http:\/\/nuevacordoba.net\/wp-content\/uploads\/2021\/03\/como-uruguay-paso-de-ser-una-excepcion-en-la-pandemia-de-coronavirus-al-pais-con-mayor-tasa-de-casos-nuevos-en-america-latina-12.jpg 320w, http:\/\/nuevacordoba.net\/wp-content\/uploads\/2021\/03\/como-uruguay-paso-de-ser-una-excepcion-en-la-pandemia-de-coronavirus-al-pais-con-mayor-tasa-de-casos-nuevos-en-america-latina-13.jpg 480w, http:\/\/nuevacordoba.net\/wp-content\/uploads\/2021\/03\/como-uruguay-paso-de-ser-una-excepcion-en-la-pandemia-de-coronavirus-al-pais-con-mayor-tasa-de-casos-nuevos-en-america-latina-14.jpg 624w, http:\/\/nuevacordoba.net\/wp-content\/uploads\/2021\/03\/como-uruguay-paso-de-ser-una-excepcion-en-la-pandemia-de-coronavirus-al-pais-con-mayor-tasa-de-casos-nuevos-en-america-latina-15.jpg 800w\" alt=\"Vacunaci\u00f3n en Uruguay.\" src=\"http:\/\/nuevacordoba.net\/wp-content\/uploads\/2021\/03\/como-uruguay-paso-de-ser-una-excepcion-en-la-pandemia-de-coronavirus-al-pais-con-mayor-tasa-de-casos-nuevos-en-america-latina-1.jpg\" width=\"976\" class=\"bbc-1suxhxy-StyledImg e1enwo3v0\"><\/noscript><\/p>\n<p role=\"text\" class=\"bbc-iif8qe-Copyright etq3yw90\"><span class=\"bbc-ow3j0s-VisuallyHiddenText e1yt7oin0\">Fuente de la imagen, <\/span><span lang=\"en-GB\">Getty Images<\/span><\/p>\n<\/div>\n<\/div>\n<div dir=\"ltr\" class=\"bbc-1cx6mr7-GridComponent e57qer20\" readability=\"7.5\"><figcaption dir=\"ltr\" class=\"bbc-1mhipbm-Caption eede9f50\" readability=\"5\"><span class=\"bbc-ow3j0s-VisuallyHiddenText e1yt7oin0\">Pie de foto, <\/span><\/p>\n<p>Uruguay, que ya ha comenzado a vacunar, registr\u00f3 el pasado domingo un r\u00e9cord de contagios diarios.<\/p>\n<\/figcaption><\/div>\n<\/div>\n<\/figure>\n<\/div>\n<p><h2 id=\"Presos-del-propio-\u00e9xito\" tabindex=\"-1\" class=\"bbc-4qzrek-SubHeading e14hemmw0\">\u00abPresos del propio \u00e9xito\u00bb<\/h2>\n<\/p>\n<div dir=\"ltr\" class=\"bbc-1unnq9o-GridComponent e57qer20\" readability=\"8\">\n<p dir=\"ltr\" class=\"bbc-1kju7ke-Paragraph e1cc2ql70\">Uruguay a\u00fan est\u00e1 mejor que varios de sus vecinos regionales en algunos indicadores de la pandemia.<\/p>\n<\/div>\n<div dir=\"ltr\" class=\"bbc-1unnq9o-GridComponent e57qer20\" readability=\"11\">\n<p dir=\"ltr\" class=\"bbc-1kju7ke-Paragraph e1cc2ql70\">Con menos de 3,5 millones de habitantes, el pa\u00eds llevaba hasta el lunes 712 muertes por covid-19, seg\u00fan la base de datos de la Universidad Johns Hopkins.<\/p>\n<\/div>\n<div dir=\"ltr\" class=\"bbc-1unnq9o-GridComponent e57qer20\" readability=\"12\">\n<p dir=\"ltr\" class=\"bbc-1kju7ke-Paragraph e1cc2ql70\">Su tasa de letalidad por covid-19 (1%) es <b>una de las m\u00e1s bajas en Am\u00e9rica Latina<\/b> y menor que la de naciones con poblaci\u00f3n similar, como Costa Rica, Panam\u00e1 y Paraguay, de acuerdo a Our World in Data. <\/p>\n<\/div>\n<div dir=\"ltr\" class=\"bbc-1unnq9o-GridComponent e57qer20\" readability=\"8\">\n<p dir=\"ltr\" class=\"bbc-1kju7ke-Paragraph e1cc2ql70\">Uruguay mantiene adem\u00e1s uno de los registros m\u00e1s bajos en la regi\u00f3n de muertes por covid-19 por mill\u00f3n de habitantes.<\/p>\n<\/div>\n<div dir=\"ltr\" class=\"bbc-1unnq9o-GridComponent e57qer20\" readability=\"8\">\n<p dir=\"ltr\" class=\"bbc-1kju7ke-Paragraph e1cc2ql70\">Hasta ahora, el sistema de salud uruguayo nunca se vio desbordado por la pandemia.<\/p>\n<\/div>\n<div dir=\"ltr\" class=\"bbc-1unnq9o-GridComponent e57qer20\" readability=\"14\">\n<p dir=\"ltr\" class=\"bbc-1kju7ke-Paragraph e1cc2ql70\">Y aunque fue uno de los \u00faltimos pa\u00edses de la regi\u00f3n en recibir vacunas contra el covid-19, a fines de febrero, ahora es el segundo latinoamericano con m\u00e1s dosis administradas por cada 100 personas (5,9), detr\u00e1s de Chile (34,5).<\/p>\n<\/div>\n<div dir=\"ltr\" class=\"bbc-1ufkmt5-GridComponent e57qer20\">\n<figure class=\"bbc-m91nxa-Figure e6bmn90\">\n<div dir=\"ltr\" class=\"bbc-1gx5b6l-GridComponent e57qer20\">\n<div dir=\"ltr\" class=\"bbc-bqg5er-GridComponent e57qer20\" readability=\"6.5\">\n<div class=\"bbc-8q39gi-ImagePlaceholder e1whu0\" readability=\"8\"><noscript><img srcset=\"http:\/\/nuevacordoba.net\/wp-content\/uploads\/2021\/03\/como-uruguay-paso-de-ser-una-excepcion-en-la-pandemia-de-coronavirus-al-pais-con-mayor-tasa-de-casos-nuevos-en-america-latina-16.jpg 240w, http:\/\/nuevacordoba.net\/wp-content\/uploads\/2021\/03\/como-uruguay-paso-de-ser-una-excepcion-en-la-pandemia-de-coronavirus-al-pais-con-mayor-tasa-de-casos-nuevos-en-america-latina-17.jpg 320w, http:\/\/nuevacordoba.net\/wp-content\/uploads\/2021\/03\/como-uruguay-paso-de-ser-una-excepcion-en-la-pandemia-de-coronavirus-al-pais-con-mayor-tasa-de-casos-nuevos-en-america-latina-18.jpg 480w, http:\/\/nuevacordoba.net\/wp-content\/uploads\/2021\/03\/como-uruguay-paso-de-ser-una-excepcion-en-la-pandemia-de-coronavirus-al-pais-con-mayor-tasa-de-casos-nuevos-en-america-latina-19.jpg 624w, http:\/\/nuevacordoba.net\/wp-content\/uploads\/2021\/03\/como-uruguay-paso-de-ser-una-excepcion-en-la-pandemia-de-coronavirus-al-pais-con-mayor-tasa-de-casos-nuevos-en-america-latina-20.jpg 800w\" alt=\"Dos personas del equipo sanitario en Uruguay.\" src=\"http:\/\/nuevacordoba.net\/wp-content\/uploads\/2021\/03\/como-uruguay-paso-de-ser-una-excepcion-en-la-pandemia-de-coronavirus-al-pais-con-mayor-tasa-de-casos-nuevos-en-america-latina-2.jpg\" width=\"976\" class=\"bbc-1suxhxy-StyledImg e1enwo3v0\"><\/noscript><\/p>\n<p role=\"text\" class=\"bbc-iif8qe-Copyright etq3yw90\"><span class=\"bbc-ow3j0s-VisuallyHiddenText e1yt7oin0\">Fuente de la imagen, <\/span><span lang=\"en-GB\">Getty Images<\/span><\/p>\n<\/div>\n<\/div>\n<div dir=\"ltr\" class=\"bbc-1cx6mr7-GridComponent e57qer20\" readability=\"7\"><figcaption dir=\"ltr\" class=\"bbc-1mhipbm-Caption eede9f50\" readability=\"4\"><span class=\"bbc-ow3j0s-VisuallyHiddenText e1yt7oin0\">Pie de foto, <\/span><\/p>\n<p>Uruguay fue uno de los \u00faltimos pa\u00edses latinoamericanos en obtener vacunas, pero inocula a uno de los ritmos m\u00e1s r\u00e1pidos de la regi\u00f3n.<\/p>\n<\/figcaption><\/div>\n<\/div>\n<\/figure>\n<\/div>\n<div dir=\"ltr\" class=\"bbc-1unnq9o-GridComponent e57qer20\" readability=\"9\">\n<p dir=\"ltr\" class=\"bbc-1kju7ke-Paragraph e1cc2ql70\">Uruguay llam\u00f3 la atenci\u00f3n desde el a\u00f1o pasado por haber aplicado<b> una singular estrategia frente a la pandemia<\/b>, sin confinamientos obligatorios. <\/p>\n<\/div>\n<div dir=\"ltr\" class=\"bbc-1unnq9o-GridComponent e57qer20\" readability=\"9\">\n<p dir=\"ltr\" class=\"bbc-1kju7ke-Paragraph e1cc2ql70\">El presidente Luis Lacalle defini\u00f3 este camino como de \u00ablibertad responsable\u00bb: pidi\u00f3 a la poblaci\u00f3n que permaneciera en sus casas, pero evit\u00f3 los controles policiales de otros pa\u00edses.<\/p>\n<\/div>\n<div dir=\"ltr\" class=\"bbc-1unnq9o-GridComponent e57qer20\" readability=\"13\">\n<p dir=\"ltr\" class=\"bbc-1kju7ke-Paragraph e1cc2ql70\">Como la poblaci\u00f3n sigui\u00f3 los consejos y el virus estaba bajo control, a partir de abril de 2020 el gobierno reabri\u00f3 gradualmente actividades que hab\u00eda cerrado al inicio de la pandemia: construcci\u00f3n, comercio, escuelas presenciales, restaurantes\u2026<\/p>\n<\/div>\n<div dir=\"ltr\" class=\"bbc-1unnq9o-GridComponent e57qer20\" readability=\"8\">\n<p dir=\"ltr\" class=\"bbc-1kju7ke-Paragraph e1cc2ql70\">Pero la primera ola de contagios comenz\u00f3 a subir a fin de a\u00f1o en Uruguay y los expertos creen que lo que observan ahora es un rebote de la misma.<\/p>\n<\/div>\n<div dir=\"ltr\" class=\"bbc-1unnq9o-GridComponent e57qer20\" readability=\"9\">\n<p dir=\"ltr\" class=\"bbc-1kju7ke-Paragraph e1cc2ql70\">Parte del fen\u00f3meno es atribuido al <b>comportamiento de las personas<\/b>, que interact\u00faan m\u00e1s en su regreso de las vacaciones del verano austral.<\/p>\n<\/div>\n<div dir=\"ltr\" class=\"bbc-1unnq9o-GridComponent e57qer20\" readability=\"10\">\n<p dir=\"ltr\" class=\"bbc-1kju7ke-Paragraph e1cc2ql70\">\u00abA veces es estar preso del propio \u00e9xito: al pa\u00eds le hab\u00eda ido muy bien y las personas relajaron las medidas, eso explica buena parte de lo que nos est\u00e1 pasando\u00bb, se\u00f1ala Medina.<\/p>\n<\/div>\n<div dir=\"ltr\" class=\"bbc-1unnq9o-GridComponent e57qer20\" readability=\"9\">\n<p dir=\"ltr\" class=\"bbc-1kju7ke-Paragraph e1cc2ql70\">Agrega que la otra explicaci\u00f3n posible del aumento de casos es que la variante brasile\u00f1a del virus \u2014definida como la P.1 y m\u00e1s transmisible\u2014 haya entrado a Uruguay por su frontera terrestre con Brasil.<\/p>\n<\/div>\n<div dir=\"ltr\" class=\"bbc-1unnq9o-GridComponent e57qer20\" readability=\"10\">\n<p dir=\"ltr\" class=\"bbc-1kju7ke-Paragraph e1cc2ql70\">Si bien el gobierno de Lacalle dispuso un cierre parcial de fronteras, esto <b>es dif\u00edcil de lograr en ciudades fronterizas con Brasil<\/b>,donde apenas una calle marca el l\u00edmite binacional. <\/p>\n<\/div>\n<div dir=\"ltr\" class=\"bbc-1unnq9o-GridComponent e57qer20\" readability=\"10\">\n<p dir=\"ltr\" class=\"bbc-1kju7ke-Paragraph e1cc2ql70\">\u00abEstamos convencidos de que (la P.1) debe estar en el pa\u00eds, simplemente todav\u00eda no logramos demostrarlo\u00bb, se\u00f1ala el infect\u00f3logo. <\/p>\n<\/div>\n<div dir=\"ltr\" class=\"bbc-1unnq9o-GridComponent e57qer20\" readability=\"11\">\n<p dir=\"ltr\" class=\"bbc-1kju7ke-Paragraph e1cc2ql70\">Y sostiene que, si esto se confirma en estudios que se realizan, \u00abquiere decir que las medidas que ven\u00eda usando el pa\u00eds para contener la epidemia dejan de ser tan eficientes y usted tiene que ser m\u00e1s estricto\u00bb.<\/p>\n<\/div>\n<p><h2 id=\"La-liebre-y-la-tortuga-\" tabindex=\"-1\" class=\"bbc-4qzrek-SubHeading e14hemmw0\">La liebre y la tortuga <\/h2>\n<\/p>\n<div dir=\"ltr\" class=\"bbc-1unnq9o-GridComponent e57qer20\" readability=\"8\">\n<p dir=\"ltr\" class=\"bbc-1kju7ke-Paragraph e1cc2ql70\">El gobierno uruguayo tiene previsto analizar la situaci\u00f3n sanitaria este martes en un Consejo de Ministros. <\/p>\n<\/div>\n<div dir=\"ltr\" class=\"bbc-1unnq9o-GridComponent e57qer20\" readability=\"10\">\n<p dir=\"ltr\" class=\"bbc-1kju7ke-Paragraph e1cc2ql70\">Por lo pronto, ya ha decidido solicitar al Parlamento que renueve un l\u00edmite impuesto al derecho a reuni\u00f3n para evitar aglomeraciones, informaron medios locales. <\/p>\n<\/div>\n<div dir=\"ltr\" class=\"bbc-1ufkmt5-GridComponent e57qer20\">\n<figure class=\"bbc-m91nxa-Figure e6bmn90\">\n<div dir=\"ltr\" class=\"bbc-1gx5b6l-GridComponent e57qer20\">\n<div dir=\"ltr\" class=\"bbc-bqg5er-GridComponent e57qer20\" readability=\"6.5\">\n<div class=\"bbc-8q39gi-ImagePlaceholder e1whu0\" readability=\"8\"><noscript><img srcset=\"http:\/\/nuevacordoba.net\/wp-content\/uploads\/2021\/03\/como-uruguay-paso-de-ser-una-excepcion-en-la-pandemia-de-coronavirus-al-pais-con-mayor-tasa-de-casos-nuevos-en-america-latina-21.jpg 240w, http:\/\/nuevacordoba.net\/wp-content\/uploads\/2021\/03\/como-uruguay-paso-de-ser-una-excepcion-en-la-pandemia-de-coronavirus-al-pais-con-mayor-tasa-de-casos-nuevos-en-america-latina-22.jpg 320w, http:\/\/nuevacordoba.net\/wp-content\/uploads\/2021\/03\/como-uruguay-paso-de-ser-una-excepcion-en-la-pandemia-de-coronavirus-al-pais-con-mayor-tasa-de-casos-nuevos-en-america-latina-23.jpg 480w, http:\/\/nuevacordoba.net\/wp-content\/uploads\/2021\/03\/como-uruguay-paso-de-ser-una-excepcion-en-la-pandemia-de-coronavirus-al-pais-con-mayor-tasa-de-casos-nuevos-en-america-latina-24.jpg 624w, http:\/\/nuevacordoba.net\/wp-content\/uploads\/2021\/03\/como-uruguay-paso-de-ser-una-excepcion-en-la-pandemia-de-coronavirus-al-pais-con-mayor-tasa-de-casos-nuevos-en-america-latina-25.jpg 800w\" alt=\"Hospital en Montevideo.\" src=\"http:\/\/nuevacordoba.net\/wp-content\/uploads\/2021\/03\/como-uruguay-paso-de-ser-una-excepcion-en-la-pandemia-de-coronavirus-al-pais-con-mayor-tasa-de-casos-nuevos-en-america-latina-3.jpg\" width=\"976\" class=\"bbc-1suxhxy-StyledImg e1enwo3v0\"><\/noscript><\/p>\n<p role=\"text\" class=\"bbc-iif8qe-Copyright etq3yw90\"><span class=\"bbc-ow3j0s-VisuallyHiddenText e1yt7oin0\">Fuente de la imagen, <\/span><span lang=\"en-GB\">Getty Images<\/span><\/p>\n<\/div>\n<\/div>\n<div dir=\"ltr\" class=\"bbc-1cx6mr7-GridComponent e57qer20\" readability=\"6\"><figcaption dir=\"ltr\" class=\"bbc-1mhipbm-Caption eede9f50\" readability=\"2\"><span class=\"bbc-ow3j0s-VisuallyHiddenText e1yt7oin0\">Pie de foto, <\/span><\/p>\n<p>Es probable que Uruguay anuncie m\u00e1s medidas restrictivas esta semana.<\/p>\n<\/figcaption><\/div>\n<\/div>\n<\/figure>\n<\/div>\n<div dir=\"ltr\" class=\"bbc-1unnq9o-GridComponent e57qer20\" readability=\"9\">\n<p dir=\"ltr\" class=\"bbc-1kju7ke-Paragraph e1cc2ql70\">El presidente Lacalle se mostraba contrario hasta la semana pasada a adoptar medidas m\u00e1s restrictivas, como la prohibici\u00f3n de circulaci\u00f3n.<\/p>\n<\/div>\n<div dir=\"ltr\" class=\"bbc-1unnq9o-GridComponent e57qer20\" readability=\"12\">\n<p dir=\"ltr\" class=\"bbc-1kju7ke-Paragraph e1cc2ql70\">Sin embargo, el Grupo Asesor Cient\u00edfico Honorario (Gach), integrado por expertos como Medina y que aconseja al gobierno en la pandemia, sugiri\u00f3 en febrero limitar reuniones sociales o familiares y las actividades de comercios no esenciales.<\/p>\n<\/div>\n<div dir=\"ltr\" class=\"bbc-1unnq9o-GridComponent e57qer20\" readability=\"7\">\n<p dir=\"ltr\" class=\"bbc-1kju7ke-Paragraph e1cc2ql70\">Y el lunes <b>distintos especialistas reclamaron p\u00fablicamente m\u00e1s medidas.<\/b><\/p>\n<\/div>\n<div dir=\"ltr\" class=\"bbc-1unnq9o-GridComponent e57qer20\" readability=\"16\">\n<p dir=\"ltr\" class=\"bbc-1kju7ke-Paragraph e1cc2ql70\">\u00abA diferencia de la f\u00e1bula de la carrera entre la liebre (virus) y la tortuga (nosotros), ac\u00e1 no se va a dormir sola. Es ahora que hay que noquearla, bajando la movilidad con nuevas medidas, y as\u00ed llegar a la meta\u00bb, tuite\u00f3 Gonzalo Moratorio, un vir\u00f3logo del Instituto Pasteur de Montevideo, el lunes. <\/p>\n<\/div>\n<div dir=\"ltr\" class=\"bbc-1unnq9o-GridComponent e57qer20\" readability=\"8\">\n<p dir=\"ltr\" class=\"bbc-1kju7ke-Paragraph e1cc2ql70\">El nefr\u00f3logo Oscar Noboa sostuvo en la misma red que \u00abcada minuto sin medidas tiene costos muy altos para los enfermos y sus contactos\u00bb.<\/p>\n<\/div>\n<div dir=\"ltr\" class=\"bbc-1ufkmt5-GridComponent e57qer20\">\n<figure class=\"bbc-m91nxa-Figure e6bmn90\">\n<div dir=\"ltr\" class=\"bbc-1gx5b6l-GridComponent e57qer20\">\n<div dir=\"ltr\" class=\"bbc-bqg5er-GridComponent e57qer20\" readability=\"6.5\">\n<div class=\"bbc-8q39gi-ImagePlaceholder e1whu0\" readability=\"8\"><noscript><img srcset=\"http:\/\/nuevacordoba.net\/wp-content\/uploads\/2021\/03\/como-uruguay-paso-de-ser-una-excepcion-en-la-pandemia-de-coronavirus-al-pais-con-mayor-tasa-de-casos-nuevos-en-america-latina-26.jpg 240w, http:\/\/nuevacordoba.net\/wp-content\/uploads\/2021\/03\/como-uruguay-paso-de-ser-una-excepcion-en-la-pandemia-de-coronavirus-al-pais-con-mayor-tasa-de-casos-nuevos-en-america-latina-27.jpg 320w, http:\/\/nuevacordoba.net\/wp-content\/uploads\/2021\/03\/como-uruguay-paso-de-ser-una-excepcion-en-la-pandemia-de-coronavirus-al-pais-con-mayor-tasa-de-casos-nuevos-en-america-latina-28.jpg 480w, http:\/\/nuevacordoba.net\/wp-content\/uploads\/2021\/03\/como-uruguay-paso-de-ser-una-excepcion-en-la-pandemia-de-coronavirus-al-pais-con-mayor-tasa-de-casos-nuevos-en-america-latina-29.jpg 624w, http:\/\/nuevacordoba.net\/wp-content\/uploads\/2021\/03\/como-uruguay-paso-de-ser-una-excepcion-en-la-pandemia-de-coronavirus-al-pais-con-mayor-tasa-de-casos-nuevos-en-america-latina-30.jpg 800w\" alt=\"Enfermera en Uruguay.\" src=\"http:\/\/nuevacordoba.net\/wp-content\/uploads\/2021\/03\/como-uruguay-paso-de-ser-una-excepcion-en-la-pandemia-de-coronavirus-al-pais-con-mayor-tasa-de-casos-nuevos-en-america-latina-4.jpg\" width=\"976\" class=\"bbc-1suxhxy-StyledImg e1enwo3v0\"><\/noscript><\/p>\n<p role=\"text\" class=\"bbc-iif8qe-Copyright etq3yw90\"><span class=\"bbc-ow3j0s-VisuallyHiddenText e1yt7oin0\">Fuente de la imagen, <\/span><span lang=\"en-GB\">Getty Images<\/span><\/p>\n<\/div>\n<\/div>\n<div dir=\"ltr\" class=\"bbc-1cx6mr7-GridComponent e57qer20\" readability=\"6.5\"><figcaption dir=\"ltr\" class=\"bbc-1mhipbm-Caption eede9f50\" readability=\"3\"><span class=\"bbc-ow3j0s-VisuallyHiddenText e1yt7oin0\">Pie de foto, <\/span><\/p>\n<p>Uruguay estableci\u00f3 un calendario singular de vacunaci\u00f3n, sin comenzar por los mayores.<\/p>\n<\/figcaption><\/div>\n<\/div>\n<\/figure>\n<\/div>\n<div dir=\"ltr\" class=\"bbc-1unnq9o-GridComponent e57qer20\" readability=\"13\">\n<p dir=\"ltr\" class=\"bbc-1kju7ke-Paragraph e1cc2ql70\">\u00abLa realidad ya no nos permite ser optimistas. Es una carrera entre el aumento de casos y el muy buen ritmo de vacunaci\u00f3n. En este mes (entre hoy y mediados de abril) se juegan las finales. Es necesario adoptar medidas duras, aunque no gusten\u00bb, tuite\u00f3 Oscar Ventura, catedr\u00e1tico de la Universidad de Qu\u00edmica de la Udelar. <\/p>\n<\/div>\n<div dir=\"ltr\" class=\"bbc-1unnq9o-GridComponent e57qer20\" readability=\"9\">\n<p dir=\"ltr\" class=\"bbc-1kju7ke-Paragraph e1cc2ql70\"><b>Uruguay tambi\u00e9n ha adoptado un calendario singular de vacunaci\u00f3n<\/b>, sin comenzar por la poblaci\u00f3n de mayor edad como hicieron otros pa\u00edses por ser grupo de riesgo.<\/p>\n<\/div>\n<div dir=\"ltr\" class=\"bbc-1unnq9o-GridComponent e57qer20\" readability=\"12\">\n<p dir=\"ltr\" class=\"bbc-1kju7ke-Paragraph e1cc2ql70\">Esto se debe a que, seg\u00fan expertos locales, las primeras vacunas que recibi\u00f3 el pa\u00eds, del laboratorio chino Sinovac, carec\u00edan de suficientes ensayos cl\u00ednicos en mayores de 60 a\u00f1os.<\/p>\n<\/div>\n<div dir=\"ltr\" class=\"bbc-1unnq9o-GridComponent e57qer20\" readability=\"9\">\n<p dir=\"ltr\" class=\"bbc-1kju7ke-Paragraph e1cc2ql70\">El lunes el gobierno anunci\u00f3 que comenzar\u00e1 a vacunar a personas de entre 50 y 70 a\u00f1os. Pero a\u00fan se desconoce cu\u00e1ndo exactamente inocular\u00e1 a quienes tienen entre 70 y 75 con dosis de otros laboratorios.<\/p>\n<\/div>\n<div dir=\"ltr\" class=\"bbc-1unnq9o-GridComponent e57qer20\" readability=\"11\">\n<p dir=\"ltr\" class=\"bbc-1kju7ke-Paragraph e1cc2ql70\">Medina destaca la importancia clave de vacunarse contra la covid-19, pero se\u00f1ala que, <b>sin otras medidas, incluso una tasa alta de inoculaci\u00f3n tendr\u00eda escaso impacto en el momento actual del pa\u00eds<\/b>.<\/p>\n<\/div>\n<div dir=\"ltr\" class=\"bbc-1unnq9o-GridComponent e57qer20\" readability=\"9\">\n<p dir=\"ltr\" class=\"bbc-1kju7ke-Paragraph e1cc2ql70\">\u00abEsto no nos va a ayudar en esta etapa de aceleraci\u00f3n de la epidemia\u00bb, advierte. \u00abNos va a ir ayudando m\u00e1s adelante\u00bb.<\/p>\n<\/div>\n<div dir=\"ltr\" class=\"bbc-1ufkmt5-GridComponent e57qer20\">\n<figure class=\"bbc-m91nxa-Figure e6bmn90\">\n<div dir=\"ltr\" class=\"bbc-1gx5b6l-GridComponent e57qer20\">\n<div dir=\"ltr\" class=\"bbc-bqg5er-GridComponent e57qer20\">\n<div class=\"bbc-2bz91w-ImagePlaceholder e1whu0\"><noscript><img srcset=\"http:\/\/nuevacordoba.net\/wp-content\/uploads\/2021\/03\/como-uruguay-paso-de-ser-una-excepcion-en-la-pandemia-de-coronavirus-al-pais-con-mayor-tasa-de-casos-nuevos-en-america-latina-31.jpg 240w, http:\/\/nuevacordoba.net\/wp-content\/uploads\/2021\/03\/como-uruguay-paso-de-ser-una-excepcion-en-la-pandemia-de-coronavirus-al-pais-con-mayor-tasa-de-casos-nuevos-en-america-latina-32.jpg 320w, http:\/\/nuevacordoba.net\/wp-content\/uploads\/2021\/03\/como-uruguay-paso-de-ser-una-excepcion-en-la-pandemia-de-coronavirus-al-pais-con-mayor-tasa-de-casos-nuevos-en-america-latina-33.jpg 464w\" alt=\"L\u00ednea\" src=\"http:\/\/nuevacordoba.net\/wp-content\/uploads\/2021\/03\/como-uruguay-paso-de-ser-una-excepcion-en-la-pandemia-de-coronavirus-al-pais-con-mayor-tasa-de-casos-nuevos-en-america-latina-5.jpg\" width=\"464\" class=\"bbc-1suxhxy-StyledImg e1enwo3v0\"><\/noscript><\/div>\n<\/div>\n<\/div>\n<\/figure>\n<\/div>\n<div dir=\"ltr\" class=\"bbc-1unnq9o-GridComponent e57qer20\" readability=\"8\">\n<p dir=\"ltr\" class=\"bbc-1kju7ke-Paragraph e1cc2ql70\"><i class=\"bbc-h1y5j7 ewc4zcb0\">Recuerda que <\/i><i class=\"bbc-h1y5j7 ewc4zcb0\">puedes recibir notificaciones de BBC News Mundo. Descarga nuestra app y act\u00edvalas para no perderte nuestro mejor contenido.<\/i><\/p>\n<\/div>\n","protected":false},"excerpt":{"rendered":"<p>Gerardo Lissardy BBC News Mundo 16 marzo 2021 Fuente de la imagen, Ernesto Ryan Pie de foto, Hasta ahora, el sistema sanitario uruguayo no ha sido desbordado. Cuando muchos en el mundo a\u00fan ve\u00edan a Uruguay como una excepci\u00f3n latinoamericana en el control de contagios de covid-19, el doctor Julio Medina lanz\u00f3 una advertencia desde [&hellip;]<\/p>\n","protected":false},"author":1,"featured_media":2130,"comment_status":"closed","ping_status":"closed","sticky":false,"template":"","format":"standard","meta":[],"categories":[13],"tags":[],"_links":{"self":[{"href":"http:\/\/nuevacordoba.net\/index.php\/wp-json\/wp\/v2\/posts\/2129"}],"collection":[{"href":"http:\/\/nuevacordoba.net\/index.php\/wp-json\/wp\/v2\/posts"}],"about":[{"href":"http:\/\/nuevacordoba.net\/index.php\/wp-json\/wp\/v2\/types\/post"}],"author":[{"embeddable":true,"href":"http:\/\/nuevacordoba.net\/index.php\/wp-json\/wp\/v2\/users\/1"}],"replies":[{"embeddable":true,"href":"http:\/\/nuevacordoba.net\/index.php\/wp-json\/wp\/v2\/comments?post=2129"}],"version-history":[{"count":0,"href":"http:\/\/nuevacordoba.net\/index.php\/wp-json\/wp\/v2\/posts\/2129\/revisions"}],"wp:featuredmedia":[{"embeddable":true,"href":"http:\/\/nuevacordoba.net\/index.php\/wp-json\/wp\/v2\/media\/2130"}],"wp:attachment":[{"href":"http:\/\/nuevacordoba.net\/index.php\/wp-json\/wp\/v2\/media?parent=2129"}],"wp:term":[{"taxonomy":"category","embeddable":true,"href":"http:\/\/nuevacordoba.net\/index.php\/wp-json\/wp\/v2\/categories?post=2129"},{"taxonomy":"post_tag","embeddable":true,"href":"http:\/\/nuevacordoba.net\/index.php\/wp-json\/wp\/v2\/tags?post=2129"}],"curies":[{"name":"wp","href":"https:\/\/api.w.org\/{rel}","templated":true}]}}