{"id":21298,"date":"2022-06-26T22:17:08","date_gmt":"2022-06-26T22:17:08","guid":{"rendered":"https:\/\/puntoapunto.com.ar\/?p=334920"},"modified":"2022-06-26T22:17:08","modified_gmt":"2022-06-26T22:17:08","slug":"melconian-post-reunion-con-cfk-hay-que-darle-la-chance-a-que-la-gente-cambie","status":"publish","type":"post","link":"http:\/\/nuevacordoba.net\/index.php\/2022\/06\/26\/melconian-post-reunion-con-cfk-hay-que-darle-la-chance-a-que-la-gente-cambie\/","title":{"rendered":"Melconian post reuni\u00f3n con CFK: \u00b4hay que darle la chance a que la gente cambie\u00b4"},"content":{"rendered":"<div class=\"g g-35\">\n<div class=\"g-single a-29\"><a class=\"gofollow\" data-track=\"MjksMzUsMSw2MA==\" href=\"https:\/\/www.harmoniechateau.com.ar\/\" target=\"_blank\" rel=\"noopener\"><img src=\"http:\/\/nuevacordoba.net\/wp-content\/uploads\/2022\/06\/melconian-post-reunion-con-cfk-hay-que-darle-la-chance-a-que-la-gente-cambie.gif\"><\/a><\/div>\n<\/div>\n<p>\u00abEl plan que estamos armando es apol\u00edtico, eh? \u00bfQueda claro? A-po-l\u00ed-ti-co. Va a estar disponible para todas las fuerzas pol\u00edticas que compitan en las elecciones del 2023\u201d. Con la verborragia que lo caracteriza, Carlos Melconian trataba de dejar en claro en su presentaci\u00f3n como presidente del Ieral de la Fundaci\u00f3n Mediterr\u00e1nea que el trabajo no estaba destinado a un potencial gobierno de Juntos por Cambio, tal como intu\u00edan el empresariado y el mercado (algunos todav\u00eda lo creen). Aunque no logr\u00f3 despejar todas las dudas que gener\u00f3 su designaci\u00f3n, en marzo de este a\u00f1o, al menos logr\u00f3 encantar a buena parte de los empresarios que se llegaron hasta el Holiday Inn paraa escucharlo. Ese d\u00eda les habl\u00f3 directo a los empresarios. \u201cEl desaf\u00edo se cumpli\u00f3 con creces. Carlos va a hacer un buen papel en el Ieral: el programa que va a armar va a ayudar para que el pa\u00eds salga adelante\u201d, dijeron desde la Mediterr\u00e1nea,<\/p>\n<p>El m\u00e1s h\u00e1bil de los economistas arriba de un escenario se retir\u00f3 confiado luego del ok empresarial de la Mediterr\u00e1nea que hasta ese momento lo miraba de reojo. \u201cEstamos bien, fue muy positivo\u201d, dijo escueto cuando se retiraba junto a su equipo de trabajo.<\/p>\n<p>Tres meses despu\u00e9s, Melconian cont\u00f3 su plan, una vez m\u00e1s, a un pol\u00edtico. Y lo hab\u00eda hecho con Horacio Rodr\u00edguez Larreta, Patricia Bullrich, Mauricio Macri y hasta Sergio Massa. Esta vez, sin embargo, la trascendencia fue mucho mayor, porque quien escuchaba fue Cristina Fern\u00e1ndez de Kirchner, en la casa de uno de los secretarios de la vice, reuni\u00f3n que cont\u00f3, adem\u00e1s, con la presencia de la presidenta de la Fundaci\u00f3n Mediterr\u00e1nea, Mar\u00eda P\u00eda Astori. Y en un contexto caliente, con la interna del Frente de Todos al rojo vivo, con el ministro Mart\u00edn Guzm\u00e1n en la mira del kirchnerismo duro.<\/p>\n<p>Qu\u00e9 se dijo y qu\u00e9 no. \u201cYo no tengo un discurso en privado y otro en p\u00fablico, as\u00ed que vayan imaginando todo lo hablado ah\u00ed, institucional como no institucional, tiene que ver con lo mismo que vengo diciendo desde hace 30 a\u00f1os\u201d, dijo Melconian. \u201cAunque yo no est\u00e9 de acuerdo ni con su gobierno ni con lo ideol\u00f3gico, a m\u00ed me llama un presidente o un vicepresidente, y voy, \u00bfc\u00f3mo no voy a ir? Yo voy a hablar con todos: distinto es que despu\u00e9s uno ya quiera o no hacer algo con ellos\u201d, agreg\u00f3 Melconian. \u201cCon la reuni\u00f3n con Cristina llen\u00e9 el \u00e1lbum, porque yo he estado con todos\u201d, destac\u00f3 en di\u00e1logo con Radio Mitre.<\/p>\n<p>\u201cComo yo tengo c\u00f3digos, habl\u00e9 poco de este tema con los periodistas, pero lo que le\u00ed est\u00e1 bien, me tengo que comer (sic) las repercusiones, porque yo he sido muy cr\u00edtico (del kirchnerismo)\u201d, indic\u00f3 Melconian.<\/p>\n<p>Y a\u00f1adi\u00f3: \u201cEsto es por encima de la grieta: la reuni\u00f3n fue el mi\u00e9rcoles pasado, pero se enmarca en lo que hemos hecho p\u00fablico desde Ieral, que es nuestro deseo de hablar con todo el mundo, nos hemos tomado muy a pecho esto de hablar con todo el mundo, hemos estado con gobernadores, con dirigentes, con la iglesia, con los empresarios, con todos. Y ahora nos reunimos con Cristina\u201d, sostuvo el economista, remarcando la necesidad de \u201cque hace falta que el a\u00f1o pr\u00f3ximo todos trabajemos en un programa para el pueblo argentino. Yo trabajo para todos los argentinos, trabajo por el pa\u00eds, no me importa lo que me digan en las redes sociales\u201d.<\/p>\n<p>Sin sorpresas.&nbsp;\u201cNo me sorprendi\u00f3 que me llamaran para reunirme, como tampoco me sorprendi\u00f3 cuando me llamaron otros presidentes\u201d, precis\u00f3 Melconian, destacando que \u201cyo les digo a todos lo mismo: que el fisco no va m\u00e1s, que la emisi\u00f3n produce inflaci\u00f3n, que los planes tal como est\u00e1n no van m\u00e1s. En su momento, le dije a Macri que la salida al d\u00f3lar no pod\u00eda ser el s\u00faper cepo, que las importaciones no son camisas de Taiw\u00e1n, que sin importaciones la industria no puede funcionar, que los pol\u00edticos no se pueden cagar a trompadas entre ellos\u201d, se\u00f1al\u00f3.<\/p>\n<p>Fiel a su estilo, Melconian sostuvo que \u201cme gusta este quilombo porque para poner en marcha a la Argentina va a implicar meter adentro a todo lo que se pueda, hay que darle la chance a que la gente cambie\u201d. \u201cMi tarea no es buscar acuerdos desde el punto de vista pol\u00edtico, yo me remito a lo m\u00edo, pero si no ten\u00e9s a la pol\u00edtica detr\u00e1s de tu proyecto no se puede\u201d, destac\u00f3.<\/p>\n<p>\u201cQuiero volver al pa\u00eds que imaginamos desde el Ieral. El gobierno tiene que agarrar el manual de c\u00f3mo se llega a la otra orilla, pero no sacaron el manual a la cancha despu\u00e9s de las elecciones de medio tiempo, lo \u00fanico que hubo fue un acuerdo con el FMI, que tambi\u00e9n se lo viola\u201d. \u201cDe algunas modificaciones cl\u00e1sicas no se van a salvar, y esto no lo digo con alegr\u00eda ni con tristeza, fue tambi\u00e9n lo que tuvo que hacer F\u00e1bregas durante el gobierno de Mauricio Macri\u201d, a\u00f1adi\u00f3.<\/p>\n<p>Respecto al debate sobre planes y movimientos sociales sostuvo: \u201cLa gente est\u00e1 mal, paliativos hay que dar, que no es la soluci\u00f3n. La soluci\u00f3n es que haya empleo formal, pero el paliativo tiene que ser una transici\u00f3n a la b\u00fasqueda de un empleo y te dicen en la cara que se quedan con una comisi\u00f3n de los planes y eso no puede ser\u201d.<\/p>\n<p>El plan del Ieral para el pr\u00f3ximo gobierno<br \/>Los ejes del programa en el que trabajan Carlos Melconian se basan en \u201cconsistencia de verdad y no de sarasa, fiscal, monetaria y cambiaria; precios relativos; acuerdos y equipos. No puede faltar ninguno de estos ingredientes. Nunca conceb\u00ed el crecimiento sin inclusi\u00f3n social y con armonizaci\u00f3n federal. Por eso hemos venido a la Mediterr\u00e1nea: para estar de Ushuaia a La Quiaca\u201d, enfatiz\u00f3 en la presentaci\u00f3n del programa que realiz\u00f3 en C\u00f3rdoba y luego en otras provincias.<\/p>\n","protected":false},"excerpt":{"rendered":"<p>\u00abEl plan que estamos armando es apol\u00edtico, eh? \u00bfQueda claro? A-po-l\u00ed-ti-co. Va a estar disponible para todas las fuerzas pol\u00edticas que compitan en las elecciones del 2023\u201d. Con la verborragia que lo caracteriza, Carlos Melconian trataba de dejar en claro en su presentaci\u00f3n como presidente del Ieral de la Fundaci\u00f3n Mediterr\u00e1nea que el trabajo no [&hellip;]<\/p>\n","protected":false},"author":1,"featured_media":21299,"comment_status":"open","ping_status":"closed","sticky":false,"template":"","format":"standard","meta":[],"categories":[12,14],"tags":[],"_links":{"self":[{"href":"http:\/\/nuevacordoba.net\/index.php\/wp-json\/wp\/v2\/posts\/21298"}],"collection":[{"href":"http:\/\/nuevacordoba.net\/index.php\/wp-json\/wp\/v2\/posts"}],"about":[{"href":"http:\/\/nuevacordoba.net\/index.php\/wp-json\/wp\/v2\/types\/post"}],"author":[{"embeddable":true,"href":"http:\/\/nuevacordoba.net\/index.php\/wp-json\/wp\/v2\/users\/1"}],"replies":[{"embeddable":true,"href":"http:\/\/nuevacordoba.net\/index.php\/wp-json\/wp\/v2\/comments?post=21298"}],"version-history":[{"count":0,"href":"http:\/\/nuevacordoba.net\/index.php\/wp-json\/wp\/v2\/posts\/21298\/revisions"}],"wp:featuredmedia":[{"embeddable":true,"href":"http:\/\/nuevacordoba.net\/index.php\/wp-json\/wp\/v2\/media\/21299"}],"wp:attachment":[{"href":"http:\/\/nuevacordoba.net\/index.php\/wp-json\/wp\/v2\/media?parent=21298"}],"wp:term":[{"taxonomy":"category","embeddable":true,"href":"http:\/\/nuevacordoba.net\/index.php\/wp-json\/wp\/v2\/categories?post=21298"},{"taxonomy":"post_tag","embeddable":true,"href":"http:\/\/nuevacordoba.net\/index.php\/wp-json\/wp\/v2\/tags?post=21298"}],"curies":[{"name":"wp","href":"https:\/\/api.w.org\/{rel}","templated":true}]}}