{"id":21300,"date":"2022-06-26T23:17:10","date_gmt":"2022-06-26T23:17:10","guid":{"rendered":"http:\/\/nuevacordoba.net\/index.php\/2022\/06\/26\/mas-protestas-contra-la-decision-de-la-corte-suprema-de-anular-el-aborto\/"},"modified":"2022-06-26T23:17:10","modified_gmt":"2022-06-26T23:17:10","slug":"mas-protestas-contra-la-decision-de-la-corte-suprema-de-anular-el-aborto","status":"publish","type":"post","link":"http:\/\/nuevacordoba.net\/index.php\/2022\/06\/26\/mas-protestas-contra-la-decision-de-la-corte-suprema-de-anular-el-aborto\/","title":{"rendered":"M\u00e1s protestas contra la decisi\u00f3n de la Corte Suprema de anular el aborto"},"content":{"rendered":"<figure class=\"mb-3\"><img loading=\"lazy\" src=\"http:\/\/nuevacordoba.net\/wp-content\/uploads\/2022\/06\/mas-protestas-contra-la-decision-de-la-corte-suprema-de-anular-el-aborto.jpg\" width=\"100%\" height=\"100%\" alt=\"En las manifestaciones se registr una mayora de mujeres Foto AFP\"><figcaption> En las manifestaciones se registr\u00f3 una mayor\u00eda de mujeres. Foto: AFP <\/figcaption><\/figure>\n<p>Las protestas en Estados Unidos tras la sentencia de la Corte Suprema que el viernes \u00faltimo anul\u00f3 el derecho federal a la interrupci\u00f3n legal del embazado y que perfila una fuerte presi\u00f3n sobre la \u00abpastilla del d\u00eda despu\u00e9s\u00bb, se multiplicaban y atravesaban este domingo todo el pa\u00eds, inform\u00f3 la prensa local.<\/p>\n<p>Miles de personas, en su enorme mayor\u00eda mujeres, protestaron un d\u00eda m\u00e1s en calles de las principales ciudades de Estados Unidos contra la decisi\u00f3n de anular el derecho federal al aborto y dejarlo, en cambio, en manos de los estados, en manifestaciones que amagan con prolongarse en el tiempo.<\/p>\n<p><strong>Las ciudades de Eugene y Portland<\/strong>, en el estado de Oreg\u00f3n, fueron algunos de los escenarios de protestas a favor del aborto. Entre los carteles que sosten\u00eda el centenar de manifestantes de Portland, por ejemplo, se pod\u00edan leer leyendas como \u00abMuerte en la Corte Suprema\u00bb.<\/p>\n<p>Tambi\u00e9n se registraron nuevas manifestaciones <strong>en Nueva York y en Washington,<\/strong> justamente frente a la sede de la Corte, donde dos personas fueron detenidas, inform\u00f3 la agencia de noticias ANSA.<\/p>\n<p><strong>El viernes pasado, la mayor\u00eda conservadora de la Corte Suprema enterr\u00f3 el derecho al aborto, que era legal en el pa\u00eds desde 1973, lo que fue considerado \u00abun error tr\u00e1gico\u00bb por el presidente Joe Biden<\/strong>, aprovechado por varios estados para avanzar en medidas contrarias a las interrupciones del embarazo y celebrado y cuestionado por organizaciones de derecha y progresistas, respectivamente, a\u00fan desde afuera del pa\u00eds.<\/p>\n<p>En este contexto, de acuerdo con un sondeo de la consultora Gallup, publicado por ANSA este domingo, la confianza de los ciudadanos estadounidenses en el tribunal supremo disminuy\u00f3: solo 25% de los encuestados conf\u00eda en \u00e9l, frente a 36% de hace un a\u00f1o.<\/p>\n<p>El m\u00ednimo hist\u00f3rico anterior fue de 30% en 2014, un a\u00f1o en el que la confianza en las principales instituciones estadounidenses toc\u00f3 fondo en general, con un promedio de 31%.<\/p>\n<blockquote class=\"twitter-tweet\" readability=\"11.651296829971\">\n<p lang=\"en\" dir=\"ltr\">We have been sounding the alarm about this for a long time.<\/p>\n<p>Some may want to go after the messenger, but we simply cannot make promises, hector people to vote, and then refuse to use our full power when they do.<\/p>\n<p>We still have time to fix this and act. But we need to be brave. <a href=\"https:\/\/t.co\/dOWzxBWFOy\">https:\/\/t.co\/dOWzxBWFOy<\/a><\/p>\n<p>\u2014 Alexandria Ocasio-Cortez (@AOC) <a href=\"https:\/\/twitter.com\/AOC\/status\/1541109104957132800?ref_src=twsrc%5Etfw\">June 26, 2022<\/a><\/p><\/blockquote>\n<p>Durante los \u00faltimos 16 a\u00f1os, el apoyo al tribunal supremo se desplom\u00f3 en general: entre 1973 y 2006, el promedio fue de 47%.<\/p>\n<p>Junto al aborto, tambi\u00e9n se perfila una fuerte presi\u00f3n sobre la \u00abpastilla del d\u00eda despu\u00e9s\u00bb.<\/p>\n<p><strong>La gobernadora republicana de Dakota del Sur, Kristi Noem, anunci\u00f3 que prohibir\u00e1 las citas de telemedicina para evitar que las mujeres obtengan p\u00edldoras abortivas<\/strong> recetadas en l\u00ednea y las reciban por correo.<\/p>\n<p>Seg\u00fan un informe del Departamento de Seguridad Interna, existe el riesgo de que extremistas internos se aprovechen de la situaci\u00f3n creada por la sentencia de la Corte Suprema para realizar actos de violencia, inform\u00f3 el portal ABC.<\/p>\n<p>La valoraci\u00f3n, seg\u00fan el reporte, se basa \u00aben el aumento de la violencia ocurrido en mayo tras la filtraci\u00f3n de noticias sobre la opini\u00f3n de los m\u00e1ximos jueces sobre el aborto\u00bb.<\/p>\n<p>La amenaza, advirti\u00f3 el departamento, podr\u00eda durar \u00absemanas\u00bb.<\/p>\n<p><strong>Los \u00abextremistas internos\u00bb son el blanco de jueces, funcionarios gubernamentales y estatales.<\/strong> Pero tambi\u00e9n las cl\u00ednicas y las protestas pro-aborto que se dan mayoritariamente pac\u00edficamente en estas horas.<\/p>\n<p>La diputada dem\u00f3crata<strong> Alexandria Ocasio-Cortez pidi\u00f3 a Biden que reaccione ante la decisi\u00f3n del tribunal supremo y abra \u00abinmediatamente cl\u00ednicas\u00bb para la pr\u00e1ctica del aborto \u00aben los terrenos federales en los Estados republicanos que impongan la prohibici\u00f3n\u00bb.<\/strong><\/p>\n<p>\u00abHay cosas que el presidente puede hacer ahora mismo. Este es el primer paso, el paso m\u00e1s peque\u00f1o\u00bb, expres\u00f3 Ocasio-Cortez en una manifestaci\u00f3n en Nueva York.<\/p>\n<p><strong>La senadora dem\u00f3crata Elizabeth Warren tambi\u00e9n inst\u00f3 al mandatario a \u00abexplorar hasta qu\u00e9 punto se pueden usar tierras federales para proteger a las mujeres que necesitan acceder al aborto en todos los estados que lo prohibieron o est\u00e1n en proceso de hacerlo\u00bb.<\/strong><\/p>\n<p>\u00abHay mucho que podemos hacer a nivel federal desde un punto de vista administrativo bajo la ley actual. Tenemos que hacerlo\u00bb, insisti\u00f3 Warren. <\/p>\n","protected":false},"excerpt":{"rendered":"<p>En las manifestaciones se registr\u00f3 una mayor\u00eda de mujeres. Foto: AFP Las protestas en Estados Unidos tras la sentencia de la Corte Suprema que el viernes \u00faltimo anul\u00f3 el derecho federal a la interrupci\u00f3n legal del embazado y que perfila una fuerte presi\u00f3n sobre la \u00abpastilla del d\u00eda despu\u00e9s\u00bb, se multiplicaban y atravesaban este domingo [&hellip;]<\/p>\n","protected":false},"author":1,"featured_media":21301,"comment_status":"closed","ping_status":"closed","sticky":false,"template":"","format":"standard","meta":[],"categories":[13],"tags":[],"_links":{"self":[{"href":"http:\/\/nuevacordoba.net\/index.php\/wp-json\/wp\/v2\/posts\/21300"}],"collection":[{"href":"http:\/\/nuevacordoba.net\/index.php\/wp-json\/wp\/v2\/posts"}],"about":[{"href":"http:\/\/nuevacordoba.net\/index.php\/wp-json\/wp\/v2\/types\/post"}],"author":[{"embeddable":true,"href":"http:\/\/nuevacordoba.net\/index.php\/wp-json\/wp\/v2\/users\/1"}],"replies":[{"embeddable":true,"href":"http:\/\/nuevacordoba.net\/index.php\/wp-json\/wp\/v2\/comments?post=21300"}],"version-history":[{"count":0,"href":"http:\/\/nuevacordoba.net\/index.php\/wp-json\/wp\/v2\/posts\/21300\/revisions"}],"wp:featuredmedia":[{"embeddable":true,"href":"http:\/\/nuevacordoba.net\/index.php\/wp-json\/wp\/v2\/media\/21301"}],"wp:attachment":[{"href":"http:\/\/nuevacordoba.net\/index.php\/wp-json\/wp\/v2\/media?parent=21300"}],"wp:term":[{"taxonomy":"category","embeddable":true,"href":"http:\/\/nuevacordoba.net\/index.php\/wp-json\/wp\/v2\/categories?post=21300"},{"taxonomy":"post_tag","embeddable":true,"href":"http:\/\/nuevacordoba.net\/index.php\/wp-json\/wp\/v2\/tags?post=21300"}],"curies":[{"name":"wp","href":"https:\/\/api.w.org\/{rel}","templated":true}]}}