{"id":21317,"date":"2022-06-27T03:04:08","date_gmt":"2022-06-27T03:04:08","guid":{"rendered":"https:\/\/puntoapunto.com.ar\/?p=334900"},"modified":"2022-06-27T03:04:08","modified_gmt":"2022-06-27T03:04:08","slug":"milei-en-cordoba-galeria-de-fotos-y-los-detalles-de-su-plan-motosierra-para-la-economia","status":"publish","type":"post","link":"http:\/\/nuevacordoba.net\/index.php\/2022\/06\/27\/milei-en-cordoba-galeria-de-fotos-y-los-detalles-de-su-plan-motosierra-para-la-economia\/","title":{"rendered":"Milei en C\u00f3rdoba: galer\u00eda de fotos y los detalles de su plan \u00b4motosierra\u00b4 para la econom\u00eda"},"content":{"rendered":"<div class=\"g g-35\">\n<div class=\"g-single a-29\"><a class=\"gofollow\" data-track=\"MjksMzUsMSw2MA==\" href=\"https:\/\/www.harmoniechateau.com.ar\/\" target=\"_blank\" rel=\"noopener\"><img src=\"http:\/\/nuevacordoba.net\/wp-content\/uploads\/2022\/06\/milei-en-cordoba-galeria-de-fotos-y-los-detalles-de-su-plan-motosierra-para-la-economia.gif\"><\/a><\/div>\n<\/div>\n<p>Por Rodrigo Miranda, especial para Perfil C\u00f3rdoba.<\/p>\n<p>Metido de lleno en sus aspiraciones presidenciales, el diputado nacional Javier Milei fue el protagonista central de un acto en C\u00f3rdoba que congreg\u00f3 a dirigentes locales y de provincias vecinas, a los que se sum\u00f3 un grupo de militantes y simpatizantes de Capital, Villa Mar\u00eda, R\u00edo Cuarto, Carlos Paz y Bell Ville.<\/p>\n<p>En territorio cordob\u00e9s, el referente libertario recibi\u00f3 el apoyo de los partidos Dem\u00f3crata, Libertario y el MID, en la alianza la Libertad Avanza. Tambi\u00e9n adquiere protagonismo su pata joven, representada en la Juventud Libertaria.<\/p>\n<p>Milei fue el encargado de cerrar el encuentro que se desarroll\u00f3 en la tarde del s\u00e1bado en el Studio Theater, ubicado en pleno centro de C\u00f3rdoba, y que congreg\u00f3 a unas 500 personas que identifican su figura en torno a las ideas liberales y comparten las reformas pro-mercado y el freno a la casta pol\u00edtica que impulsa en su carrera a la presidencia de la naci\u00f3n.<\/p>\n<p>Con su fuerte protagonismo en territorio porte\u00f1o, Milei y sus estrategas buscan desembarcar fuerte en los distritos m\u00e1s poblados del pa\u00eds con la presentaci\u00f3n de un programa econ\u00f3mico para la Argentina, y alejado de la interna libertaria, de cara a la disputa electoral del a\u00f1o pr\u00f3ximo.<\/p>\n<p>El acto se anunci\u00f3 como la primera jornada cordobesa de la Libertad Avanza para compartir el an\u00e1lisis de la realidad social y econ\u00f3mica que atraviesa el pa\u00eds y lanzar las propuestas del espacio concentradas en lo que dio en llamar el \u201cplan motosierra\u201d del Estado que apunta a tres generaciones de reformas en un proceso secuencial que \u201cno puede quemar etapas\u201d, se advirti\u00f3 desde su entorno.<\/p>\n<p><img loading=\"lazy\" class=\"alignnone wp-image-334902\" src=\"http:\/\/nuevacordoba.net\/wp-content\/uploads\/2022\/06\/milei-en-cordoba-galeria-de-fotos-y-los-detalles-de-su-plan-motosierra-para-la-economia.jpg\" alt width=\"590\" height=\"393\" srcset=\"http:\/\/nuevacordoba.net\/wp-content\/uploads\/2022\/06\/milei-en-cordoba-galeria-de-fotos-y-los-detalles-de-su-plan-motosierra-para-la-economia.jpg 300w, http:\/\/nuevacordoba.net\/wp-content\/uploads\/2022\/06\/milei-en-cordoba-galeria-de-fotos-y-los-detalles-de-su-plan-motosierra-para-la-economia-11.jpg 768w, http:\/\/nuevacordoba.net\/wp-content\/uploads\/2022\/06\/milei-en-cordoba-galeria-de-fotos-y-los-detalles-de-su-plan-motosierra-para-la-economia-12.jpg 750w, http:\/\/nuevacordoba.net\/wp-content\/uploads\/2022\/06\/milei-en-cordoba-galeria-de-fotos-y-los-detalles-de-su-plan-motosierra-para-la-economia-13.jpg 1000w\" sizes=\"(max-width: 590px) 100vw, 590px\"> <img loading=\"lazy\" class=\"alignnone wp-image-334903\" src=\"http:\/\/nuevacordoba.net\/wp-content\/uploads\/2022\/06\/milei-en-cordoba-galeria-de-fotos-y-los-detalles-de-su-plan-motosierra-para-la-economia-1.jpg\" alt width=\"588\" height=\"392\" srcset=\"http:\/\/nuevacordoba.net\/wp-content\/uploads\/2022\/06\/milei-en-cordoba-galeria-de-fotos-y-los-detalles-de-su-plan-motosierra-para-la-economia-1.jpg 300w, http:\/\/nuevacordoba.net\/wp-content\/uploads\/2022\/06\/milei-en-cordoba-galeria-de-fotos-y-los-detalles-de-su-plan-motosierra-para-la-economia-14.jpg 768w, http:\/\/nuevacordoba.net\/wp-content\/uploads\/2022\/06\/milei-en-cordoba-galeria-de-fotos-y-los-detalles-de-su-plan-motosierra-para-la-economia-15.jpg 750w, http:\/\/nuevacordoba.net\/wp-content\/uploads\/2022\/06\/milei-en-cordoba-galeria-de-fotos-y-los-detalles-de-su-plan-motosierra-para-la-economia-16.jpg 1000w\" sizes=\"(max-width: 588px) 100vw, 588px\"> <img loading=\"lazy\" class=\"alignnone wp-image-334904\" src=\"http:\/\/nuevacordoba.net\/wp-content\/uploads\/2022\/06\/milei-en-cordoba-galeria-de-fotos-y-los-detalles-de-su-plan-motosierra-para-la-economia-2.jpg\" alt width=\"590\" height=\"393\" srcset=\"http:\/\/nuevacordoba.net\/wp-content\/uploads\/2022\/06\/milei-en-cordoba-galeria-de-fotos-y-los-detalles-de-su-plan-motosierra-para-la-economia-2.jpg 300w, http:\/\/nuevacordoba.net\/wp-content\/uploads\/2022\/06\/milei-en-cordoba-galeria-de-fotos-y-los-detalles-de-su-plan-motosierra-para-la-economia-17.jpg 768w, http:\/\/nuevacordoba.net\/wp-content\/uploads\/2022\/06\/milei-en-cordoba-galeria-de-fotos-y-los-detalles-de-su-plan-motosierra-para-la-economia-18.jpg 750w, http:\/\/nuevacordoba.net\/wp-content\/uploads\/2022\/06\/milei-en-cordoba-galeria-de-fotos-y-los-detalles-de-su-plan-motosierra-para-la-economia-19.jpg 1000w\" sizes=\"(max-width: 590px) 100vw, 590px\"><\/p>\n<p><strong>La previa. <\/strong>Antes de que subiera al escenario el l\u00edder del espacio, hablaron el joven empresario cordob\u00e9s Francisco Pendas, la economista santafesina Romina Diez; los legisladores Rebeca Fleitas, de CABA, y Mart\u00edn Menem, de La Rioja; y la referente del espacio de juventud \u201cGeneraci\u00f3n Libertaria\u201d, MilaZurbriggen. Como invitadas estuvieron la economista Diana Mondino y la abogada Ver\u00f3nica Sikora.<\/p>\n<p>En todo el trayecto de su discurso, Milei apunt\u00f3 duro contra la casta pol\u00edtica atribuy\u00e9ndole toda la responsabilidad de haber llevado a la Argentina \u201ca la miseria y la pobreza\u201d.<\/p>\n<p>El economista con traje de candidato afirm\u00f3 que el Estado es una \u201corganizaci\u00f3n criminal\u201d que, con la fuerte presi\u00f3n de los impuestos, termina \u201cdestruyendo a la sociedad\u201d. La otra pata de esa situaci\u00f3n que cuestiona es el echar mano al endeudamiento y la maquinita de emisi\u00f3n de pesos que produce inflaci\u00f3n.<\/p>\n<p>En su discurso, el libertario calific\u00f3 de \u201cnefasta\u201d la frase pronunciada por la castra pol\u00edtica de \u201cdonde hay una necesidad nace un derecho\u201d. En ese sentido, advirti\u00f3 que \u201ctenemos necesidades infinitas y recursos escasos\u201d.<\/p>\n<p>En el marco de su proyecto presidencial, pidi\u00f3 poner un freno al modelo de la casta pol\u00edtica y hacer un giro de 280 grados hacia reformas pro-mercado. Con su plan econ\u00f3mico, Milei se mostr\u00f3 convencido que el prop\u00f3sito \u201ces terminar con la pobreza y convertir a la Argentina en potencia en 35 a\u00f1os\u201d.<\/p>\n<p>Sostuvo que la realidad no cambiar\u00e1 de un d\u00eda para el otro. Al respecto, Milei afirm\u00f3 que su espacio viene a plantear \u201cverdades inc\u00f3modas para cambiar la Argentina de verdad\u201d.<\/p>\n<p>\u201cSabemos qu\u00e9 hay que hay que hacer y c\u00f3mo hacerlo\u201d, destac\u00f3 y resalt\u00f3 que no viene a mentirle a la gente. Habl\u00f3 de una senda para que la Argentina salga de la miseria y vaya hacia el crecimiento, pero eso \u201cno ser\u00e1 de un d\u00eda para el otro\u201d, apunt\u00f3.<\/p>\n<p>En esta l\u00ednea, Milei traz\u00f3 un camino en torno al capitalismo, pero con trabajo duro y medidas de largo plazo que llevar\u00e1n 35 a\u00f1os para alcanzar el objetivo de una Argentina como potencia y claro crecimiento.<\/p>\n<p>En tribuna partidaria, asegur\u00f3 que busca poner de pie a la Argentina con su plan econ\u00f3mico que concentra tres generaciones de reformas. Claramente reformas pro-mercado, aunque sum\u00f3 que hay que dar \u201cuna batalla moral y cultura\u201d ante \u201cuna casta que nunca se rinde\u201d.<\/p>\n<p>En este plano carg\u00f3 dur\u00edsimo contra la dirigencia pol\u00edtica actual y reforz\u00f3 su figura al mostrarse como un \u201coutsider\u201d.<\/p>\n<p><img loading=\"lazy\" class=\"alignnone wp-image-334905\" src=\"http:\/\/nuevacordoba.net\/wp-content\/uploads\/2022\/06\/milei-en-cordoba-galeria-de-fotos-y-los-detalles-de-su-plan-motosierra-para-la-economia-3.jpg\" alt width=\"591\" height=\"443\" srcset=\"http:\/\/nuevacordoba.net\/wp-content\/uploads\/2022\/06\/milei-en-cordoba-galeria-de-fotos-y-los-detalles-de-su-plan-motosierra-para-la-economia-3.jpg 300w, http:\/\/nuevacordoba.net\/wp-content\/uploads\/2022\/06\/milei-en-cordoba-galeria-de-fotos-y-los-detalles-de-su-plan-motosierra-para-la-economia-20.jpg 768w, http:\/\/nuevacordoba.net\/wp-content\/uploads\/2022\/06\/milei-en-cordoba-galeria-de-fotos-y-los-detalles-de-su-plan-motosierra-para-la-economia-21.jpg 750w, http:\/\/nuevacordoba.net\/wp-content\/uploads\/2022\/06\/milei-en-cordoba-galeria-de-fotos-y-los-detalles-de-su-plan-motosierra-para-la-economia-22.jpg 1000w\" sizes=\"(max-width: 591px) 100vw, 591px\"> <img loading=\"lazy\" class=\"alignnone wp-image-334906\" src=\"http:\/\/nuevacordoba.net\/wp-content\/uploads\/2022\/06\/milei-en-cordoba-galeria-de-fotos-y-los-detalles-de-su-plan-motosierra-para-la-economia-4.jpg\" alt width=\"598\" height=\"269\" srcset=\"http:\/\/nuevacordoba.net\/wp-content\/uploads\/2022\/06\/milei-en-cordoba-galeria-de-fotos-y-los-detalles-de-su-plan-motosierra-para-la-economia-4.jpg 300w, http:\/\/nuevacordoba.net\/wp-content\/uploads\/2022\/06\/milei-en-cordoba-galeria-de-fotos-y-los-detalles-de-su-plan-motosierra-para-la-economia-23.jpg 679w\" sizes=\"(max-width: 598px) 100vw, 598px\"> <img loading=\"lazy\" class=\"alignnone wp-image-334907\" src=\"http:\/\/nuevacordoba.net\/wp-content\/uploads\/2022\/06\/milei-en-cordoba-galeria-de-fotos-y-los-detalles-de-su-plan-motosierra-para-la-economia-5.jpg\" alt width=\"598\" height=\"337\" srcset=\"http:\/\/nuevacordoba.net\/wp-content\/uploads\/2022\/06\/milei-en-cordoba-galeria-de-fotos-y-los-detalles-de-su-plan-motosierra-para-la-economia-5.jpg 300w, http:\/\/nuevacordoba.net\/wp-content\/uploads\/2022\/06\/milei-en-cordoba-galeria-de-fotos-y-los-detalles-de-su-plan-motosierra-para-la-economia-24.jpg 768w, http:\/\/nuevacordoba.net\/wp-content\/uploads\/2022\/06\/milei-en-cordoba-galeria-de-fotos-y-los-detalles-de-su-plan-motosierra-para-la-economia-25.jpg 750w, http:\/\/nuevacordoba.net\/wp-content\/uploads\/2022\/06\/milei-en-cordoba-galeria-de-fotos-y-los-detalles-de-su-plan-motosierra-para-la-economia-26.jpg 1000w\" sizes=\"(max-width: 598px) 100vw, 598px\"><\/p>\n<p><strong>Ataque a la casta pol\u00edtica. <\/strong>Al retomar la idea de la pol\u00edtica de que \u201cen donde hay una necesidad nace un derecho\u201d, Milei asever\u00f3 que \u201cese derecho alguien lo tiene que pagar\u201d y sostuvo que cada argentino lo paga con \u201cimpuestos\u201d y tambi\u00e9n con la deuda p\u00fablica que es \u201cimpuesto futuro\u201d.<\/p>\n<p>\u201cNo vamos a aceptar deuda porque es inmoral\u201d, sentenci\u00f3 ante el endeudamiento tomado por la casta pol\u00edtica. A esto sum\u00f3 su rechazo a que le den rosca a la maquinita, que luego se traduce en inflaci\u00f3n.<\/p>\n<p>En este punto expuso c\u00f3mo fue el proceso inflacionario desde el primer gobierno kirchnerista hasta nuestros d\u00edas. Aunque no se olvid\u00f3 de mencionar al macrismo (\u201ckirchnerismo de buenos modales\u201d) y su cuota de responsabilidad. Proyect\u00f3 una inflaci\u00f3n m\u00e1s all\u00e1 del 85% para este a\u00f1o.<\/p>\n<p>En clave electoral, Milei llam\u00f3 a ponerle un freno a los privilegios de la casta pol\u00edtica. Asegur\u00f3 que la soluci\u00f3n no est\u00e1 en manos de la casta sino de su espacio la Libertad Avanza que se abre paso de cara al escenario 2023.<\/p>\n<p>Para ello, pidi\u00f3 \u201cinvolucrarse en la pol\u00edtica\u201d para \u201ctransformar la Argentina en serio\u201d. Hizo referencia a \u201cmeterse en el barro de la pol\u00edtica\u201d. As\u00ed le habl\u00f3 a la gente de a pie y a los representantes de sectores productivos y sociales del pa\u00eds. \u201cNo vine a la pol\u00edtica a arriar corderos vine a despertar leones\u201d, acentu\u00f3.<\/p>\n<p><img loading=\"lazy\" class=\"alignnone wp-image-334908\" src=\"http:\/\/nuevacordoba.net\/wp-content\/uploads\/2022\/06\/milei-en-cordoba-galeria-de-fotos-y-los-detalles-de-su-plan-motosierra-para-la-economia-6.jpg\" alt width=\"574\" height=\"606\" srcset=\"http:\/\/nuevacordoba.net\/wp-content\/uploads\/2022\/06\/milei-en-cordoba-galeria-de-fotos-y-los-detalles-de-su-plan-motosierra-para-la-economia-6.jpg 284w, http:\/\/nuevacordoba.net\/wp-content\/uploads\/2022\/06\/milei-en-cordoba-galeria-de-fotos-y-los-detalles-de-su-plan-motosierra-para-la-economia-27.jpg 970w, http:\/\/nuevacordoba.net\/wp-content\/uploads\/2022\/06\/milei-en-cordoba-galeria-de-fotos-y-los-detalles-de-su-plan-motosierra-para-la-economia-28.jpg 768w, http:\/\/nuevacordoba.net\/wp-content\/uploads\/2022\/06\/milei-en-cordoba-galeria-de-fotos-y-los-detalles-de-su-plan-motosierra-para-la-economia-29.jpg 750w, http:\/\/nuevacordoba.net\/wp-content\/uploads\/2022\/06\/milei-en-cordoba-galeria-de-fotos-y-los-detalles-de-su-plan-motosierra-para-la-economia-30.jpg 1000w\" sizes=\"(max-width: 574px) 100vw, 574px\"><\/p>\n<p><img loading=\"lazy\" class=\"alignnone wp-image-334909\" src=\"http:\/\/nuevacordoba.net\/wp-content\/uploads\/2022\/06\/milei-en-cordoba-galeria-de-fotos-y-los-detalles-de-su-plan-motosierra-para-la-economia-7.jpg\" alt width=\"573\" height=\"430\" srcset=\"http:\/\/nuevacordoba.net\/wp-content\/uploads\/2022\/06\/milei-en-cordoba-galeria-de-fotos-y-los-detalles-de-su-plan-motosierra-para-la-economia-7.jpg 300w, http:\/\/nuevacordoba.net\/wp-content\/uploads\/2022\/06\/milei-en-cordoba-galeria-de-fotos-y-los-detalles-de-su-plan-motosierra-para-la-economia-31.jpg 1024w, http:\/\/nuevacordoba.net\/wp-content\/uploads\/2022\/06\/milei-en-cordoba-galeria-de-fotos-y-los-detalles-de-su-plan-motosierra-para-la-economia-32.jpg 768w, http:\/\/nuevacordoba.net\/wp-content\/uploads\/2022\/06\/milei-en-cordoba-galeria-de-fotos-y-los-detalles-de-su-plan-motosierra-para-la-economia-33.jpg 1536w, http:\/\/nuevacordoba.net\/wp-content\/uploads\/2022\/06\/milei-en-cordoba-galeria-de-fotos-y-los-detalles-de-su-plan-motosierra-para-la-economia-34.jpg 750w, http:\/\/nuevacordoba.net\/wp-content\/uploads\/2022\/06\/milei-en-cordoba-galeria-de-fotos-y-los-detalles-de-su-plan-motosierra-para-la-economia-35.jpg 1140w, http:\/\/nuevacordoba.net\/wp-content\/uploads\/2022\/06\/milei-en-cordoba-galeria-de-fotos-y-los-detalles-de-su-plan-motosierra-para-la-economia-36.jpg 2048w\" sizes=\"(max-width: 573px) 100vw, 573px\"> <img loading=\"lazy\" class=\"alignnone wp-image-334910\" src=\"http:\/\/nuevacordoba.net\/wp-content\/uploads\/2022\/06\/milei-en-cordoba-galeria-de-fotos-y-los-detalles-de-su-plan-motosierra-para-la-economia-8.jpg\" alt width=\"572\" height=\"660\" srcset=\"http:\/\/nuevacordoba.net\/wp-content\/uploads\/2022\/06\/milei-en-cordoba-galeria-de-fotos-y-los-detalles-de-su-plan-motosierra-para-la-economia-8.jpg 260w, http:\/\/nuevacordoba.net\/wp-content\/uploads\/2022\/06\/milei-en-cordoba-galeria-de-fotos-y-los-detalles-de-su-plan-motosierra-para-la-economia-37.jpg 889w, http:\/\/nuevacordoba.net\/wp-content\/uploads\/2022\/06\/milei-en-cordoba-galeria-de-fotos-y-los-detalles-de-su-plan-motosierra-para-la-economia-38.jpg 768w, http:\/\/nuevacordoba.net\/wp-content\/uploads\/2022\/06\/milei-en-cordoba-galeria-de-fotos-y-los-detalles-de-su-plan-motosierra-para-la-economia-39.jpg 1333w, http:\/\/nuevacordoba.net\/wp-content\/uploads\/2022\/06\/milei-en-cordoba-galeria-de-fotos-y-los-detalles-de-su-plan-motosierra-para-la-economia-40.jpg 750w, http:\/\/nuevacordoba.net\/wp-content\/uploads\/2022\/06\/milei-en-cordoba-galeria-de-fotos-y-los-detalles-de-su-plan-motosierra-para-la-economia-41.jpg 1140w, http:\/\/nuevacordoba.net\/wp-content\/uploads\/2022\/06\/milei-en-cordoba-galeria-de-fotos-y-los-detalles-de-su-plan-motosierra-para-la-economia-42.jpg 1560w\" sizes=\"(max-width: 572px) 100vw, 572px\"> <img loading=\"lazy\" class=\"alignnone wp-image-334911\" src=\"http:\/\/nuevacordoba.net\/wp-content\/uploads\/2022\/06\/milei-en-cordoba-galeria-de-fotos-y-los-detalles-de-su-plan-motosierra-para-la-economia-9.jpg\" alt width=\"599\" height=\"403\" srcset=\"http:\/\/nuevacordoba.net\/wp-content\/uploads\/2022\/06\/milei-en-cordoba-galeria-de-fotos-y-los-detalles-de-su-plan-motosierra-para-la-economia-9.jpg 300w, http:\/\/nuevacordoba.net\/wp-content\/uploads\/2022\/06\/milei-en-cordoba-galeria-de-fotos-y-los-detalles-de-su-plan-motosierra-para-la-economia-43.jpg 1024w, http:\/\/nuevacordoba.net\/wp-content\/uploads\/2022\/06\/milei-en-cordoba-galeria-de-fotos-y-los-detalles-de-su-plan-motosierra-para-la-economia-44.jpg 768w, http:\/\/nuevacordoba.net\/wp-content\/uploads\/2022\/06\/milei-en-cordoba-galeria-de-fotos-y-los-detalles-de-su-plan-motosierra-para-la-economia-45.jpg 1536w, http:\/\/nuevacordoba.net\/wp-content\/uploads\/2022\/06\/milei-en-cordoba-galeria-de-fotos-y-los-detalles-de-su-plan-motosierra-para-la-economia-46.jpg 750w, http:\/\/nuevacordoba.net\/wp-content\/uploads\/2022\/06\/milei-en-cordoba-galeria-de-fotos-y-los-detalles-de-su-plan-motosierra-para-la-economia-47.jpg 1140w, http:\/\/nuevacordoba.net\/wp-content\/uploads\/2022\/06\/milei-en-cordoba-galeria-de-fotos-y-los-detalles-de-su-plan-motosierra-para-la-economia-48.jpg 2048w\" sizes=\"(max-width: 599px) 100vw, 599px\"><\/p>\n<p><strong>La econom\u00eda. <\/strong>En cuanto a su programa econ\u00f3mico, plante\u00f3 de arranque la reforma del Estado: bajar gasto p\u00fablico, lo que dio en llamar su \u201cplan motosierra\u201d de partidas que defiende la casta pol\u00edtica, y luego bajar impuestos.<\/p>\n<p>A su vez, propuso eliminar la obra p\u00fablica e ir hacia el modelo chileno de iniciativa privada. Tambi\u00e9n alent\u00f3 a poner fin a las transferencias discrecionales de la Naci\u00f3n y \u201ccalibrar\u201d una ecuaci\u00f3n con una regulaci\u00f3n en materia de subsidios econ\u00f3micos. A su plan sum\u00f3 la propuesta de la privatizaci\u00f3n de las empresas p\u00fablicas.<\/p>\n<p>Milei advirti\u00f3 que para abrir la econom\u00eda, no se puede hacer si antes no se avanz\u00f3 en las reformas fiscal y laboral. Si no se sigue la secuencialidad que fija su plan econ\u00f3mico, esto \u201cno termina bien\u201d. Luego, en cuanto a la reforma bancaria, puso el foco en eliminar el Banco Central. Su mayor caballito de batalla.<\/p>\n<p>Las reformas de segunda generaci\u00f3n implican avanzar en una reforma previsional (aunque aclar\u00f3 sin tocar a los jubilados) y un retiro voluntario en el sector p\u00fablico. Las de tercer tipo implican reformar el sistema educativo, salud y seguridad.<\/p>\n<p><img loading=\"lazy\" class=\"alignnone wp-image-334912\" src=\"http:\/\/nuevacordoba.net\/wp-content\/uploads\/2022\/06\/milei-en-cordoba-galeria-de-fotos-y-los-detalles-de-su-plan-motosierra-para-la-economia-10.jpg\" alt width=\"610\" height=\"297\" srcset=\"http:\/\/nuevacordoba.net\/wp-content\/uploads\/2022\/06\/milei-en-cordoba-galeria-de-fotos-y-los-detalles-de-su-plan-motosierra-para-la-economia-10.jpg 300w, http:\/\/nuevacordoba.net\/wp-content\/uploads\/2022\/06\/milei-en-cordoba-galeria-de-fotos-y-los-detalles-de-su-plan-motosierra-para-la-economia-49.jpg 1024w, http:\/\/nuevacordoba.net\/wp-content\/uploads\/2022\/06\/milei-en-cordoba-galeria-de-fotos-y-los-detalles-de-su-plan-motosierra-para-la-economia-50.jpg 768w, http:\/\/nuevacordoba.net\/wp-content\/uploads\/2022\/06\/milei-en-cordoba-galeria-de-fotos-y-los-detalles-de-su-plan-motosierra-para-la-economia-51.jpg 1536w, http:\/\/nuevacordoba.net\/wp-content\/uploads\/2022\/06\/milei-en-cordoba-galeria-de-fotos-y-los-detalles-de-su-plan-motosierra-para-la-economia-52.jpg 750w, http:\/\/nuevacordoba.net\/wp-content\/uploads\/2022\/06\/milei-en-cordoba-galeria-de-fotos-y-los-detalles-de-su-plan-motosierra-para-la-economia-53.jpg 1140w, http:\/\/nuevacordoba.net\/wp-content\/uploads\/2022\/06\/milei-en-cordoba-galeria-de-fotos-y-los-detalles-de-su-plan-motosierra-para-la-economia-54.jpg 2048w\" sizes=\"(max-width: 610px) 100vw, 610px\"><\/p>\n","protected":false},"excerpt":{"rendered":"<p>Por Rodrigo Miranda, especial para Perfil C\u00f3rdoba. Metido de lleno en sus aspiraciones presidenciales, el diputado nacional Javier Milei fue el protagonista central de un acto en C\u00f3rdoba que congreg\u00f3 a dirigentes locales y de provincias vecinas, a los que se sum\u00f3 un grupo de militantes y simpatizantes de Capital, Villa Mar\u00eda, R\u00edo Cuarto, Carlos [&hellip;]<\/p>\n","protected":false},"author":1,"featured_media":21318,"comment_status":"open","ping_status":"closed","sticky":false,"template":"","format":"standard","meta":[],"categories":[12,14],"tags":[],"_links":{"self":[{"href":"http:\/\/nuevacordoba.net\/index.php\/wp-json\/wp\/v2\/posts\/21317"}],"collection":[{"href":"http:\/\/nuevacordoba.net\/index.php\/wp-json\/wp\/v2\/posts"}],"about":[{"href":"http:\/\/nuevacordoba.net\/index.php\/wp-json\/wp\/v2\/types\/post"}],"author":[{"embeddable":true,"href":"http:\/\/nuevacordoba.net\/index.php\/wp-json\/wp\/v2\/users\/1"}],"replies":[{"embeddable":true,"href":"http:\/\/nuevacordoba.net\/index.php\/wp-json\/wp\/v2\/comments?post=21317"}],"version-history":[{"count":0,"href":"http:\/\/nuevacordoba.net\/index.php\/wp-json\/wp\/v2\/posts\/21317\/revisions"}],"wp:featuredmedia":[{"embeddable":true,"href":"http:\/\/nuevacordoba.net\/index.php\/wp-json\/wp\/v2\/media\/21318"}],"wp:attachment":[{"href":"http:\/\/nuevacordoba.net\/index.php\/wp-json\/wp\/v2\/media?parent=21317"}],"wp:term":[{"taxonomy":"category","embeddable":true,"href":"http:\/\/nuevacordoba.net\/index.php\/wp-json\/wp\/v2\/categories?post=21317"},{"taxonomy":"post_tag","embeddable":true,"href":"http:\/\/nuevacordoba.net\/index.php\/wp-json\/wp\/v2\/tags?post=21317"}],"curies":[{"name":"wp","href":"https:\/\/api.w.org\/{rel}","templated":true}]}}