{"id":21330,"date":"2022-06-27T13:00:11","date_gmt":"2022-06-27T13:00:11","guid":{"rendered":"https:\/\/cordoba.gob.ar\/?p=27160"},"modified":"2022-06-27T13:00:11","modified_gmt":"2022-06-27T13:00:11","slug":"se-dieron-inicio-a-los-talleres-y-jornadas-sobre-grooming","status":"publish","type":"post","link":"http:\/\/nuevacordoba.net\/index.php\/2022\/06\/27\/se-dieron-inicio-a-los-talleres-y-jornadas-sobre-grooming\/","title":{"rendered":"Se dieron inicio a los talleres y jornadas sobre grooming"},"content":{"rendered":"<div><img src=\"http:\/\/nuevacordoba.net\/wp-content\/uploads\/2022\/06\/se-dieron-inicio-a-los-talleres-y-jornadas-sobre-grooming.jpg\" class=\"ff-og-image-inserted\"><\/div>\n<ul>\n<li><strong>En el marco del Convenio de Cooperaci\u00f3n entre la Municipalidad de C\u00f3rdoba y la Fundaci\u00f3n Grooming Argentina, se desarrollar\u00e1n 48 talleres y diversos trayectos formativos durante todo el a\u00f1o.<\/strong><\/li>\n<li><strong>La iniciativa apunta a desarrollar distintas acciones para la promoci\u00f3n y prevenci\u00f3n del delito de grooming en diferentes \u00e1mbitos educativos de la ciudad de C\u00f3rdoba.<\/strong><\/li>\n<li><strong>Est\u00e1 destinado a estudiantes de las escuelas primarias municipales, secundarias provinciales cercanas a los CPC y promotoras comunitarias.<\/strong><\/li>\n<\/ul>\n<hr>\n<p>La Municipalidad de C\u00f3rdoba, en el marco del convenio firmado con la fundaci\u00f3n Grooming a trav\u00e9s de la Secretar\u00eda de Educaci\u00f3n, dio lugar al inicio de las jornadas y talleres sobre grooming, un tipo de acoso por parte de los adultos hacia menores que se da a trav\u00e9s de las redes sociales.<\/p>\n<p>A partir de un trabajo articulado entre distintas \u00e1reas de la Municipalidad, se realizar\u00e1n durante este a\u00f1o 48 talleres en total para estudiantes y, a su vez, se est\u00e1n desarrollando trayectos formativos destinados a docentes, supervisores y equipos t\u00e9cnicos municipales para prevenir el delito de grooming en diferentes \u00e1mbitos de la ciudad de C\u00f3rdoba.<\/p>\n<p>La primera jornada para estudiantes y promotoras se llev\u00f3 adelante este 24 de junio en el Parque Educativo Sur y participaron m\u00e1s de 200 ni\u00f1as, ni\u00f1os adolescentes y promotores.<\/p>\n<p>Los talleres se ofrecer\u00e1n durante el resto del a\u00f1o hasta noviembre<\/p>\n<p>En la ocasi\u00f3n, el viceintendente Daniel Passerini afirm\u00f3: <em>\u201cEsta iniciativa de formaci\u00f3n es de importancia porque apunta a fortalecer y ampliar las redes ciudadanas de cuidado y prevenci\u00f3n integral de nuestras ni\u00f1as, ni\u00f1os y adolescentes en la ciudad, objetivo clave de esta gesti\u00f3n del Gobierno que encabeza nuestro intendente Mart\u00edn Llaryora\u201d<\/em>.<\/p>\n<p>Por su parte, el secretario de Educaci\u00f3n Horacio Ferreyra sostuvo: <em>\u201cTodas estas instancias, con la participaci\u00f3n de estudiantes y promotores de nuestra comunidad, son claves para potenciar el cuidado de las infancias y adolescencias. De esta manera, estamos desarrollando espacios comunitarios de aprendizajes, aprendiendo a cuidarnos y, de esta manera, a cuidar. Habla de un Gobierno que busca seguir ofreciendo herramientas\u201d<\/em>.<\/p>\n<p><em>\u201cEs muy importante para nuestra instituci\u00f3n incidir en las pol\u00edticas p\u00fablicas de un municipio tan pujante como es el de C\u00f3rdoba, para que juntos llevemos adelante un trabajo profundo en la prevenci\u00f3n del delito de grooming\u201d<\/em>, expres\u00f3 el presidente de Grooming Argentina, Hern\u00e1n Navarro.<\/p>\n<p>A su vez, estuvieron presentes en el lanzamiento: El director de Programas Educativos y Relaciones Territoriales, Pablo Rodr\u00edguez; el director general de Pol\u00edticas Vecinales. Marcos Roggero; la directora de Fortalecimiento Socioeducativo, Alicia La Terza; la directora de Parques Educativos, Eugenia Rotondi; el subdirector del Parque Educativo Sur, Adri\u00e1n Vitali; la directora del CPC N\u00b0 6 Villa Libertador, Estela Bustos Fierro; los subdirectores del CPC N\u00b0 6 Villa Libertador, Jorge Lorenzo y Marcelo Suarez; la directora de Infancias, Juventudes, Personas Mayores y Familias, Mar\u00eda Eugenia Pomazan; la subdirectora de Infancias, Juventudes y Familias, Gabriela Reyes; el director de Promoci\u00f3n de la Convivencia, Ignacio Fragueiro; el responsable de la Escuela de Convivencia, Pablo S\u00e1nchez Latorre y la doordinadora de Grooming Argentina en la provincia de C\u00f3rdoba, Patricia De Dominici.<\/p>\n","protected":false},"excerpt":{"rendered":"<p>En el marco del Convenio de Cooperaci\u00f3n entre la Municipalidad de C\u00f3rdoba y la Fundaci\u00f3n Grooming Argentina, se desarrollar\u00e1n 48 talleres y diversos trayectos formativos durante todo el a\u00f1o. La iniciativa apunta a desarrollar distintas acciones para la promoci\u00f3n y prevenci\u00f3n del delito de grooming en diferentes \u00e1mbitos educativos de la ciudad de C\u00f3rdoba. Est\u00e1 [&hellip;]<\/p>\n","protected":false},"author":1,"featured_media":21331,"comment_status":"closed","ping_status":"closed","sticky":false,"template":"","format":"standard","meta":[],"categories":[14],"tags":[],"_links":{"self":[{"href":"http:\/\/nuevacordoba.net\/index.php\/wp-json\/wp\/v2\/posts\/21330"}],"collection":[{"href":"http:\/\/nuevacordoba.net\/index.php\/wp-json\/wp\/v2\/posts"}],"about":[{"href":"http:\/\/nuevacordoba.net\/index.php\/wp-json\/wp\/v2\/types\/post"}],"author":[{"embeddable":true,"href":"http:\/\/nuevacordoba.net\/index.php\/wp-json\/wp\/v2\/users\/1"}],"replies":[{"embeddable":true,"href":"http:\/\/nuevacordoba.net\/index.php\/wp-json\/wp\/v2\/comments?post=21330"}],"version-history":[{"count":0,"href":"http:\/\/nuevacordoba.net\/index.php\/wp-json\/wp\/v2\/posts\/21330\/revisions"}],"wp:featuredmedia":[{"embeddable":true,"href":"http:\/\/nuevacordoba.net\/index.php\/wp-json\/wp\/v2\/media\/21331"}],"wp:attachment":[{"href":"http:\/\/nuevacordoba.net\/index.php\/wp-json\/wp\/v2\/media?parent=21330"}],"wp:term":[{"taxonomy":"category","embeddable":true,"href":"http:\/\/nuevacordoba.net\/index.php\/wp-json\/wp\/v2\/categories?post=21330"},{"taxonomy":"post_tag","embeddable":true,"href":"http:\/\/nuevacordoba.net\/index.php\/wp-json\/wp\/v2\/tags?post=21330"}],"curies":[{"name":"wp","href":"https:\/\/api.w.org\/{rel}","templated":true}]}}