{"id":2137,"date":"2021-03-16T20:34:06","date_gmt":"2021-03-16T20:34:06","guid":{"rendered":"http:\/\/cordobanewsnet.wordpress.com\/?p=5131"},"modified":"2021-03-16T20:34:06","modified_gmt":"2021-03-16T20:34:06","slug":"un-violador-sigue-amenazando-a-su-victima-desde-la-carcel","status":"publish","type":"post","link":"http:\/\/nuevacordoba.net\/index.php\/2021\/03\/16\/un-violador-sigue-amenazando-a-su-victima-desde-la-carcel\/","title":{"rendered":"Un violador sigue amenazando a su v\u00edctima desde la c\u00e1rcel"},"content":{"rendered":"<p><!-- \/featured-media --> <\/p>\n<div class=\"post-content clear\" readability=\"55.33910306845\">\n<p><strong>Nicol\u00e1s Sebasti\u00e1n Mur\u00faa (43) qued\u00f3 detenido&nbsp;<\/strong>en la Unidad de Contenci\u00f3n del Aprehendido (UCA) el pasado 12 de marzo. Es investigado por&nbsp;<strong>abuso sexual con acceso carnal y por amenazas&nbsp;<\/strong>a trav\u00e9s de las redes sociales.<\/p>\n<p>La v\u00edctima es su hija&nbsp;Nayla Janet Far\u00edas (18) que decidi\u00f3 hacer p\u00fablico su caso y contar su historia. El hombre&nbsp;comenz\u00f3 a abusar de ella cuando ten\u00eda 13 a\u00f1os. Reci\u00e9n tres a\u00f1os despu\u00e9s, sea anim\u00f3 a denunciarlo. pero en febrero de este a\u00f1o volvi\u00f3 a aparecer a su vida y ya no vive tranquila, ni siquiera ahora que est\u00e1 preso.<\/p>\n<p><strong>Desde adentro de la c\u00e1rcel, el hombre volvi\u00f3 a amenazarla de muerte a ella y a su mam\u00e1<\/strong>, quien tambi\u00e9n sufr\u00eda violencia de g\u00e9nero. Los mensajes los sigue recibiendo a trav\u00e9s de Facebook Messenger, cuenta que ya no est\u00e1 disponible.&nbsp;<\/p>\n<p><em><strong>&nbsp;<\/strong><\/em>El domingo a las 14:30 le escribi\u00f3 por esa v\u00eda y le advirti\u00f3:&nbsp;<em>\u201c<strong>Estar\u00e9 encerrado pero tengo conocidos afuera y lo sab\u00e9s muy bien<\/strong>. Ahora estoy dispuesto a todo. Me hartaron, se piensan que porque est\u00e9 ac\u00e1 (por la c\u00e1rcel) me van a frenar. Es tan equivocadas las dos, ya van a ver de lo que soy capaz.&nbsp;<strong>Las voy a matar, total no tengo nada que perder. Pronto se van a acordar de mi<\/strong>\u201c<\/em>.&nbsp;<\/p>\n<div id=\"jp-post-flair\" class=\"sharedaddy sd-like-enabled sd-sharing-enabled\">\n<div class=\"sharedaddy sd-sharing-enabled\">\n<div class=\"robots-nocontent sd-block sd-social sd-social-icon-text sd-sharing\">\n<h3 class=\"sd-title\">Share this:<\/h3>\n<\/div>\n<\/div>\n<div class=\"sharedaddy sd-block sd-like jetpack-likes-widget-wrapper jetpack-likes-widget-unloaded\" id=\"like-post-wrapper-143108178-5131-6051af8b60e93\" data-src=\"\/\/widgets.wp.com\/likes\/index.html?ver=20210317#blog_id=143108178&amp;post_id=5131&amp;origin=cordobanewsnet.wordpress.com&amp;obj_id=143108178-5131-6051af8b60e93\" data-name=\"like-post-frame-143108178-5131-6051af8b60e93\">\n<h3 class=\"sd-title\">Me gusta esto:<\/h3>\n<p><span class=\"button\"><span>Me gusta<\/span><\/span> <span class=\"loading\">Cargando&#8230;<\/span><\/p>\n<p><span class=\"sd-text-color\"><\/span><\/div>\n<p><h3 class=\"jp-relatedposts-headline\"><em>Relacionado<\/em><\/h3>\n<\/p>\n<\/div><\/div>\n<p><!--\/.post-content--> <\/p>\n<footer class=\"post-meta-container clear\" readability=\"0.38372093023256\">\n<div class=\"entry-author author-avatar-show\" readability=\"13.114754098361\">\n<div class=\"author-avatar\"> <img loading=\"lazy\" alt src=\"http:\/\/nuevacordoba.net\/wp-content\/uploads\/2021\/03\/un-violador-sigue-amenazando-a-su-victima-desde-la-carcel.png\" class=\"avatar avatar-90\" height=\"90\" width=\"90\"> <\/div>\n<p><!-- .author-avatar --> <\/p>\n<p><h2 class=\"author-title\">Publicado por <span class=\"author-name\">Redacci\u00f3n<\/span><\/h2>\n<\/p>\n<p><!-- .author-heading --> <\/p>\n<p class=\"author-bio\"> <a class=\"author-link\" href=\"https:\/\/cordobanewsnet.wordpress.com\/author\/prettomatias\/\" rel=\"author\"> Ver todas las entradas de Redacci\u00f3n <\/a> <\/p>\n<p><!-- .author-bio --> <\/div>\n<p><!-- .entry-auhtor --> <\/footer>\n<p> <!-- \/post-meta-container --> <!-- #respond --> <\/p>\n","protected":false},"excerpt":{"rendered":"<p>Nicol\u00e1s Sebasti\u00e1n Mur\u00faa (43) qued\u00f3 detenido&nbsp;en la Unidad de Contenci\u00f3n del Aprehendido (UCA) el pasado 12 de marzo. Es investigado por&nbsp;abuso sexual con acceso carnal y por amenazas&nbsp;a trav\u00e9s de las redes sociales. La v\u00edctima es su hija&nbsp;Nayla Janet Far\u00edas (18) que decidi\u00f3 hacer p\u00fablico su caso y contar su historia. El hombre&nbsp;comenz\u00f3 a abusar [&hellip;]<\/p>\n","protected":false},"author":1,"featured_media":2138,"comment_status":"closed","ping_status":"closed","sticky":false,"template":"","format":"standard","meta":[],"categories":[14],"tags":[],"_links":{"self":[{"href":"http:\/\/nuevacordoba.net\/index.php\/wp-json\/wp\/v2\/posts\/2137"}],"collection":[{"href":"http:\/\/nuevacordoba.net\/index.php\/wp-json\/wp\/v2\/posts"}],"about":[{"href":"http:\/\/nuevacordoba.net\/index.php\/wp-json\/wp\/v2\/types\/post"}],"author":[{"embeddable":true,"href":"http:\/\/nuevacordoba.net\/index.php\/wp-json\/wp\/v2\/users\/1"}],"replies":[{"embeddable":true,"href":"http:\/\/nuevacordoba.net\/index.php\/wp-json\/wp\/v2\/comments?post=2137"}],"version-history":[{"count":0,"href":"http:\/\/nuevacordoba.net\/index.php\/wp-json\/wp\/v2\/posts\/2137\/revisions"}],"wp:featuredmedia":[{"embeddable":true,"href":"http:\/\/nuevacordoba.net\/index.php\/wp-json\/wp\/v2\/media\/2138"}],"wp:attachment":[{"href":"http:\/\/nuevacordoba.net\/index.php\/wp-json\/wp\/v2\/media?parent=2137"}],"wp:term":[{"taxonomy":"category","embeddable":true,"href":"http:\/\/nuevacordoba.net\/index.php\/wp-json\/wp\/v2\/categories?post=2137"},{"taxonomy":"post_tag","embeddable":true,"href":"http:\/\/nuevacordoba.net\/index.php\/wp-json\/wp\/v2\/tags?post=2137"}],"curies":[{"name":"wp","href":"https:\/\/api.w.org\/{rel}","templated":true}]}}