{"id":2139,"date":"2021-03-17T12:35:56","date_gmt":"2021-03-17T12:35:56","guid":{"rendered":"http:\/\/nuevacordoba.net\/index.php\/2021\/03\/17\/emiten-la-ultima-parte-del-documental-del-inamu-sobre-la-relacion-entre-musica-y-cine\/"},"modified":"2021-03-17T12:35:56","modified_gmt":"2021-03-17T12:35:56","slug":"emiten-la-ultima-parte-del-documental-del-inamu-sobre-la-relacion-entre-musica-y-cine","status":"publish","type":"post","link":"http:\/\/nuevacordoba.net\/index.php\/2021\/03\/17\/emiten-la-ultima-parte-del-documental-del-inamu-sobre-la-relacion-entre-musica-y-cine\/","title":{"rendered":"Emiten la \u00faltima parte del documental del Inamu sobre la relaci\u00f3n entre m\u00fasica y cine"},"content":{"rendered":"<div class=\"image\" id=\"image\" readability=\"9\"> <img src=\"http:\/\/nuevacordoba.net\/wp-content\/uploads\/2021\/03\/emiten-la-ultima-parte-del-documental-del-inamu-sobre-la-relacion-entre-musica-y-cine.jpg\" alt=\"Rememora los grandes momentos musicales en la historia del cine argentino, extra\u00eddos de m\u00e1s de 120 pel\u00edculas.\" title=\"Rememora los grandes momentos musicales en la historia del cine argentino, extra\u00eddos de m\u00e1s de 120 pel\u00edculas.\"><\/p>\n<p>Rememora los grandes momentos musicales en la historia del cine argentino, extra\u00eddos de m\u00e1s de 120 pel\u00edculas.<\/p>\n<\/div>\n<p>&nbsp;<\/p>\n<p>La <strong>TV P\u00fablica emitir\u00e1 el pr\u00f3ximo s\u00e1bado desde las 21, la cuarta y \u00faltima entrega del \u00abEl Cine a trav\u00e9s de la M\u00fasica\u00bb<\/strong>, una producci\u00f3n del Instituto Nacional de la M\u00fasica (Inamu) dirigida por Emilio Cartoy D\u00edaz, que repasa la relaci\u00f3n entre ambas disciplinas.<\/p>\n<p>El documental rememora los grandes <strong>momentos musicales en la historia del cine argentino, extra\u00eddos de m\u00e1s de 120 pel\u00edculas<\/strong>, acompa\u00f1ados por el testimonio de compositores y directores.<\/p>\n<p>Entre ellos, aparecen Pino Solanas, Luis Puenzo, Litto Nebbia, Lito Vitale, Lita Stantic, Lorena Mu\u00f1oz, Leo Sujatovich, Carlos Galettini, Federico Jusid, Alejandro Lerner, Gustavo Santaolalla y Jos\u00e9 Mart\u00ednez Su\u00e1rez, en una de sus \u00faltimas entrevistas.<\/p>\n<p>\u00abJuan Moreira\u00bb, \u00abLa historia oficial\u00bb, \u00abEl exilio de Gardel\u00bb, \u00abEl Club del Clan\u00bb, \u00abOrquesta de se\u00f1oritas\u00bb, \u00abEl secreto de sus ojos\u00bb, \u00abMundo Alas\u00bb, \u00abPizza, birra y faso\u00bb y \u00abTiempo de revancha\u00bb, entre tantos, son algunos de los recordados t\u00edtulos que sirven de ejemplo en el documental sobre la estrecha relaci\u00f3n entre las im\u00e1genes y sus respectivas bandas sonoras.<\/p>\n<p>El filme fue <strong>estrenado en noviembre de 2019 en el Festival Internacional de Cine de Mar del Plata<\/strong>, aunque lo que se muestra en estos cuatro cap\u00edtulos emitidos cada s\u00e1bado, desde el 6 de febrero, es una versi\u00f3n ampliada y actualizada.<\/p>\n","protected":false},"excerpt":{"rendered":"<p>Rememora los grandes momentos musicales en la historia del cine argentino, extra\u00eddos de m\u00e1s de 120 pel\u00edculas. &nbsp; La TV P\u00fablica emitir\u00e1 el pr\u00f3ximo s\u00e1bado desde las 21, la cuarta y \u00faltima entrega del \u00abEl Cine a trav\u00e9s de la M\u00fasica\u00bb, una producci\u00f3n del Instituto Nacional de la M\u00fasica (Inamu) dirigida por Emilio Cartoy D\u00edaz, [&hellip;]<\/p>\n","protected":false},"author":1,"featured_media":2140,"comment_status":"closed","ping_status":"closed","sticky":false,"template":"","format":"standard","meta":[],"categories":[9],"tags":[],"_links":{"self":[{"href":"http:\/\/nuevacordoba.net\/index.php\/wp-json\/wp\/v2\/posts\/2139"}],"collection":[{"href":"http:\/\/nuevacordoba.net\/index.php\/wp-json\/wp\/v2\/posts"}],"about":[{"href":"http:\/\/nuevacordoba.net\/index.php\/wp-json\/wp\/v2\/types\/post"}],"author":[{"embeddable":true,"href":"http:\/\/nuevacordoba.net\/index.php\/wp-json\/wp\/v2\/users\/1"}],"replies":[{"embeddable":true,"href":"http:\/\/nuevacordoba.net\/index.php\/wp-json\/wp\/v2\/comments?post=2139"}],"version-history":[{"count":0,"href":"http:\/\/nuevacordoba.net\/index.php\/wp-json\/wp\/v2\/posts\/2139\/revisions"}],"wp:featuredmedia":[{"embeddable":true,"href":"http:\/\/nuevacordoba.net\/index.php\/wp-json\/wp\/v2\/media\/2140"}],"wp:attachment":[{"href":"http:\/\/nuevacordoba.net\/index.php\/wp-json\/wp\/v2\/media?parent=2139"}],"wp:term":[{"taxonomy":"category","embeddable":true,"href":"http:\/\/nuevacordoba.net\/index.php\/wp-json\/wp\/v2\/categories?post=2139"},{"taxonomy":"post_tag","embeddable":true,"href":"http:\/\/nuevacordoba.net\/index.php\/wp-json\/wp\/v2\/tags?post=2139"}],"curies":[{"name":"wp","href":"https:\/\/api.w.org\/{rel}","templated":true}]}}