{"id":2141,"date":"2021-03-17T12:18:21","date_gmt":"2021-03-17T12:18:21","guid":{"rendered":"https:\/\/es.digitaltrends.com\/?p=797069"},"modified":"2021-03-17T12:18:21","modified_gmt":"2021-03-17T12:18:21","slug":"samsung-mantiene-vivo-al-galaxy-note-pero-podria-retrasarlo","status":"publish","type":"post","link":"http:\/\/nuevacordoba.net\/index.php\/2021\/03\/17\/samsung-mantiene-vivo-al-galaxy-note-pero-podria-retrasarlo\/","title":{"rendered":"Samsung mantiene vivo al Galaxy Note, pero podr\u00eda retrasarlo"},"content":{"rendered":"<p>El fabricante surcoreano Samsung mantendr\u00e1 con vida su emblem\u00e1tica serie <a href=\"https:\/\/es.digitaltrends.com\/celular\/samsung-galaxy-s21-ultra-vs-samsung-galaxy-note-20-ultra\/\">Galaxy Note<\/a>, aunque lo m\u00e1s probable es que no est\u00e9 disponible en 2021.<\/p>\n<p>La compa\u00f1\u00eda resolvi\u00f3 postergar para 2022 el estreno de la pr\u00f3xima generaci\u00f3n de su gama insignia, seg\u00fan diferentes reportes (<a href=\"https:\/\/www.bloomberg.com\/news\/articles\/2021-03-17\/samsung-warns-of-serious-imbalance-in-the-chips-industry\"><em>Bloomberg<\/em><\/a>, <a href=\"https:\/\/m.ddaily.co.kr\/m\/m_article\/?no=210823\"><em>Digital Daily<\/em><\/a>).<\/p>\n<p>Los reportes citan declaraciones del jefe de dispositivos m\u00f3viles DJ Koh en una junta de accionistas en Corea del Sur, donde advirti\u00f3 de las dificultades que enfrenta la compa\u00f1\u00eda para presentar dos dispositivos insignias en un a\u00f1o.<\/p>\n<p>\u201c[La] serie Note es un modelo de alta gama en nuestra cartera de negocios. Podr\u00eda ser una carga presentar dos modelos insignia en un a\u00f1o, por lo que podr\u00eda ser dif\u00edcil lanzar [un] modelo Note en el segundo semestre\u201d, dijo DJ Koh.<\/p>\n<p>La serie Note sol\u00eda ser lanzada en el segundo semestre de cada a\u00f1o, pero el ejecutivo advirti\u00f3 que \u201cel momento del lanzamiento del modelo Note se puede cambiar\u201d.&nbsp; De cualquier manera, precis\u00f3 que el objetivo es \u201clanzar un modelo de Note el pr\u00f3ximo a\u00f1o\u201d.<\/p>\n<p>Los rumores sobre la posibilidad de que Samsung <a href=\"https:\/\/es.digitaltrends.com\/guias\/los-celulares-mas-esperados\/\">descontinuara la l\u00ednea Note<\/a> de forma permanente tomaron fuerza despu\u00e9s del lanzamiento del <a href=\"https:\/\/es.digitaltrends.com\/celular\/video-review-samsung-galaxy-s21-ultra\/\">Galaxy S21 Ultra<\/a>, en enero de 2021.<\/p>\n<figure class=\"aligncenter\"><img src=\"http:\/\/nuevacordoba.net\/wp-content\/uploads\/2021\/03\/samsung-mantiene-vivo-al-galaxy-note-pero-podria-retrasarlo.gif\" data-dt-lazy-src=\"https:\/\/img.dtcn.com\/image\/digitaltrends_es\/galaxy-note-01-720x720.jpg\" onerror=\"dti_load_error(this)\" class=\"size-large wp-image-781373 dt-lazy-load dt-lazy-pending\" alt=\"Galaxy Note\"><\/figure>\n<p>El actual buque insignia de Samsung cuenta con soporte para el l\u00e1piz \u00f3ptico S Pen, una caracter\u00edstica que en el pasado estaba reservado para la serie Galaxy Note.<\/p>\n<p>Con el retraso de la serie Note, la compa\u00f1\u00eda tambi\u00e9n buscar\u00eda darle al Galaxy S21 Ultra la oportunidad de aumentar sus ventas.<\/p>\n<h2>Crisis de semiconductores<\/h2>\n<p>Otro de los problemas que enfrenta Samsung es la crisis de semiconductores, que tambi\u00e9n podr\u00eda haber pesado en la decisi\u00f3n de Samsung.<\/p>\n<p>\u201cEl desequilibrio entre el suministro de piezas y la demanda en el lado de la tecnolog\u00eda de la informaci\u00f3n es grave\u201d, afirm\u00f3 Koh.<\/p>\n<h4 class=\"h-editors-recs-title\"> Recomendaciones del editor\t<\/h4>\n<p> <span id=\"publisher-md\" itemprop=\"publisher\" itemscope itemtype=\"https:\/\/schema.org\/Organization\"> <span itemprop=\"url\" itemtype=\"https:\/\/schema.org\/Url\" content=\"https:\/\/es.digitaltrends.com\"> <span itemprop=\"logo\" itemscope itemtype=\"https:\/\/schema.org\/ImageObject\"> <meta itemprop=\"url\" content=\"https:\/\/cdn.dtcn.com\/dt\/dt-logo-small.png\"> <meta itemprop=\"width\" content=\"0\"> <meta itemprop=\"height\" content=\"0\"> <\/span> <meta itemprop=\"name\" content=\"Digital Trends Espa\u00f1ol\"> <\/span> <span itemprop=\"image\" itemscope itemtype=\"https:\/\/schema.org\/ImageObject\"> <meta itemprop=\"url\" content=\"https:\/\/img.dtcn.com\/image\/digitaltrends_es\/galaxy-note-01.jpg\"> <\/span> <\/span><\/p>\n","protected":false},"excerpt":{"rendered":"<p>El fabricante surcoreano Samsung mantendr\u00e1 con vida su emblem\u00e1tica serie Galaxy Note, aunque lo m\u00e1s probable es que no est\u00e9 disponible en 2021. La compa\u00f1\u00eda resolvi\u00f3 postergar para 2022 el estreno de la pr\u00f3xima generaci\u00f3n de su gama insignia, seg\u00fan diferentes reportes (Bloomberg, Digital Daily). Los reportes citan declaraciones del jefe de dispositivos m\u00f3viles DJ [&hellip;]<\/p>\n","protected":false},"author":1,"featured_media":2142,"comment_status":"closed","ping_status":"closed","sticky":false,"template":"","format":"standard","meta":[],"categories":[15],"tags":[],"_links":{"self":[{"href":"http:\/\/nuevacordoba.net\/index.php\/wp-json\/wp\/v2\/posts\/2141"}],"collection":[{"href":"http:\/\/nuevacordoba.net\/index.php\/wp-json\/wp\/v2\/posts"}],"about":[{"href":"http:\/\/nuevacordoba.net\/index.php\/wp-json\/wp\/v2\/types\/post"}],"author":[{"embeddable":true,"href":"http:\/\/nuevacordoba.net\/index.php\/wp-json\/wp\/v2\/users\/1"}],"replies":[{"embeddable":true,"href":"http:\/\/nuevacordoba.net\/index.php\/wp-json\/wp\/v2\/comments?post=2141"}],"version-history":[{"count":0,"href":"http:\/\/nuevacordoba.net\/index.php\/wp-json\/wp\/v2\/posts\/2141\/revisions"}],"wp:featuredmedia":[{"embeddable":true,"href":"http:\/\/nuevacordoba.net\/index.php\/wp-json\/wp\/v2\/media\/2142"}],"wp:attachment":[{"href":"http:\/\/nuevacordoba.net\/index.php\/wp-json\/wp\/v2\/media?parent=2141"}],"wp:term":[{"taxonomy":"category","embeddable":true,"href":"http:\/\/nuevacordoba.net\/index.php\/wp-json\/wp\/v2\/categories?post=2141"},{"taxonomy":"post_tag","embeddable":true,"href":"http:\/\/nuevacordoba.net\/index.php\/wp-json\/wp\/v2\/tags?post=2141"}],"curies":[{"name":"wp","href":"https:\/\/api.w.org\/{rel}","templated":true}]}}