{"id":2145,"date":"2021-03-17T18:46:15","date_gmt":"2021-03-17T18:46:15","guid":{"rendered":"http:\/\/nuevacordoba.net\/index.php\/2021\/03\/17\/la-liga-de-belgica-se-fusionara-con-la-de-paises-bajos\/"},"modified":"2021-03-17T18:46:15","modified_gmt":"2021-03-17T18:46:15","slug":"la-liga-de-belgica-se-fusionara-con-la-de-paises-bajos","status":"publish","type":"post","link":"http:\/\/nuevacordoba.net\/index.php\/2021\/03\/17\/la-liga-de-belgica-se-fusionara-con-la-de-paises-bajos\/","title":{"rendered":"La liga de B\u00e9lgica se fusionar\u00e1 con la de Pa\u00edses Bajos"},"content":{"rendered":"<div class=\"image\" id=\"image\" readability=\"7\"> <img src=\"http:\/\/nuevacordoba.net\/wp-content\/uploads\/2021\/03\/la-liga-de-belgica-se-fusionara-con-la-de-paises-bajos.jpg\" alt=\"La asamblea general de la Pro League belga respald\u00f3 sin fisuras la idea. \" title=\"La asamblea general de la Pro League belga respald\u00f3 sin fisuras la idea. \"><\/p>\n<p>La asamblea general de la Pro League belga respald\u00f3 sin fisuras la idea. <\/p>\n<\/div>\n<p>La Liga de f\u00fatbol de B\u00e9lgica aprob\u00f3 por unanimidad el proyecto para fusionarse con la de los Pa\u00edses Bajos para dar nacimiento a la BeNeLeague, que unificar\u00eda los dos torneos, aunque falta todav\u00eda la aprobaci\u00f3n de la contraparte.<\/p>\n<p>La asamblea general de la Pro League belga respald\u00f3 sin fisuras la idea, con el voto de los 25 clubes que la integran, con el objetivo de dar un salto de calidad que permita desarrollar el f\u00fatbol profesional y asegurar la estabilidad econ\u00f3mica.<\/p>\n<p>Una liga unificada, explican los impulsores del proyecto que permitir\u00eda medirse en un mismo torneo al Anderlecht y al Brujas con Ajax y Feyenoord, entre otros, resultar\u00eda mucho m\u00e1s atractiva y elevar\u00eda los ingresos, incluso por derechos de transmisi\u00f3n.<\/p>\n<p><strong>Seg\u00fan afirman, la fusi\u00f3n permitir\u00eda el ingreso de entre 300 y 400 millones de euros adicionales, que no s\u00f3lo beneficiar\u00edan a los clubes involucrados sino a todo el movimiento futbol\u00edstico de B\u00e9lgica y de Pa\u00edses Bajos<\/strong>, inform\u00f3 la agencia italiana ANSA.<\/p>\n<p>Para que la idea se concrete habr\u00e1 que esperar el voto de los clubes que integran la Liga holandesa o Eredivisie.<\/p>\n<p>En la primera divisi\u00f3n de B\u00e9lgica juegan los argentinos Mat\u00edas Silvestre (Royal Mouscron) y Facundo Colidio (Sint Truidense).<\/p>\n<p><strong>Sin llegar a la idea de fusi\u00f3n, hace algunos a\u00f1os se especul\u00f3 con la posibilidad de que los dos equipos m\u00e1s grandes de Uruguay, Pe\u00f1arol y Nacional, jugaran el torneo argentino.<\/strong> <\/p>\n","protected":false},"excerpt":{"rendered":"<p>La asamblea general de la Pro League belga respald\u00f3 sin fisuras la idea. La Liga de f\u00fatbol de B\u00e9lgica aprob\u00f3 por unanimidad el proyecto para fusionarse con la de los Pa\u00edses Bajos para dar nacimiento a la BeNeLeague, que unificar\u00eda los dos torneos, aunque falta todav\u00eda la aprobaci\u00f3n de la contraparte. La asamblea general de [&hellip;]<\/p>\n","protected":false},"author":1,"featured_media":2146,"comment_status":"closed","ping_status":"closed","sticky":false,"template":"","format":"standard","meta":[],"categories":[10],"tags":[],"_links":{"self":[{"href":"http:\/\/nuevacordoba.net\/index.php\/wp-json\/wp\/v2\/posts\/2145"}],"collection":[{"href":"http:\/\/nuevacordoba.net\/index.php\/wp-json\/wp\/v2\/posts"}],"about":[{"href":"http:\/\/nuevacordoba.net\/index.php\/wp-json\/wp\/v2\/types\/post"}],"author":[{"embeddable":true,"href":"http:\/\/nuevacordoba.net\/index.php\/wp-json\/wp\/v2\/users\/1"}],"replies":[{"embeddable":true,"href":"http:\/\/nuevacordoba.net\/index.php\/wp-json\/wp\/v2\/comments?post=2145"}],"version-history":[{"count":0,"href":"http:\/\/nuevacordoba.net\/index.php\/wp-json\/wp\/v2\/posts\/2145\/revisions"}],"wp:featuredmedia":[{"embeddable":true,"href":"http:\/\/nuevacordoba.net\/index.php\/wp-json\/wp\/v2\/media\/2146"}],"wp:attachment":[{"href":"http:\/\/nuevacordoba.net\/index.php\/wp-json\/wp\/v2\/media?parent=2145"}],"wp:term":[{"taxonomy":"category","embeddable":true,"href":"http:\/\/nuevacordoba.net\/index.php\/wp-json\/wp\/v2\/categories?post=2145"},{"taxonomy":"post_tag","embeddable":true,"href":"http:\/\/nuevacordoba.net\/index.php\/wp-json\/wp\/v2\/tags?post=2145"}],"curies":[{"name":"wp","href":"https:\/\/api.w.org\/{rel}","templated":true}]}}