{"id":21525,"date":"2022-07-01T18:27:28","date_gmt":"2022-07-01T18:27:28","guid":{"rendered":"https:\/\/puntoapunto.com.ar\/?p=335149"},"modified":"2022-07-01T18:27:28","modified_gmt":"2022-07-01T18:27:28","slug":"como-se-movieron-las-ventas-minoristas-en-junio","status":"publish","type":"post","link":"http:\/\/nuevacordoba.net\/index.php\/2022\/07\/01\/como-se-movieron-las-ventas-minoristas-en-junio\/","title":{"rendered":"C\u00f3mo se movieron las ventas minoristas en junio"},"content":{"rendered":"<p>Las ventas minoristas de los comercios pymes de la provincia de C\u00f3rdoba finalizaron el mes de junio con una <strong>ca\u00edda de 0,7%<\/strong> frente a igual mes del a\u00f1o anterior, de acuerdo con los datos relevados por la Federaci\u00f3n Comercial de C\u00f3rdoba (Fedecom), y sus C\u00e1maras y Centros Comerciales adheridos.<\/p>\n<div class=\"g g-34\">\n<div class=\"g-single a-29\"><a class=\"gofollow\" data-track=\"MjksMzQsMSw2MA==\" href=\"https:\/\/www.harmoniechateau.com.ar\/\" target=\"_blank\" rel=\"noopener\"><img src=\"http:\/\/nuevacordoba.net\/wp-content\/uploads\/2022\/07\/como-se-movieron-las-ventas-minoristas-en-junio.gif\"><\/a><\/div>\n<\/div>\n<p>De esta forma, el relativo buen desempe\u00f1o que se registr\u00f3 en la comercializaci\u00f3n de los rubros relacionados con la celebraci\u00f3n del pasado D\u00eda del Padre, <strong>no fue suficiente <\/strong><strong>para revertir el resultado negativo del mes.<\/strong><\/p>\n<p>\u201cPuede observarse el crecimiento de algunos rubros, sobre todo de aquellos que tuvieron un rol importante para el D\u00eda del Padre, pero tambi\u00e9n la ca\u00edda significativa de otros que, como \u2018Neum\u00e1ticos y repuestos de autos y motos\u2019, empiezan a sentir el efecto de las restricciones en las importaciones, generando problemas de abastecimiento y faltante de piezas\u201d, explic\u00f3 Ezequiel Cerezo, presidente de Fedecom.<\/p>\n<p>Al mismo tiempo, se\u00f1al\u00f3 el efecto que la <strong>suba incesante de los precios<\/strong> (incluso por encima de la media de la inflaci\u00f3n) genera en las ventas de \u2018<strong>Alimentos y bebidas no <\/strong><strong>alcoh\u00f3licas<\/strong>\u2019, rubro que mostr\u00f3 en junio una <strong>ca\u00edda en sus ventas de 3,2%<\/strong> en relaci\u00f3n a igual mes del a\u00f1o anterior.<\/p>\n<p>Los 11 rubros relevados por la entidad, en la comparaci\u00f3n interanual respecto a las cantidades vendidas, exhibieron los siguientes valores:<\/p>\n<p>Alimentos y bebidas (-3,2%);<\/p>\n<p>Art\u00edculos deportivos y de recreaci\u00f3n (2,5%);<\/p>\n<p>Calzados y marroquiner\u00eda (1,7%);<\/p>\n<p>Electrodom\u00e9sticos y art\u00edculos electr\u00f3nicos (-2%);<\/p>\n<p>Farmacia (4,3%);<\/p>\n<p>Ferreter\u00eda, materiales el\u00e9ctricos y materiales para la construcci\u00f3n (1,9%);<\/p>\n<p>Indumentaria (1,2%);<\/p>\n<p>Jugueter\u00eda y librer\u00edas (-1,5%);<\/p>\n<p>Muebles y decoraci\u00f3n (-3,9%);<\/p>\n<p>Neum\u00e1ticos y repuestos (-3,4%);<\/p>\n<p>Perfumer\u00eda y cosm\u00e9tica 4,5%.<\/p>\n<p>En lo referido a formas de pago, <strong>el 76% de las transacciones que se concretaron <\/strong><strong>durante el mes de junio se realizaron con tarjeta de cr\u00e9dito<\/strong>, mientras que el 24% restante se hizo al contado.<\/p>\n","protected":false},"excerpt":{"rendered":"<p>Las ventas minoristas de los comercios pymes de la provincia de C\u00f3rdoba finalizaron el mes de junio con una ca\u00edda de 0,7% frente a igual mes del a\u00f1o anterior, de acuerdo con los datos relevados por la Federaci\u00f3n Comercial de C\u00f3rdoba (Fedecom), y sus C\u00e1maras y Centros Comerciales adheridos. De esta forma, el relativo buen [&hellip;]<\/p>\n","protected":false},"author":1,"featured_media":21526,"comment_status":"open","ping_status":"closed","sticky":false,"template":"","format":"standard","meta":[],"categories":[14],"tags":[],"_links":{"self":[{"href":"http:\/\/nuevacordoba.net\/index.php\/wp-json\/wp\/v2\/posts\/21525"}],"collection":[{"href":"http:\/\/nuevacordoba.net\/index.php\/wp-json\/wp\/v2\/posts"}],"about":[{"href":"http:\/\/nuevacordoba.net\/index.php\/wp-json\/wp\/v2\/types\/post"}],"author":[{"embeddable":true,"href":"http:\/\/nuevacordoba.net\/index.php\/wp-json\/wp\/v2\/users\/1"}],"replies":[{"embeddable":true,"href":"http:\/\/nuevacordoba.net\/index.php\/wp-json\/wp\/v2\/comments?post=21525"}],"version-history":[{"count":0,"href":"http:\/\/nuevacordoba.net\/index.php\/wp-json\/wp\/v2\/posts\/21525\/revisions"}],"wp:featuredmedia":[{"embeddable":true,"href":"http:\/\/nuevacordoba.net\/index.php\/wp-json\/wp\/v2\/media\/21526"}],"wp:attachment":[{"href":"http:\/\/nuevacordoba.net\/index.php\/wp-json\/wp\/v2\/media?parent=21525"}],"wp:term":[{"taxonomy":"category","embeddable":true,"href":"http:\/\/nuevacordoba.net\/index.php\/wp-json\/wp\/v2\/categories?post=21525"},{"taxonomy":"post_tag","embeddable":true,"href":"http:\/\/nuevacordoba.net\/index.php\/wp-json\/wp\/v2\/tags?post=21525"}],"curies":[{"name":"wp","href":"https:\/\/api.w.org\/{rel}","templated":true}]}}